{"id":821411,"date":"2025-08-19T19:48:50","date_gmt":"2025-08-19T15:48:50","guid":{"rendered":"https:\/\/arantv.az\/?p=821411"},"modified":"2025-08-19T19:48:50","modified_gmt":"2025-08-19T15:48:50","slug":"btq-kanak-xalqinin-g%c9%99l%c9%99c%c9%99yi-saxta-razilasma-il%c9%99-deyil-yalniz-tam-must%c9%99qillikl%c9%99-t%c9%99min-olunmalidir","status":"publish","type":"post","link":"https:\/\/arantv.az\/?p=821411","title":{"rendered":"BTQ: Kanak xalq\u0131n\u0131n g\u0259l\u0259c\u0259yi saxta raz\u0131la\u015fma il\u0259 deyil, yaln\u0131z tam m\u00fcst\u0259qillikl\u0259 t\u0259min olunmal\u0131d\u0131r"},"content":{"rendered":"<div class=\"text-content\" data-id=\"\" data-url=\"\">\n<p><strong>Kanakinin m\u00fcst\u0259qillik h\u0259r\u0259katlar\u0131n\u0131n n\u00fcmay\u0259nd\u0259l\u0259ri il\u0259 Fransa h\u00f6kum\u0259ti aras\u0131nda imzalanm\u0131\u015f Bujival raz\u0131la\u015fmas\u0131 Yeni Kaledoniyan\u0131 m\u00fcst\u0259ml\u0259k\u0259 \u0259sar\u0259tind\u0259 alt\u0131nda saxlamaq xarakteri da\u015f\u0131y\u0131r v\u0259 kanak xalq\u0131n\u0131n m\u00fcst\u0259qillik m\u00fcbariz\u0259sinin prinsipl\u0259rin\u0259 ziddir.<\/strong><\/p>\n<p><strong>ARANTV.AZ <\/strong>\u00a0x\u0259b\u0259r verir ki, bu fikirl\u0259r Bak\u0131 T\u0259\u015f\u0259bb\u00fcs Qrupunun (BTQ) Fransan\u0131n Yeni Kaledoniyaya m\u00fcnasib\u0259td\u0259 m\u00fcst\u0259ml\u0259k\u0259\u00e7ilik siyas\u0259tini davam etdirm\u0259k c\u0259hdl\u0259rinin pisl\u0259nildiyi b\u0259yanat\u0131nda yer al\u0131b.<\/p>\n<p>BTQ-nin b\u0259yanat\u0131nda qeyd olunub ki, Kanak v\u0259 Sosialist Milli Azadl\u0131q C\u0259bh\u0259sinin (FLNKS) 45-ci qurultay\u0131nda Fransan\u0131n Yeni Kaledoniyaya s\u0131r\u0131ma\u011fa \u00e7al\u0131\u015fd\u0131\u011f\u0131 Bujival raz\u0131la\u015fmas\u0131 q\u0259tiyy\u0259tl\u0259 r\u0259dd edilib:<\/p>\n<p>\u201cQurultay i\u015ftirak\u00e7\u0131lar\u0131 1998-ci ild\u0259 imzalanm\u0131\u015f Numea Sazi\u015fin\u0131n Yeni Kaledoniyan\u0131n dekolonizasiyas\u0131n\u0131n \u0259sas h\u00fcquqi daya\u011f\u0131 kimi t\u0259sdiql\u0259ndiyini v\u0259 Bujival raz\u0131la\u015fmas\u0131n\u0131n Numea sazi\u015finin m\u00fcdd\u0259alar\u0131na tamamil\u0259 zidd oldu\u011funu b\u0259yan edibl\u0259r.<\/p>\n<p>Qeyd ed\u0259k ki, FLNKS \u201cKanaki Sazi\u015fi\u201d \u00e7\u0259r\u00e7iv\u0259sind\u0259 \u00f6lk\u0259nin m\u00fcst\u0259qilliyini elan etm\u0259yi n\u0259z\u0259rd\u0259 tutur. \u201cKanaki Sazi\u015fi\u201d yol x\u0259rit\u0259si rolunu oynayan v\u0259 2025-2030-cu ill\u0259r aras\u0131nda Yeni Kaledoniyan\u0131n tam suverenliy\u0259 haz\u0131rlanmas\u0131 \u00fczr\u0259 ke\u00e7id d\u00f6vr\u00fcn\u00fc ehtiva ed\u0259n bir h\u00fcquqi s\u0259n\u0259d olacaq. H\u0259m\u00e7inin Fransa il\u0259 m\u00fcv\u0259qq\u0259ti m\u00fcnasib\u0259tl\u0259r d\u0259 m\u0259hz bu sazi\u015f \u0259sas\u0131nda m\u00fc\u0259yy\u0259nl\u0259\u015f\u0259c\u0259k.<\/p>\n<p>FLNKS-in r\u0259smi sosial \u015f\u0259b\u0259k\u0259 hesab\u0131nda yay\u0131lan a\u00e7\u0131qlamada Bujival raz\u0131la\u015fmas\u0131n\u0131n dinc yolla r\u0259dd edildiyi v\u0259 h\u0259r\u0259kat\u0131n r\u0259mzl\u0259rinin q\u00fcrurla h\u0259r yerd\u0259 n\u00fcmayi\u015f etdirilm\u0259sinin vacibliyi x\u00fcsusi vur\u011fulan\u0131b. \u018flav\u0259 olaraq kanak xalq\u0131n\u0131n birliyi v\u0259 q\u0259tiyy\u0259tinin d\u0259yi\u015fm\u0259z olaraq qalaca\u011f\u0131, onlar\u0131n ortaq g\u0259l\u0259c\u0259yinin m\u00fcdafi\u0259si u\u011frunda m\u00fcbariz\u0259nin davam etdiril\u0259c\u0259yi bidirilib\u201d.<\/p>\n<p>B\u0259yanatda daha sonra Fransan\u0131n m\u00fcxt\u0259lif vasit\u0259l\u0259rl\u0259 Yeni Kaledoniyan\u0131 Bujival sazi\u015fi il\u0259 \u015fantaj etm\u0259y\u0259 \u00e7al\u0131\u015fd\u0131\u011f\u0131 vur\u011fulan\u0131b:<\/p>\n<p>\u201cXat\u0131rladaq ki, Fransan\u0131n d\u0259niza\u015f\u0131r\u0131 \u0259razil\u0259r \u00fczr\u0259 naziri Manuel Valls 19-23 avqust aral\u0131\u011f\u0131nda Yeni Kaledoniyaya ba\u015f tutacaq s\u0259f\u0259ri \u00e7\u0259r\u00e7iv\u0259sind\u0259 Bujival sazi\u015finin redakt\u0259 edilm\u0259si \u00fczr\u0259 m\u00fczakir\u0259l\u0259r\u0259 ba\u015flayaca\u011f\u0131n\u0131 deyib.<\/p>\n<p>Valls bildirib ki, bu sazi\u015f h\u0259yata ke\u00e7irilm\u0259s\u0259, Yeni Kaledoniya siyasi, iqtisadi v\u0259 sosial b\u00f6hran t\u0259hl\u00fck\u0259si il\u0259 \u00fczl\u0259\u015f\u0259c\u0259k. Fransal\u0131 nazirin Bujival sazi\u015fin\u0259 dair \u201calternativ m\u00f6vcud deyil\u201d b\u0259yanat\u0131 is\u0259 Yeni Kaledoniyada a\u00e7\u0131q \u015f\u0259kild\u0259 \u015fantaj v\u0259 t\u0259zyiq siyas\u0259ti kimi qiym\u0259tl\u0259ndirilib.<\/p>\n<p>2025-ci il avqustun 21-d\u0259 Bujival raz\u0131la\u015fmas\u0131n\u0131n redaksiya komit\u0259sinin iclas\u0131 ke\u00e7iril\u0259c\u0259k. \u0130clasda Manuel Valls\u0131n raz\u0131la\u015fman\u0131 \u015f\u0259rh ed\u0259c\u0259yi v\u0259 \u0259lav\u0259 d\u0259yi\u015fiklikl\u0259r t\u0259qdim ed\u0259c\u0259yi g\u00f6zl\u0259nilir. Kanaklar\u0131n ayd\u0131n v\u0259 q\u0259ti m\u00f6vqeyin\u0259 baxmayaraq, bu c\u0259hd b\u0259hs olunan s\u0259n\u0259din Fransa t\u0259r\u0259find\u0259n onlara zorla q\u0259bul etdirilm\u0259si siyas\u0259tinin davam\u0131 hesab olunur\u201d.<\/p>\n<p>Bak\u0131 T\u0259\u015f\u0259bb\u00fcs Qrupunun b\u0259yanat\u0131nda kanak xalq\u0131n\u0131n se\u00e7imin\u0259 h\u00f6rm\u0259t edil\u0259c\u0259yi v\u0259 d\u0259st\u0259kl\u0259n\u0259c\u0259yi ifad\u0259 olunub. Eyni zamanda, kanak xalq\u0131n\u0131n g\u0259l\u0259c\u0259yinin saxta raz\u0131la\u015fma il\u0259 deyil, yaln\u0131z tam m\u00fcst\u0259qillikl\u0259 t\u0259min olunmas\u0131n\u0131n vacibliyi diqq\u0259t\u0259 \u00e7atd\u0131r\u0131l\u0131b:<\/p>\n<p>\u201cFransan\u0131n atd\u0131\u011f\u0131 bu son add\u0131mlar beyn\u0259lxalq h\u00fcququn prinsipl\u0259rin\u0259 tam zidd olub, q\u0259buledilm\u0259z m\u00fcst\u0259ml\u0259k\u0259\u00e7ilik siyas\u0259tinin davam\u0131 kimi d\u0259y\u0259rl\u0259ndirilm\u0259lidir. Beyn\u0259lxalq h\u00fcququn fundamental prinsipl\u0259ri v\u0259 BMT-nin q\u0259tnam\u0259l\u0259ri a\u00e7\u0131q \u015f\u0259kild\u0259 t\u0259l\u0259b edir ki, kanak xalq\u0131n\u0131n g\u0259l\u0259c\u0259yi he\u00e7 bir g\u00fcz\u0259\u015ft v\u0259 ya saxta raz\u0131la\u015fma il\u0259 deyil, yaln\u0131z tam m\u00fcst\u0259qillikl\u0259 t\u0259min olunmal\u0131d\u0131r\u201d.<\/p>\n<\/div>\n<div><\/div>\n<div><\/div>\n<div class=\"inner-social-box\">\n<div class=\"subs-in-social subs-whatsapp\"><\/div>\n<\/div>\n","protected":false},"excerpt":{"rendered":"<p>Kanakinin m\u00fcst\u0259qillik h\u0259r\u0259katlar\u0131n\u0131n n\u00fcmay\u0259nd\u0259l\u0259ri il\u0259 Fransa h\u00f6kum\u0259ti aras\u0131nda imzalanm\u0131\u015f Bujival raz\u0131la\u015fmas\u0131 Yeni Kaledoniyan\u0131 m\u00fcst\u0259ml\u0259k\u0259 \u0259sar\u0259tind\u0259 alt\u0131nda saxlamaq xarakteri da\u015f\u0131y\u0131r v\u0259 kanak xalq\u0131n\u0131n m\u00fcst\u0259qillik m\u00fcbariz\u0259sinin prinsipl\u0259rin\u0259 ziddir. ARANTV.AZ \u00a0x\u0259b\u0259r verir ki, bu fikirl\u0259r Bak\u0131 T\u0259\u015f\u0259bb\u00fcs Qrupunun (BTQ) Fransan\u0131n Yeni Kaledoniyaya m\u00fcnasib\u0259td\u0259 m\u00fcst\u0259ml\u0259k\u0259\u00e7ilik siyas\u0259tini davam etdirm\u0259k c\u0259hdl\u0259rinin pisl\u0259nildiyi b\u0259yanat\u0131nda yer al\u0131b. BTQ-nin b\u0259yanat\u0131nda qeyd olunub ki, Kanak v\u0259 Sosialist Milli Azadl\u0131q C\u0259bh\u0259sinin (FLNKS) 45-ci qurultay\u0131nda Fransan\u0131n Yeni Kaledoniyaya s\u0131r\u0131ma\u011fa \u00e7al\u0131\u015fd\u0131\u011f\u0131 Bujival raz\u0131la\u015fmas\u0131 q\u0259tiyy\u0259tl\u0259 r\u0259dd edilib: \u201cQurultay i\u015ftirak\u00e7\u0131lar\u0131 1998-ci ild\u0259 imzalanm\u0131\u015f Numea Sazi\u015fin\u0131n Yeni Kaledoniyan\u0131n dekolonizasiyas\u0131n\u0131n \u0259sas h\u00fcquqi daya\u011f\u0131 kimi t\u0259sdiql\u0259ndiyini v\u0259 Bujival&hellip;<\/p>\n","protected":false},"author":2,"featured_media":821412,"comment_status":"closed","ping_status":"closed","sticky":false,"template":"","format":"standard","meta":{"om_disable_all_campaigns":false,"_monsterinsights_skip_tracking":false,"_monsterinsights_sitenote_active":false,"_monsterinsights_sitenote_note":"","_monsterinsights_sitenote_category":0},"categories":[4],"tags":[],"aioseo_notices":[],"gutentor_comment":0,"rttpg_featured_image_url":{"full":["https:\/\/arantv.az\/wp-content\/uploads\/2025\/08\/edcd6476f2bf14ea20a6a37b78154900.jpg",850,500,false],"landscape":["https:\/\/arantv.az\/wp-content\/uploads\/2025\/08\/edcd6476f2bf14ea20a6a37b78154900.jpg",850,500,false],"portraits":["https:\/\/arantv.az\/wp-content\/uploads\/2025\/08\/edcd6476f2bf14ea20a6a37b78154900.jpg",850,500,false],"thumbnail":["https:\/\/arantv.az\/wp-content\/uploads\/2025\/08\/edcd6476f2bf14ea20a6a37b78154900-500x280.jpg",500,280,true],"medium":["https:\/\/arantv.az\/wp-content\/uploads\/2025\/08\/edcd6476f2bf14ea20a6a37b78154900-621x365.jpg",621,365,true],"large":["https:\/\/arantv.az\/wp-content\/uploads\/2025\/08\/edcd6476f2bf14ea20a6a37b78154900-840x494.jpg",640,376,true],"1536x1536":["https:\/\/arantv.az\/wp-content\/uploads\/2025\/08\/edcd6476f2bf14ea20a6a37b78154900.jpg",850,500,false],"2048x2048":["https:\/\/arantv.az\/wp-content\/uploads\/2025\/08\/edcd6476f2bf14ea20a6a37b78154900.jpg",850,500,false],"post-thumbnail":["https:\/\/arantv.az\/wp-content\/uploads\/2025\/08\/edcd6476f2bf14ea20a6a37b78154900-240x172.jpg",240,172,true],"advps-thumb-one":["https:\/\/arantv.az\/wp-content\/uploads\/2025\/08\/edcd6476f2bf14ea20a6a37b78154900.jpg",850,500,false]},"rttpg_author":{"display_name":"V\u00fcsal Rafiqo\u011flu","author_link":"https:\/\/arantv.az\/?author=2"},"rttpg_comment":0,"rttpg_category":"<a href=\"https:\/\/arantv.az\/?cat=4\" rel=\"category\">Siyas\u0259t<\/a>","rttpg_excerpt":"Kanakinin m\u00fcst\u0259qillik h\u0259r\u0259katlar\u0131n\u0131n n\u00fcmay\u0259nd\u0259l\u0259ri il\u0259 Fransa h\u00f6kum\u0259ti aras\u0131nda imzalanm\u0131\u015f Bujival raz\u0131la\u015fmas\u0131 Yeni Kaledoniyan\u0131 m\u00fcst\u0259ml\u0259k\u0259 \u0259sar\u0259tind\u0259 alt\u0131nda saxlamaq xarakteri da\u015f\u0131y\u0131r v\u0259 kanak xalq\u0131n\u0131n m\u00fcst\u0259qillik m\u00fcbariz\u0259sinin prinsipl\u0259rin\u0259 ziddir. ARANTV.AZ \u00a0x\u0259b\u0259r verir ki, bu fikirl\u0259r Bak\u0131 T\u0259\u015f\u0259bb\u00fcs Qrupunun (BTQ) Fransan\u0131n Yeni Kaledoniyaya m\u00fcnasib\u0259td\u0259 m\u00fcst\u0259ml\u0259k\u0259\u00e7ilik siyas\u0259tini davam etdirm\u0259k c\u0259hdl\u0259rinin pisl\u0259nildiyi b\u0259yanat\u0131nda yer al\u0131b. BTQ-nin b\u0259yanat\u0131nda qeyd olunub ki, Kanak&hellip;","_links":{"self":[{"href":"https:\/\/arantv.az\/index.php?rest_route=\/wp\/v2\/posts\/821411"}],"collection":[{"href":"https:\/\/arantv.az\/index.php?rest_route=\/wp\/v2\/posts"}],"about":[{"href":"https:\/\/arantv.az\/index.php?rest_route=\/wp\/v2\/types\/post"}],"author":[{"embeddable":true,"href":"https:\/\/arantv.az\/index.php?rest_route=\/wp\/v2\/users\/2"}],"replies":[{"embeddable":true,"href":"https:\/\/arantv.az\/index.php?rest_route=%2Fwp%2Fv2%2Fcomments&post=821411"}],"version-history":[{"count":2,"href":"https:\/\/arantv.az\/index.php?rest_route=\/wp\/v2\/posts\/821411\/revisions"}],"predecessor-version":[{"id":821414,"href":"https:\/\/arantv.az\/index.php?rest_route=\/wp\/v2\/posts\/821411\/revisions\/821414"}],"wp:featuredmedia":[{"embeddable":true,"href":"https:\/\/arantv.az\/index.php?rest_route=\/wp\/v2\/media\/821412"}],"wp:attachment":[{"href":"https:\/\/arantv.az\/index.php?rest_route=%2Fwp%2Fv2%2Fmedia&parent=821411"}],"wp:term":[{"taxonomy":"category","embeddable":true,"href":"https:\/\/arantv.az\/index.php?rest_route=%2Fwp%2Fv2%2Fcategories&post=821411"},{"taxonomy":"post_tag","embeddable":true,"href":"https:\/\/arantv.az\/index.php?rest_route=%2Fwp%2Fv2%2Ftags&post=821411"}],"curies":[{"name":"wp","href":"https:\/\/api.w.org\/{rel}","templated":true}]}}