{"id":82146,"date":"2019-09-28T12:07:07","date_gmt":"2019-09-28T09:07:07","guid":{"rendered":"http:\/\/arantv.az\/?p=82146"},"modified":"2019-09-28T12:07:07","modified_gmt":"2019-09-28T09:07:07","slug":"zaqatalada-ii-beyn%c9%99lxalq-findiq-qoz-v%c9%99-sabalid-festivali-baslayir","status":"publish","type":"post","link":"https:\/\/arantv.az\/?p=82146","title":{"rendered":"Zaqatalada II Beyn\u0259lxalq f\u0131nd\u0131q, qoz v\u0259 \u015fabal\u0131d festival\u0131 ba\u015flay\u0131r"},"content":{"rendered":"<p><strong>Bu g\u00fcn Zaqatala rayonunda II Beyn\u0259lxalq f\u0131nd\u0131q, qoz, \u015fabal\u0131d festival\u0131 i\u015f\u0259 ba\u015flay\u0131r.<\/strong><\/p>\n<p><strong>ARANTV.AZ<\/strong>\u00a0 x\u0259b\u0259r verir ki, Zaqatala Rayon \u0130cra Hakimiyy\u0259tind\u0259n (R\u0130H)\u00a0<a href=\"https:\/\/az.trend.az\/\" target=\"_blank\" rel=\"noopener\">Trend<\/a>-\u0259 bildirilib ki, Zaqatala R\u0130H-in t\u0259\u015fkilat\u00e7\u0131l\u0131\u011f\u0131, M\u0259d\u0259niyy\u0259t v\u0259 K\u0259nd T\u0259s\u0259rr\u00fcfat\u0131 nazirlikl\u0259rinin, Az\u0259rbaycan F\u0131nd\u0131q \u0130stehsal\u00e7\u0131lar\u0131 v\u0259 \u0130xracat\u00e7\u0131lar\u0131 Assosiasiyas\u0131n\u0131n, K\u0259nd T\u0259s\u0259rr\u00fcfat\u0131 Nazirliyinin tabeliyind\u0259ki &#8220;Aqrar T\u0259dar\u00fck v\u0259 T\u0259chizat&#8221; ASC-nin d\u0259st\u0259yi il\u0259 ke\u00e7iril\u0259n festivalda \u0259sas m\u0259qs\u0259d \u00f6lk\u0259mizin, el\u0259c\u0259 d\u0259 Zaqatala rayonunun iqtisadi, m\u0259d\u0259ni v\u0259 turizm potensial\u0131n\u0131 daha geni\u015f n\u00fcmayi\u015f etdirm\u0259kdir.<\/p>\n<p>Festival\u0131n r\u0259smi a\u00e7\u0131l\u0131\u015f m\u0259rasimi Zaqatala \u015f\u0259h\u0259rind\u0259ki &#8220;D\u0259d\u0259 Qorqud&#8221; meydan\u0131nda ba\u015f tutacaq. Festival i\u015ftirak\u00e7\u0131lar\u0131 f\u0131nd\u0131q, qoz v\u0259 \u015fabal\u0131ddan haz\u0131rlanm\u0131\u015f \u0259l i\u015fl\u0259ri, r\u0259sm v\u0259 t\u0259tbiqi s\u0259n\u0259t n\u00fcmun\u0259l\u0259rind\u0259n ibar\u0259t s\u0259rgil\u0259r\u0259 baxacaq, f\u0131nd\u0131q emal\u0131 v\u0259 ixrac\u0131 il\u0259 m\u0259\u015f\u011ful olan m\u00fc\u0259ssis\u0259l\u0259rin istehsal etdiyi m\u0259hsullarla tan\u0131\u015f olacaqlar.<\/p>\n<p>Yarmarkada f\u0131nd\u0131q, qoz v\u0259 \u015fabal\u0131d\u0131n m\u00fcxt\u0259lif n\u00f6vl\u0259ri n\u00fcmayi\u015f olunacaq. H\u0259m\u00e7inin, m\u00fcsabiq\u0259l\u0259r d\u0259 ke\u00e7iril\u0259c\u0259k, qalibl\u0259r m\u00fckafatland\u0131r\u0131lacaq.<\/p>\n","protected":false},"excerpt":{"rendered":"<p>Bu g\u00fcn Zaqatala rayonunda II Beyn\u0259lxalq f\u0131nd\u0131q, qoz, \u015fabal\u0131d festival\u0131 i\u015f\u0259 ba\u015flay\u0131r. ARANTV.AZ\u00a0 x\u0259b\u0259r verir ki, Zaqatala Rayon \u0130cra Hakimiyy\u0259tind\u0259n (R\u0130H)\u00a0Trend-\u0259 bildirilib ki, Zaqatala R\u0130H-in t\u0259\u015fkilat\u00e7\u0131l\u0131\u011f\u0131, M\u0259d\u0259niyy\u0259t v\u0259 K\u0259nd T\u0259s\u0259rr\u00fcfat\u0131 nazirlikl\u0259rinin, Az\u0259rbaycan F\u0131nd\u0131q \u0130stehsal\u00e7\u0131lar\u0131 v\u0259 \u0130xracat\u00e7\u0131lar\u0131 Assosiasiyas\u0131n\u0131n, K\u0259nd T\u0259s\u0259rr\u00fcfat\u0131 Nazirliyinin tabeliyind\u0259ki &#8220;Aqrar T\u0259dar\u00fck v\u0259 T\u0259chizat&#8221; ASC-nin d\u0259st\u0259yi il\u0259 ke\u00e7iril\u0259n festivalda \u0259sas m\u0259qs\u0259d \u00f6lk\u0259mizin, el\u0259c\u0259 d\u0259 Zaqatala rayonunun iqtisadi, m\u0259d\u0259ni v\u0259 turizm potensial\u0131n\u0131 daha geni\u015f n\u00fcmayi\u015f etdirm\u0259kdir. Festival\u0131n r\u0259smi a\u00e7\u0131l\u0131\u015f m\u0259rasimi Zaqatala \u015f\u0259h\u0259rind\u0259ki &#8220;D\u0259d\u0259 Qorqud&#8221; meydan\u0131nda ba\u015f tutacaq. Festival i\u015ftirak\u00e7\u0131lar\u0131 f\u0131nd\u0131q, qoz v\u0259 \u015fabal\u0131ddan haz\u0131rlanm\u0131\u015f \u0259l i\u015fl\u0259ri, r\u0259sm v\u0259 t\u0259tbiqi s\u0259n\u0259t&hellip;<\/p>\n","protected":false},"author":2,"featured_media":82147,"comment_status":"closed","ping_status":"closed","sticky":false,"template":"","format":"standard","meta":{"om_disable_all_campaigns":false,"_monsterinsights_skip_tracking":false,"_monsterinsights_sitenote_active":false,"_monsterinsights_sitenote_note":"","_monsterinsights_sitenote_category":0},"categories":[2],"tags":[],"aioseo_notices":[],"gutentor_comment":0,"rttpg_featured_image_url":{"full":["https:\/\/arantv.az\/wp-content\/uploads\/2019\/09\/findiq.jpg",800,600,false],"landscape":["https:\/\/arantv.az\/wp-content\/uploads\/2019\/09\/findiq.jpg",800,600,false],"portraits":["https:\/\/arantv.az\/wp-content\/uploads\/2019\/09\/findiq.jpg",800,600,false],"thumbnail":["https:\/\/arantv.az\/wp-content\/uploads\/2019\/09\/findiq-150x150.jpg",150,150,true],"medium":["https:\/\/arantv.az\/wp-content\/uploads\/2019\/09\/findiq-300x225.jpg",300,225,true],"large":["https:\/\/arantv.az\/wp-content\/uploads\/2019\/09\/findiq.jpg",640,480,false],"1536x1536":["https:\/\/arantv.az\/wp-content\/uploads\/2019\/09\/findiq.jpg",800,600,false],"2048x2048":["https:\/\/arantv.az\/wp-content\/uploads\/2019\/09\/findiq.jpg",800,600,false],"post-thumbnail":["https:\/\/arantv.az\/wp-content\/uploads\/2019\/09\/findiq-240x172.jpg",240,172,true],"advps-thumb-one":["https:\/\/arantv.az\/wp-content\/uploads\/2019\/09\/findiq.jpg",800,600,false]},"rttpg_author":{"display_name":"V\u00fcsal Rafiqo\u011flu","author_link":"https:\/\/arantv.az\/?author=2"},"rttpg_comment":0,"rttpg_category":"<a href=\"https:\/\/arantv.az\/?cat=2\" rel=\"category\">Region X\u0259b\u0259rl\u0259ri<\/a>","rttpg_excerpt":"Bu g\u00fcn Zaqatala rayonunda II Beyn\u0259lxalq f\u0131nd\u0131q, qoz, \u015fabal\u0131d festival\u0131 i\u015f\u0259 ba\u015flay\u0131r. ARANTV.AZ\u00a0 x\u0259b\u0259r verir ki, Zaqatala Rayon \u0130cra Hakimiyy\u0259tind\u0259n (R\u0130H)\u00a0Trend-\u0259 bildirilib ki, Zaqatala R\u0130H-in t\u0259\u015fkilat\u00e7\u0131l\u0131\u011f\u0131, M\u0259d\u0259niyy\u0259t v\u0259 K\u0259nd T\u0259s\u0259rr\u00fcfat\u0131 nazirlikl\u0259rinin, Az\u0259rbaycan F\u0131nd\u0131q \u0130stehsal\u00e7\u0131lar\u0131 v\u0259 \u0130xracat\u00e7\u0131lar\u0131 Assosiasiyas\u0131n\u0131n, K\u0259nd T\u0259s\u0259rr\u00fcfat\u0131 Nazirliyinin tabeliyind\u0259ki &#8220;Aqrar T\u0259dar\u00fck v\u0259 T\u0259chizat&#8221; ASC-nin d\u0259st\u0259yi il\u0259 ke\u00e7iril\u0259n festivalda \u0259sas m\u0259qs\u0259d \u00f6lk\u0259mizin, el\u0259c\u0259 d\u0259&hellip;","_links":{"self":[{"href":"https:\/\/arantv.az\/index.php?rest_route=\/wp\/v2\/posts\/82146"}],"collection":[{"href":"https:\/\/arantv.az\/index.php?rest_route=\/wp\/v2\/posts"}],"about":[{"href":"https:\/\/arantv.az\/index.php?rest_route=\/wp\/v2\/types\/post"}],"author":[{"embeddable":true,"href":"https:\/\/arantv.az\/index.php?rest_route=\/wp\/v2\/users\/2"}],"replies":[{"embeddable":true,"href":"https:\/\/arantv.az\/index.php?rest_route=%2Fwp%2Fv2%2Fcomments&post=82146"}],"version-history":[{"count":0,"href":"https:\/\/arantv.az\/index.php?rest_route=\/wp\/v2\/posts\/82146\/revisions"}],"wp:featuredmedia":[{"embeddable":true,"href":"https:\/\/arantv.az\/index.php?rest_route=\/wp\/v2\/media\/82147"}],"wp:attachment":[{"href":"https:\/\/arantv.az\/index.php?rest_route=%2Fwp%2Fv2%2Fmedia&parent=82146"}],"wp:term":[{"taxonomy":"category","embeddable":true,"href":"https:\/\/arantv.az\/index.php?rest_route=%2Fwp%2Fv2%2Fcategories&post=82146"},{"taxonomy":"post_tag","embeddable":true,"href":"https:\/\/arantv.az\/index.php?rest_route=%2Fwp%2Fv2%2Ftags&post=82146"}],"curies":[{"name":"wp","href":"https:\/\/api.w.org\/{rel}","templated":true}]}}