{"id":821467,"date":"2025-08-19T20:05:56","date_gmt":"2025-08-19T16:05:56","guid":{"rendered":"https:\/\/arantv.az\/?p=821467"},"modified":"2025-08-19T20:05:56","modified_gmt":"2025-08-19T16:05:56","slug":"ilham-%c9%99liyev-cared-koheni-q%c9%99bul-edib-foto","status":"publish","type":"post","link":"https:\/\/arantv.az\/?p=821467","title":{"rendered":"\u0130lham \u018fliyev Cared Koheni q\u0259bul edib &#8211; FOTO"},"content":{"rendered":"<p>Avqustun 19-da Az\u0259rbaycan Respublikas\u0131n\u0131n Prezidenti \u0130lham \u018fliyev &#8220;The Goldman Sachs Group Inc.&#8221; \u015firk\u0259tinin qlobal m\u0259s\u0259l\u0259l\u0259r \u00fczr\u0259 prezidenti Cared Koheni q\u0259bul edib.<\/p>\n<p><strong>ARANTV.AZ\u00a0<\/strong> AZ\u018fRTAC-a istinad\u0259n bildirir ki, s\u00f6hb\u0259t zaman\u0131 d\u00f6vl\u0259timizin ba\u015f\u00e7\u0131s\u0131 il\u0259 Cared Kohenin bu ilin yanvar\u0131nda Davosda g\u00f6r\u00fc\u015f\u00fc m\u0259mnunluqla xat\u0131rland\u0131.<\/p>\n<p>\u00d6lk\u0259mizl\u0259 &#8220;The Goldman Sachs Group Inc.&#8221; \u015firk\u0259ti aras\u0131nda 2010-cu ild\u0259n s\u0259m\u0259r\u0259li \u0259m\u0259kda\u015fl\u0131\u011f\u0131n quruldu\u011fu qeyd edil\u0259r\u0259k, Az\u0259rbaycan Respublikas\u0131 D\u00f6vl\u0259t Neft Fondunun bu \u015firk\u0259tl\u0259 u\u011furlu t\u0259r\u0259fda\u015fl\u0131\u011f\u0131ndan m\u0259mnunluq bildirildi.<\/p>\n<p>G\u00f6r\u00fc\u015fd\u0259 avqustun 8-d\u0259 Va\u015finqtonda AB\u015e Prezidentinin d\u0259st\u0259yi il\u0259 Az\u0259rbaycanla Erm\u0259nistan aras\u0131nda s\u00fclh g\u00fcnd\u0259liyinin ir\u0259li apar\u0131lmas\u0131 bax\u0131m\u0131ndan \u0259ld\u0259 olunmu\u015f nailiyy\u0259tl\u0259rin \u00f6n\u0259min\u0259 toxunuldu v\u0259 bu n\u0259tic\u0259l\u0259rin regionun h\u0259rt\u0259r\u0259fli inki\u015faf\u0131 \u00fc\u00e7\u00fcn geni\u015f imkanlar yaratd\u0131\u011f\u0131 vur\u011fuland\u0131.<\/p>\n<p>S\u00f6hb\u0259t zaman\u0131 \u00f6lk\u0259mizl\u0259 \u015firk\u0259t aras\u0131nda \u0259m\u0259kda\u015fl\u0131\u011f\u0131n perspektivl\u0259ri il\u0259 ba\u011fl\u0131 fikir m\u00fcbadil\u0259si apar\u0131ld\u0131.<\/p>\n<p>Qeyd ed\u0259k ki, &#8220;The Goldman Sachs Group Inc.&#8221; 1869-cu ild\u0259 t\u0259sis edilib. \u0130nvestisiya v\u0259 istehlak bank\u00e7\u0131l\u0131\u011f\u0131, qiym\u0259tli ka\u011f\u0131zlar, aktivl\u0259rin idar\u0259 edilm\u0259si sah\u0259l\u0259rind\u0259 xidm\u0259tl\u0259r t\u0259qdim ed\u0259n apar\u0131c\u0131 qlobal maliyy\u0259 institutu haz\u0131rda 40-dan \u00e7ox \u00f6lk\u0259d\u0259 f\u0259aliyy\u0259t g\u00f6st\u0259rir. M\u0259nzil-q\u0259rargah\u0131 Nyu-York \u015f\u0259h\u0259rind\u0259 yerl\u0259\u015f\u0259n \u015firk\u0259t 2,8 trilyon AB\u015e dollar\u0131 d\u0259y\u0259rind\u0259 aktivl\u0259ri idar\u0259 edir.<\/p>\n<p><img src=\"https:\/\/news.milli.az\/media\/2025\/08\/19\/1290471_1.jpg\" \/><\/p>\n<p><img src=\"https:\/\/news.milli.az\/media\/2025\/08\/19\/1290471_2.jpg\" \/><\/p>\n<p><img src=\"https:\/\/news.milli.az\/media\/2025\/08\/19\/1290471_4.jpg\" \/><\/p>\n<p><img src=\"https:\/\/news.milli.az\/media\/2025\/08\/19\/1290471_3.jpg\" \/><\/p>\n","protected":false},"excerpt":{"rendered":"<p>Avqustun 19-da Az\u0259rbaycan Respublikas\u0131n\u0131n Prezidenti \u0130lham \u018fliyev &#8220;The Goldman Sachs Group Inc.&#8221; \u015firk\u0259tinin qlobal m\u0259s\u0259l\u0259l\u0259r \u00fczr\u0259 prezidenti Cared Koheni q\u0259bul edib. ARANTV.AZ\u00a0 AZ\u018fRTAC-a istinad\u0259n bildirir ki, s\u00f6hb\u0259t zaman\u0131 d\u00f6vl\u0259timizin ba\u015f\u00e7\u0131s\u0131 il\u0259 Cared Kohenin bu ilin yanvar\u0131nda Davosda g\u00f6r\u00fc\u015f\u00fc m\u0259mnunluqla xat\u0131rland\u0131. \u00d6lk\u0259mizl\u0259 &#8220;The Goldman Sachs Group Inc.&#8221; \u015firk\u0259ti aras\u0131nda 2010-cu ild\u0259n s\u0259m\u0259r\u0259li \u0259m\u0259kda\u015fl\u0131\u011f\u0131n quruldu\u011fu qeyd edil\u0259r\u0259k, Az\u0259rbaycan Respublikas\u0131 D\u00f6vl\u0259t Neft Fondunun bu \u015firk\u0259tl\u0259 u\u011furlu t\u0259r\u0259fda\u015fl\u0131\u011f\u0131ndan m\u0259mnunluq bildirildi. G\u00f6r\u00fc\u015fd\u0259 avqustun 8-d\u0259 Va\u015finqtonda AB\u015e Prezidentinin d\u0259st\u0259yi il\u0259 Az\u0259rbaycanla Erm\u0259nistan aras\u0131nda s\u00fclh g\u00fcnd\u0259liyinin ir\u0259li apar\u0131lmas\u0131 bax\u0131m\u0131ndan \u0259ld\u0259 olunmu\u015f nailiyy\u0259tl\u0259rin \u00f6n\u0259min\u0259 toxunuldu v\u0259 bu n\u0259tic\u0259l\u0259rin&hellip;<\/p>\n","protected":false},"author":2,"featured_media":821468,"comment_status":"closed","ping_status":"closed","sticky":false,"template":"","format":"standard","meta":{"om_disable_all_campaigns":false,"_monsterinsights_skip_tracking":false,"_monsterinsights_sitenote_active":false,"_monsterinsights_sitenote_note":"","_monsterinsights_sitenote_category":0},"categories":[4],"tags":[],"aioseo_notices":[],"gutentor_comment":0,"rttpg_featured_image_url":{"full":["https:\/\/arantv.az\/wp-content\/uploads\/2025\/08\/61d67dc329b5bc1b838bc6eb50cbdedd.jpg",870,500,false],"landscape":["https:\/\/arantv.az\/wp-content\/uploads\/2025\/08\/61d67dc329b5bc1b838bc6eb50cbdedd.jpg",870,500,false],"portraits":["https:\/\/arantv.az\/wp-content\/uploads\/2025\/08\/61d67dc329b5bc1b838bc6eb50cbdedd.jpg",870,500,false],"thumbnail":["https:\/\/arantv.az\/wp-content\/uploads\/2025\/08\/61d67dc329b5bc1b838bc6eb50cbdedd-500x280.jpg",500,280,true],"medium":["https:\/\/arantv.az\/wp-content\/uploads\/2025\/08\/61d67dc329b5bc1b838bc6eb50cbdedd-635x365.jpg",635,365,true],"large":["https:\/\/arantv.az\/wp-content\/uploads\/2025\/08\/61d67dc329b5bc1b838bc6eb50cbdedd-840x483.jpg",640,368,true],"1536x1536":["https:\/\/arantv.az\/wp-content\/uploads\/2025\/08\/61d67dc329b5bc1b838bc6eb50cbdedd.jpg",870,500,false],"2048x2048":["https:\/\/arantv.az\/wp-content\/uploads\/2025\/08\/61d67dc329b5bc1b838bc6eb50cbdedd.jpg",870,500,false],"post-thumbnail":["https:\/\/arantv.az\/wp-content\/uploads\/2025\/08\/61d67dc329b5bc1b838bc6eb50cbdedd-240x172.jpg",240,172,true],"advps-thumb-one":["https:\/\/arantv.az\/wp-content\/uploads\/2025\/08\/61d67dc329b5bc1b838bc6eb50cbdedd.jpg",870,500,false]},"rttpg_author":{"display_name":"V\u00fcsal Rafiqo\u011flu","author_link":"https:\/\/arantv.az\/?author=2"},"rttpg_comment":0,"rttpg_category":"<a href=\"https:\/\/arantv.az\/?cat=4\" rel=\"category\">Siyas\u0259t<\/a>","rttpg_excerpt":"Avqustun 19-da Az\u0259rbaycan Respublikas\u0131n\u0131n Prezidenti \u0130lham \u018fliyev &#8220;The Goldman Sachs Group Inc.&#8221; \u015firk\u0259tinin qlobal m\u0259s\u0259l\u0259l\u0259r \u00fczr\u0259 prezidenti Cared Koheni q\u0259bul edib. ARANTV.AZ\u00a0 AZ\u018fRTAC-a istinad\u0259n bildirir ki, s\u00f6hb\u0259t zaman\u0131 d\u00f6vl\u0259timizin ba\u015f\u00e7\u0131s\u0131 il\u0259 Cared Kohenin bu ilin yanvar\u0131nda Davosda g\u00f6r\u00fc\u015f\u00fc m\u0259mnunluqla xat\u0131rland\u0131. \u00d6lk\u0259mizl\u0259 &#8220;The Goldman Sachs Group Inc.&#8221; \u015firk\u0259ti aras\u0131nda 2010-cu ild\u0259n s\u0259m\u0259r\u0259li \u0259m\u0259kda\u015fl\u0131\u011f\u0131n quruldu\u011fu qeyd edil\u0259r\u0259k,&hellip;","_links":{"self":[{"href":"https:\/\/arantv.az\/index.php?rest_route=\/wp\/v2\/posts\/821467"}],"collection":[{"href":"https:\/\/arantv.az\/index.php?rest_route=\/wp\/v2\/posts"}],"about":[{"href":"https:\/\/arantv.az\/index.php?rest_route=\/wp\/v2\/types\/post"}],"author":[{"embeddable":true,"href":"https:\/\/arantv.az\/index.php?rest_route=\/wp\/v2\/users\/2"}],"replies":[{"embeddable":true,"href":"https:\/\/arantv.az\/index.php?rest_route=%2Fwp%2Fv2%2Fcomments&post=821467"}],"version-history":[{"count":1,"href":"https:\/\/arantv.az\/index.php?rest_route=\/wp\/v2\/posts\/821467\/revisions"}],"predecessor-version":[{"id":821469,"href":"https:\/\/arantv.az\/index.php?rest_route=\/wp\/v2\/posts\/821467\/revisions\/821469"}],"wp:featuredmedia":[{"embeddable":true,"href":"https:\/\/arantv.az\/index.php?rest_route=\/wp\/v2\/media\/821468"}],"wp:attachment":[{"href":"https:\/\/arantv.az\/index.php?rest_route=%2Fwp%2Fv2%2Fmedia&parent=821467"}],"wp:term":[{"taxonomy":"category","embeddable":true,"href":"https:\/\/arantv.az\/index.php?rest_route=%2Fwp%2Fv2%2Fcategories&post=821467"},{"taxonomy":"post_tag","embeddable":true,"href":"https:\/\/arantv.az\/index.php?rest_route=%2Fwp%2Fv2%2Ftags&post=821467"}],"curies":[{"name":"wp","href":"https:\/\/api.w.org\/{rel}","templated":true}]}}