{"id":821501,"date":"2025-08-19T20:18:42","date_gmt":"2025-08-19T16:18:42","guid":{"rendered":"https:\/\/arantv.az\/?p=821501"},"modified":"2025-08-19T20:18:42","modified_gmt":"2025-08-19T16:18:42","slug":"lacin-isgalin-agrili-tarixi-v%c9%99-azadligin-parlaq-s%c9%99hif%c9%99si","status":"publish","type":"post","link":"https:\/\/arantv.az\/?p=821501","title":{"rendered":"La\u00e7\u0131n: \u0130\u015f\u011fal\u0131n A\u011fr\u0131l\u0131 Tarixi v\u0259 Azadl\u0131\u011f\u0131n Parlaq S\u0259hif\u0259si"},"content":{"rendered":"<p>La\u00e7\u0131n rayonu Az\u0259rbaycan\u0131n c\u0259nub-q\u0259rbind\u0259, Ki\u00e7ik Qafqaz da\u011f silsil\u0259sinin \u0259hat\u0259sind\u0259 yerl\u0259\u015f\u0259n, z\u0259ngin tarixi v\u0259 m\u0259d\u0259ni irsi il\u0259 se\u00e7il\u0259n b\u00f6lg\u0259l\u0259rd\u0259n biridir. Bu \u0259razi q\u0259dim zamanlardan b\u0259ri insan m\u0259sk\u0259ni olmu\u015f, Albaniya v\u0259 Atropatena kimi q\u0259dim d\u00f6vl\u0259tl\u0259rin t\u0259rkibind\u0259 yer alm\u0131\u015fd\u0131r. Rayonun \u0259razisind\u0259 yerl\u0259\u015f\u0259n Qaranl\u0131q kaha, Bayqara ma\u011faralar\u0131, Ho\u00e7az k\u0259ndind\u0259ki ma\u011fara-m\u0259b\u0259d v\u0259 dig\u0259r arxeoloji abid\u0259l\u0259r bu \u0259razinin q\u0259dim d\u00f6vrl\u0259rd\u0259n b\u0259ri insan f\u0259aliyy\u0259ti \u00fc\u00e7\u00fcn \u0259lveri\u015fli oldu\u011funu g\u00f6st\u0259rir. La\u00e7\u0131n rayonu 18 may 1992-ci ild\u0259 Erm\u0259nistan silahl\u0131 q\u00fcvv\u0259l\u0259ri t\u0259r\u0259find\u0259n i\u015f\u011fal olunmu\u015fdur. \u0130\u015f\u011fal n\u0259tic\u0259sind\u0259 rayonun \u0259razisind\u0259 yerl\u0259\u015f\u0259n 13745 ya\u015fay\u0131\u015f evi qar\u0259t edil\u0259r\u0259k yand\u0131r\u0131lm\u0131\u015f, 54 d\u00fcnya v\u0259 200-d\u0259n \u00e7ox yerli \u0259h\u0259miyy\u0259tli q\u0259dim tarixi abid\u0259l\u0259r erm\u0259ni vandalizmin\u0259 m\u0259ruz qalm\u0131\u015fd\u0131r. \u0130\u015f\u011fal d\u00f6vr\u00fcnd\u0259 La\u00e7\u0131n rayonu Erm\u0259nistanla Da\u011fl\u0131q Qaraba\u011f aras\u0131nda \u0259laq\u0259 rolunu oynayan La\u00e7\u0131n d\u0259hlizi vasit\u0259sil\u0259 strateji \u0259h\u0259miyy\u0259t\u0259 malik olmu\u015fdur. 2020-ci il 1 dekabr tarixind\u0259 La\u00e7\u0131n rayonu i\u015f\u011faldan azad edilmi\u015fdir.<\/p>\n<p>La\u00e7\u0131n \u0259razisi q\u0259dim insan m\u0259sk\u0259nl\u0259rind\u0259n biri hesab olunur. Mirik k\u0259ndind\u0259ki &#8220;Qaranl\u0131q kaha&#8221;, &#8220;Bayqara&#8221; ma\u011faralar\u0131 v\u0259 Ho\u00e7az k\u0259ndind\u0259ki ma\u011fara m\u0259b\u0259di bu \u0259razinin q\u0259dim d\u00f6vrl\u0259rd\u0259n b\u0259ri insan f\u0259aliyy\u0259ti \u00fc\u00e7\u00fcn \u0259lveri\u015fli oldu\u011funu g\u00f6st\u0259rir. La\u00e7\u0131n \u015f\u0259h\u0259ri \u0259vv\u0259lc\u0259 Abdallar adlan\u0131b v\u0259 1923-c\u00fc ild\u0259 \u015f\u0259h\u0259r statusu al\u0131b. 1930-cu ild\u0259 is\u0259 La\u00e7\u0131n rayonu inzibati \u0259razi vahidi kimi t\u0259\u015fkil olunub v\u0259 La\u00e7\u0131n \u015f\u0259h\u0259ri onun m\u0259rk\u0259zin\u0259 \u00e7evrilib. La\u00e7\u0131n rayonu Az\u0259rbaycan\u0131n tarixi, m\u0259d\u0259ni v\u0259 strateji \u0259h\u0259miyy\u0259t\u0259 malik b\u00f6lg\u0259l\u0259rind\u0259n biridir. \u0130\u015f\u011fal d\u00f6vr\u00fcnd\u0259 b\u00f6y\u00fck itkil\u0259r\u0259 m\u0259ruz qalan La\u00e7\u0131n, azadl\u0131qdan sonra s\u00fcr\u0259tl\u0259 inki\u015faf edir v\u0259 yenid\u0259n dir\u00e7\u0259lir. 26 avqust\u00a0 La\u00e7\u0131n \u015f\u0259h\u0259ri g\u00fcn\u00fc m\u00fcnasib\u0259til\u0259 bu q\u0259dim v\u0259 m\u0259\u011frur \u015f\u0259h\u0259rin tarixi v\u0259 bug\u00fcnk\u00fc inki\u015faf\u0131 bir daha xat\u0131rlan\u0131r v\u0259 qeyd olunur.<\/p>\n<p>1992-ci il may\u0131n 18-d\u0259 Erm\u0259nistan silahl\u0131 q\u00fcvv\u0259l\u0259ri t\u0259r\u0259find\u0259n La\u00e7\u0131n rayonu i\u015f\u011fal olunub. \u0130\u015f\u011fal n\u0259tic\u0259sind\u0259 1 \u015f\u0259h\u0259r, 1 q\u0259s\u0259b\u0259, 125 k\u0259nd d\u00fc\u015fm\u0259n tapda\u011f\u0131 alt\u0131nda qal\u0131b, 300-d\u0259n art\u0131q h\u0259rbi v\u0259 m\u00fclki \u015f\u0259xs h\u0259lak olub v\u0259 itkin d\u00fc\u015f\u00fcb . Rayonun \u0259halisi respublikan\u0131n m\u00fcxt\u0259lif b\u00f6lg\u0259l\u0259rind\u0259 m\u00fcv\u0259qq\u0259ti m\u0259skunla\u015fma\u011fa m\u0259cbur olub. \u0130\u015f\u011fal d\u00f6vr\u00fcnd\u0259 La\u00e7\u0131n rayonu Erm\u0259nistanla Da\u011fl\u0131q Qaraba\u011f aras\u0131nda \u0259laq\u0259 rolunu oynayan La\u00e7\u0131n d\u0259hlizi vasit\u0259sil\u0259 strateji \u0259h\u0259miyy\u0259t\u0259 malik olub. Bu d\u0259hliz vasit\u0259sil\u0259 Erm\u0259nistan yeni canl\u0131 q\u00fcvv\u0259l\u0259ri v\u0259 h\u0259rbi texnikan\u0131 Az\u0259rbaycan \u0259razisin\u0259 asanl\u0131qla daxil ed\u0259 bilib [4] .<\/p>\n<p>2020-ci il 1 dekabr tarixind\u0259 La\u00e7\u0131n rayonu i\u015f\u011faldan azad olunub. Bu, Az\u0259rbaycan, Rusiya prezidentl\u0259rinin v\u0259 Erm\u0259nistan ba\u015f nazirinin 2020-ci il noyabr\u0131n 10-da imzalad\u0131\u011f\u0131 \u00fc\u00e7t\u0259r\u0259fli B\u0259yanata \u0259sas\u0259n h\u0259yata ke\u00e7irilib.<\/p>\n<p>Azadl\u0131qdan sonra La\u00e7\u0131n rayonunda b\u0259rpa v\u0259 yenid\u0259nqurma i\u015fl\u0259ri s\u00fcr\u0259tl\u0259 apar\u0131l\u0131r. \u0130nfrastruktur layih\u0259l\u0259ri h\u0259yata ke\u00e7irilir, yollar, m\u0259kt\u0259bl\u0259r, x\u0259st\u0259xanalar v\u0259 dig\u0259r ictimai obyektl\u0259r tikilir. Eyni zamanda, La\u00e7\u0131n\u0131n z\u0259ngin tarixi v\u0259 m\u0259d\u0259ni irsi qorunur v\u0259 b\u0259rpa olunur<\/p>\n<p><em><strong>\u00dclvi Abbasov,<br \/>\nYAP X\u0259tai rayon t\u0259\u015fkilat\u0131n\u0131n \u0259m\u0259kda\u015f\u0131<\/strong><\/em><\/p>\n","protected":false},"excerpt":{"rendered":"<p>La\u00e7\u0131n rayonu Az\u0259rbaycan\u0131n c\u0259nub-q\u0259rbind\u0259, Ki\u00e7ik Qafqaz da\u011f silsil\u0259sinin \u0259hat\u0259sind\u0259 yerl\u0259\u015f\u0259n, z\u0259ngin tarixi v\u0259 m\u0259d\u0259ni irsi il\u0259 se\u00e7il\u0259n b\u00f6lg\u0259l\u0259rd\u0259n biridir. Bu \u0259razi q\u0259dim zamanlardan b\u0259ri insan m\u0259sk\u0259ni olmu\u015f, Albaniya v\u0259 Atropatena kimi q\u0259dim d\u00f6vl\u0259tl\u0259rin t\u0259rkibind\u0259 yer alm\u0131\u015fd\u0131r. Rayonun \u0259razisind\u0259 yerl\u0259\u015f\u0259n Qaranl\u0131q kaha, Bayqara ma\u011faralar\u0131, Ho\u00e7az k\u0259ndind\u0259ki ma\u011fara-m\u0259b\u0259d v\u0259 dig\u0259r arxeoloji abid\u0259l\u0259r bu \u0259razinin q\u0259dim d\u00f6vrl\u0259rd\u0259n b\u0259ri insan f\u0259aliyy\u0259ti \u00fc\u00e7\u00fcn \u0259lveri\u015fli oldu\u011funu g\u00f6st\u0259rir. La\u00e7\u0131n rayonu 18 may 1992-ci ild\u0259 Erm\u0259nistan silahl\u0131 q\u00fcvv\u0259l\u0259ri t\u0259r\u0259find\u0259n i\u015f\u011fal olunmu\u015fdur. \u0130\u015f\u011fal n\u0259tic\u0259sind\u0259 rayonun \u0259razisind\u0259 yerl\u0259\u015f\u0259n 13745 ya\u015fay\u0131\u015f evi qar\u0259t edil\u0259r\u0259k yand\u0131r\u0131lm\u0131\u015f, 54 d\u00fcnya v\u0259 200-d\u0259n \u00e7ox yerli&hellip;<\/p>\n","protected":false},"author":2,"featured_media":821502,"comment_status":"closed","ping_status":"closed","sticky":false,"template":"","format":"standard","meta":{"om_disable_all_campaigns":false,"_monsterinsights_skip_tracking":false,"_monsterinsights_sitenote_active":false,"_monsterinsights_sitenote_note":"","_monsterinsights_sitenote_category":0},"categories":[19],"tags":[],"aioseo_notices":[],"gutentor_comment":0,"rttpg_featured_image_url":{"full":["https:\/\/arantv.az\/wp-content\/uploads\/2025\/08\/84438b7a172839582690618886110286635.jpg",975,540,false],"landscape":["https:\/\/arantv.az\/wp-content\/uploads\/2025\/08\/84438b7a172839582690618886110286635.jpg",975,540,false],"portraits":["https:\/\/arantv.az\/wp-content\/uploads\/2025\/08\/84438b7a172839582690618886110286635.jpg",975,540,false],"thumbnail":["https:\/\/arantv.az\/wp-content\/uploads\/2025\/08\/84438b7a172839582690618886110286635-500x280.jpg",500,280,true],"medium":["https:\/\/arantv.az\/wp-content\/uploads\/2025\/08\/84438b7a172839582690618886110286635-660x365.jpg",660,365,true],"large":["https:\/\/arantv.az\/wp-content\/uploads\/2025\/08\/84438b7a172839582690618886110286635-840x465.jpg",640,354,true],"1536x1536":["https:\/\/arantv.az\/wp-content\/uploads\/2025\/08\/84438b7a172839582690618886110286635.jpg",975,540,false],"2048x2048":["https:\/\/arantv.az\/wp-content\/uploads\/2025\/08\/84438b7a172839582690618886110286635.jpg",975,540,false],"post-thumbnail":["https:\/\/arantv.az\/wp-content\/uploads\/2025\/08\/84438b7a172839582690618886110286635-240x172.jpg",240,172,true],"advps-thumb-one":["https:\/\/arantv.az\/wp-content\/uploads\/2025\/08\/84438b7a172839582690618886110286635.jpg",975,540,false]},"rttpg_author":{"display_name":"V\u00fcsal Rafiqo\u011flu","author_link":"https:\/\/arantv.az\/?author=2"},"rttpg_comment":0,"rttpg_category":"<a href=\"https:\/\/arantv.az\/?cat=19\" rel=\"category\">G\u00fcnd\u0259m<\/a>","rttpg_excerpt":"La\u00e7\u0131n rayonu Az\u0259rbaycan\u0131n c\u0259nub-q\u0259rbind\u0259, Ki\u00e7ik Qafqaz da\u011f silsil\u0259sinin \u0259hat\u0259sind\u0259 yerl\u0259\u015f\u0259n, z\u0259ngin tarixi v\u0259 m\u0259d\u0259ni irsi il\u0259 se\u00e7il\u0259n b\u00f6lg\u0259l\u0259rd\u0259n biridir. Bu \u0259razi q\u0259dim zamanlardan b\u0259ri insan m\u0259sk\u0259ni olmu\u015f, Albaniya v\u0259 Atropatena kimi q\u0259dim d\u00f6vl\u0259tl\u0259rin t\u0259rkibind\u0259 yer alm\u0131\u015fd\u0131r. Rayonun \u0259razisind\u0259 yerl\u0259\u015f\u0259n Qaranl\u0131q kaha, Bayqara ma\u011faralar\u0131, Ho\u00e7az k\u0259ndind\u0259ki ma\u011fara-m\u0259b\u0259d v\u0259 dig\u0259r arxeoloji abid\u0259l\u0259r bu \u0259razinin q\u0259dim d\u00f6vrl\u0259rd\u0259n b\u0259ri&hellip;","_links":{"self":[{"href":"https:\/\/arantv.az\/index.php?rest_route=\/wp\/v2\/posts\/821501"}],"collection":[{"href":"https:\/\/arantv.az\/index.php?rest_route=\/wp\/v2\/posts"}],"about":[{"href":"https:\/\/arantv.az\/index.php?rest_route=\/wp\/v2\/types\/post"}],"author":[{"embeddable":true,"href":"https:\/\/arantv.az\/index.php?rest_route=\/wp\/v2\/users\/2"}],"replies":[{"embeddable":true,"href":"https:\/\/arantv.az\/index.php?rest_route=%2Fwp%2Fv2%2Fcomments&post=821501"}],"version-history":[{"count":2,"href":"https:\/\/arantv.az\/index.php?rest_route=\/wp\/v2\/posts\/821501\/revisions"}],"predecessor-version":[{"id":821504,"href":"https:\/\/arantv.az\/index.php?rest_route=\/wp\/v2\/posts\/821501\/revisions\/821504"}],"wp:featuredmedia":[{"embeddable":true,"href":"https:\/\/arantv.az\/index.php?rest_route=\/wp\/v2\/media\/821502"}],"wp:attachment":[{"href":"https:\/\/arantv.az\/index.php?rest_route=%2Fwp%2Fv2%2Fmedia&parent=821501"}],"wp:term":[{"taxonomy":"category","embeddable":true,"href":"https:\/\/arantv.az\/index.php?rest_route=%2Fwp%2Fv2%2Fcategories&post=821501"},{"taxonomy":"post_tag","embeddable":true,"href":"https:\/\/arantv.az\/index.php?rest_route=%2Fwp%2Fv2%2Ftags&post=821501"}],"curies":[{"name":"wp","href":"https:\/\/api.w.org\/{rel}","templated":true}]}}