{"id":821505,"date":"2025-08-19T20:19:24","date_gmt":"2025-08-19T16:19:24","guid":{"rendered":"https:\/\/arantv.az\/?p=821505"},"modified":"2025-08-19T20:19:24","modified_gmt":"2025-08-19T16:19:24","slug":"lacin-q%c9%99dim-m%c9%99d%c9%99ni-irs","status":"publish","type":"post","link":"https:\/\/arantv.az\/?p=821505","title":{"rendered":"La\u00e7\u0131n: Q\u0259dim m\u0259d\u0259ni irs"},"content":{"rendered":"<p><em><strong>La\u00e7\u0131n rayonu Az\u0259rbaycan\u0131n c\u0259nub-q\u0259rbind\u0259, Ki\u00e7ik Qafqaz da\u011f silsil\u0259sinin \u0259hat\u0259sind\u0259 yerl\u0259\u015f\u0259n, z\u0259ngin tarixi v\u0259 m\u0259d\u0259ni irsi il\u0259 se\u00e7il\u0259n b\u00f6lg\u0259l\u0259rd\u0259n biridir. Bu \u0259razi q\u0259dim zamanlardan b\u0259ri insan m\u0259sk\u0259ni olmu\u015f, Albaniya v\u0259 Atropatena kimi q\u0259dim d\u00f6vl\u0259tl\u0259rin t\u0259rkibind\u0259 yer alm\u0131\u015fd\u0131r. Rayonun \u0259razisind\u0259 yerl\u0259\u015f\u0259n Qaranl\u0131q kaha, Bayqara ma\u011faralar\u0131, Ho\u00e7az k\u0259ndind\u0259ki ma\u011fara-m\u0259b\u0259d v\u0259 dig\u0259r arxeoloji abid\u0259l\u0259r bu \u0259razinin q\u0259dim d\u00f6vrl\u0259rd\u0259n b\u0259ri insan f\u0259aliyy\u0259ti \u00fc\u00e7\u00fcn \u0259lveri\u015fli oldu\u011funu g\u00f6st\u0259rir.<\/strong><\/em><\/p>\n<p>La\u00e7\u0131n \u0259razisi, h\u0259m\u00e7inin, Qaraba\u011f xanl\u0131\u011f\u0131 v\u0259 Z\u0259ng\u0259zur q\u0259zas\u0131n\u0131n t\u0259rkibind\u0259 olmu\u015fdur. Bu b\u00f6lg\u0259, strateji m\u00f6vqeyi v\u0259 t\u0259bii s\u0259rv\u0259tl\u0259ri il\u0259 daim diqq\u0259t m\u0259rk\u0259zind\u0259 olmu\u015f, m\u00fcxt\u0259lif d\u00f6vrl\u0259rd\u0259 m\u00fcxt\u0259lif d\u00f6vl\u0259tl\u0259rin maraq dair\u0259sin\u0259 daxil olmu\u015fdur.<\/p>\n<p>1923-c\u00fc ild\u0259 Abdallar k\u0259ndi La\u00e7\u0131n adland\u0131r\u0131lm\u0131\u015f v\u0259 \u015f\u0259h\u0259r statusu alm\u0131\u015fd\u0131r. Bu ad d\u0259yi\u015fiklik v\u0259 statusun verilm\u0259si, b\u00f6lg\u0259nin inzibati v\u0259 sosial-iqtisadi inki\u015faf\u0131nda m\u00fch\u00fcm rol oynam\u0131\u015fd\u0131r. La\u00e7\u0131n ad\u0131, b\u00f6lg\u0259nin t\u0259bi\u0259ti v\u0259 co\u011frafi x\u00fcsusiyy\u0259tl\u0259ri il\u0259 uy\u011fun g\u0259l\u0259n, &#8220;m\u0259\u011frurluq&#8221; m\u0259nas\u0131n\u0131 ver\u0259n bir ad olaraq se\u00e7ilmi\u015fdir.<\/p>\n<p>La\u00e7\u0131n \u015f\u0259h\u0259ri, yerl\u0259\u015fdiyi strateji m\u00f6vqe v\u0259 \u0259traf k\u0259ndl\u0259rl\u0259 olan \u0259laq\u0259l\u0259ri say\u0259sind\u0259 tez bir zamanda regional m\u0259rk\u0259z\u0259 \u00e7evrilmi\u015fdir. \u015e\u0259h\u0259rin inki\u015faf\u0131, b\u00f6lg\u0259nin \u00fcmumi sosial v\u0259 iqtisadi inki\u015faf\u0131na da t\u0259kan vermi\u015fdir.<\/p>\n<p>1930-cu ild\u0259 Az\u0259rbaycan SSR-d\u0259 inzibati islahatlar n\u0259tic\u0259sind\u0259 La\u00e7\u0131n rayonu inzibati \u0259razi vahidi statusu alm\u0131\u015fd\u0131r. Bu islahatlar \u00e7\u0259r\u00e7iv\u0259sind\u0259 La\u00e7\u0131n \u015f\u0259h\u0259ri rayonun m\u0259rk\u0259zin\u0259 \u00e7evrilmi\u015f v\u0259 \u0259traf k\u0259ndl\u0259r bu inzibati vahid\u0259 daxil edilmi\u015fdir.<\/p>\n<p>Rayonun \u0259razisi 1835 kvadrat kilometr t\u0259\u015fkil edir v\u0259 burada 1 \u015f\u0259h\u0259r, 1 q\u0259s\u0259b\u0259 v\u0259 125 k\u0259nd yerl\u0259\u015fir. La\u00e7\u0131n rayonu, z\u0259ngin t\u0259bii s\u0259rv\u0259tl\u0259ri, o c\u00fcml\u0259d\u0259n me\u015f\u0259 ehtiyatlar\u0131, mineral sular\u0131 v\u0259 m\u00fcxt\u0259lif faydal\u0131 qaz\u0131nt\u0131lar\u0131 il\u0259 tan\u0131n\u0131r. La\u00e7\u0131n rayonu, z\u0259ngin m\u0259d\u0259ni irsi v\u0259 tarixi abid\u0259l\u0259ri il\u0259 d\u0259 se\u00e7ilir. Rayon \u0259razisind\u0259 A\u011fo\u011flan m\u0259b\u0259di (V \u0259sr), M\u0259lik \u018fjd\u0259r t\u00fcrb\u0259si (XII \u0259sr), U\u015faq qalas\u0131 (XV \u0259sr), Kar k\u00fcmb\u0259z (XVII \u0259sr) kimi tarixi abid\u0259l\u0259r m\u00f6vcuddur. Bundan \u0259lav\u0259, rayonun m\u00fcxt\u0259lif k\u0259ndl\u0259rind\u0259 yerl\u0259\u015f\u0259n pirl\u0259r, k\u00f6rp\u00fcl\u0259r v\u0259 dig\u0259r memarl\u0131q n\u00fcmun\u0259l\u0259ri b\u00f6lg\u0259nin z\u0259ngin m\u0259d\u0259ni irsini \u0259ks etdirir. Bu abid\u0259l\u0259r, La\u00e7\u0131n rayonunun tarix boyu m\u00fcxt\u0259lif m\u0259d\u0259niyy\u0259tl\u0259rin v\u0259 sivilizasiyalar\u0131n k\u0259si\u015fm\u0259 n\u00f6qt\u0259sind\u0259 yerl\u0259\u015fdiyini g\u00f6st\u0259rir. Rayonun m\u0259d\u0259ni irsi, h\u0259m\u00e7inin, b\u00f6lg\u0259nin turizm potensial\u0131n\u0131 art\u0131ran m\u00fch\u00fcm amill\u0259rd\u0259n biridir.<\/p>\n<p><strong><em>Yegan\u0259 M\u0259mm\u0259dova,<br \/>\nYAP X\u0259tai rayon t\u0259\u015fkilat\u0131n\u0131n \u0259m\u0259kda\u015f\u0131<\/em><\/strong><\/p>\n","protected":false},"excerpt":{"rendered":"<p>La\u00e7\u0131n rayonu Az\u0259rbaycan\u0131n c\u0259nub-q\u0259rbind\u0259, Ki\u00e7ik Qafqaz da\u011f silsil\u0259sinin \u0259hat\u0259sind\u0259 yerl\u0259\u015f\u0259n, z\u0259ngin tarixi v\u0259 m\u0259d\u0259ni irsi il\u0259 se\u00e7il\u0259n b\u00f6lg\u0259l\u0259rd\u0259n biridir. Bu \u0259razi q\u0259dim zamanlardan b\u0259ri insan m\u0259sk\u0259ni olmu\u015f, Albaniya v\u0259 Atropatena kimi q\u0259dim d\u00f6vl\u0259tl\u0259rin t\u0259rkibind\u0259 yer alm\u0131\u015fd\u0131r. Rayonun \u0259razisind\u0259 yerl\u0259\u015f\u0259n Qaranl\u0131q kaha, Bayqara ma\u011faralar\u0131, Ho\u00e7az k\u0259ndind\u0259ki ma\u011fara-m\u0259b\u0259d v\u0259 dig\u0259r arxeoloji abid\u0259l\u0259r bu \u0259razinin q\u0259dim d\u00f6vrl\u0259rd\u0259n b\u0259ri insan f\u0259aliyy\u0259ti \u00fc\u00e7\u00fcn \u0259lveri\u015fli oldu\u011funu g\u00f6st\u0259rir. La\u00e7\u0131n \u0259razisi, h\u0259m\u00e7inin, Qaraba\u011f xanl\u0131\u011f\u0131 v\u0259 Z\u0259ng\u0259zur q\u0259zas\u0131n\u0131n t\u0259rkibind\u0259 olmu\u015fdur. Bu b\u00f6lg\u0259, strateji m\u00f6vqeyi v\u0259 t\u0259bii s\u0259rv\u0259tl\u0259ri il\u0259 daim diqq\u0259t m\u0259rk\u0259zind\u0259 olmu\u015f, m\u00fcxt\u0259lif d\u00f6vrl\u0259rd\u0259 m\u00fcxt\u0259lif d\u00f6vl\u0259tl\u0259rin maraq dair\u0259sin\u0259 daxil&hellip;<\/p>\n","protected":false},"author":2,"featured_media":821506,"comment_status":"closed","ping_status":"closed","sticky":false,"template":"","format":"standard","meta":{"om_disable_all_campaigns":false,"_monsterinsights_skip_tracking":false,"_monsterinsights_sitenote_active":false,"_monsterinsights_sitenote_note":"","_monsterinsights_sitenote_category":0},"categories":[19],"tags":[],"aioseo_notices":[],"gutentor_comment":0,"rttpg_featured_image_url":{"full":["https:\/\/arantv.az\/wp-content\/uploads\/2025\/08\/bf40d1cb174593699496812430010282445.jpg",975,540,false],"landscape":["https:\/\/arantv.az\/wp-content\/uploads\/2025\/08\/bf40d1cb174593699496812430010282445.jpg",975,540,false],"portraits":["https:\/\/arantv.az\/wp-content\/uploads\/2025\/08\/bf40d1cb174593699496812430010282445.jpg",975,540,false],"thumbnail":["https:\/\/arantv.az\/wp-content\/uploads\/2025\/08\/bf40d1cb174593699496812430010282445-500x280.jpg",500,280,true],"medium":["https:\/\/arantv.az\/wp-content\/uploads\/2025\/08\/bf40d1cb174593699496812430010282445-660x365.jpg",660,365,true],"large":["https:\/\/arantv.az\/wp-content\/uploads\/2025\/08\/bf40d1cb174593699496812430010282445-840x465.jpg",640,354,true],"1536x1536":["https:\/\/arantv.az\/wp-content\/uploads\/2025\/08\/bf40d1cb174593699496812430010282445.jpg",975,540,false],"2048x2048":["https:\/\/arantv.az\/wp-content\/uploads\/2025\/08\/bf40d1cb174593699496812430010282445.jpg",975,540,false],"post-thumbnail":["https:\/\/arantv.az\/wp-content\/uploads\/2025\/08\/bf40d1cb174593699496812430010282445-240x172.jpg",240,172,true],"advps-thumb-one":["https:\/\/arantv.az\/wp-content\/uploads\/2025\/08\/bf40d1cb174593699496812430010282445.jpg",975,540,false]},"rttpg_author":{"display_name":"V\u00fcsal Rafiqo\u011flu","author_link":"https:\/\/arantv.az\/?author=2"},"rttpg_comment":0,"rttpg_category":"<a href=\"https:\/\/arantv.az\/?cat=19\" rel=\"category\">G\u00fcnd\u0259m<\/a>","rttpg_excerpt":"La\u00e7\u0131n rayonu Az\u0259rbaycan\u0131n c\u0259nub-q\u0259rbind\u0259, Ki\u00e7ik Qafqaz da\u011f silsil\u0259sinin \u0259hat\u0259sind\u0259 yerl\u0259\u015f\u0259n, z\u0259ngin tarixi v\u0259 m\u0259d\u0259ni irsi il\u0259 se\u00e7il\u0259n b\u00f6lg\u0259l\u0259rd\u0259n biridir. Bu \u0259razi q\u0259dim zamanlardan b\u0259ri insan m\u0259sk\u0259ni olmu\u015f, Albaniya v\u0259 Atropatena kimi q\u0259dim d\u00f6vl\u0259tl\u0259rin t\u0259rkibind\u0259 yer alm\u0131\u015fd\u0131r. Rayonun \u0259razisind\u0259 yerl\u0259\u015f\u0259n Qaranl\u0131q kaha, Bayqara ma\u011faralar\u0131, Ho\u00e7az k\u0259ndind\u0259ki ma\u011fara-m\u0259b\u0259d v\u0259 dig\u0259r arxeoloji abid\u0259l\u0259r bu \u0259razinin q\u0259dim d\u00f6vrl\u0259rd\u0259n b\u0259ri&hellip;","_links":{"self":[{"href":"https:\/\/arantv.az\/index.php?rest_route=\/wp\/v2\/posts\/821505"}],"collection":[{"href":"https:\/\/arantv.az\/index.php?rest_route=\/wp\/v2\/posts"}],"about":[{"href":"https:\/\/arantv.az\/index.php?rest_route=\/wp\/v2\/types\/post"}],"author":[{"embeddable":true,"href":"https:\/\/arantv.az\/index.php?rest_route=\/wp\/v2\/users\/2"}],"replies":[{"embeddable":true,"href":"https:\/\/arantv.az\/index.php?rest_route=%2Fwp%2Fv2%2Fcomments&post=821505"}],"version-history":[{"count":1,"href":"https:\/\/arantv.az\/index.php?rest_route=\/wp\/v2\/posts\/821505\/revisions"}],"predecessor-version":[{"id":821507,"href":"https:\/\/arantv.az\/index.php?rest_route=\/wp\/v2\/posts\/821505\/revisions\/821507"}],"wp:featuredmedia":[{"embeddable":true,"href":"https:\/\/arantv.az\/index.php?rest_route=\/wp\/v2\/media\/821506"}],"wp:attachment":[{"href":"https:\/\/arantv.az\/index.php?rest_route=%2Fwp%2Fv2%2Fmedia&parent=821505"}],"wp:term":[{"taxonomy":"category","embeddable":true,"href":"https:\/\/arantv.az\/index.php?rest_route=%2Fwp%2Fv2%2Fcategories&post=821505"},{"taxonomy":"post_tag","embeddable":true,"href":"https:\/\/arantv.az\/index.php?rest_route=%2Fwp%2Fv2%2Ftags&post=821505"}],"curies":[{"name":"wp","href":"https:\/\/api.w.org\/{rel}","templated":true}]}}