{"id":821512,"date":"2025-08-19T21:44:23","date_gmt":"2025-08-19T17:44:23","guid":{"rendered":"https:\/\/arantv.az\/?p=821512"},"modified":"2025-08-19T21:44:23","modified_gmt":"2025-08-19T17:44:23","slug":"avqustun-19-u-dunya-fotoqrafiya-gunudur","status":"publish","type":"post","link":"https:\/\/arantv.az\/?p=821512","title":{"rendered":"Avqustun 19-u D\u00fcnya Fotoqrafiya G\u00fcn\u00fcd\u00fcr"},"content":{"rendered":"<p>Avqustun 19-u D\u00fcnya Fotoqrafiya v\u0259 ya D\u00fcnya Foto G\u00fcn\u00fc kimi qeyd olunur.<\/p>\n<p><a class=\"azertac-link\" href=\"https:\/\/azertag.az\/\" target=\"_blank\" rel=\"noopener\">AZ\u018fRTAC<\/a>\u00a0x\u0259b\u0259r verir ki, bu g\u00fcn 2009-cu ild\u0259 avstraliyal\u0131 fotoqraf Korske Ara t\u0259r\u0259find\u0259n t\u0259sis edilib. \u0130lk d\u0259f\u0259 2010-cu ild\u0259 qeyd olunan bu g\u00fcn insanlara \u00f6zl\u0259rini ifad\u0259 etm\u0259y\u0259 imkan ver\u0259n v\u0259 ictimaiyy\u0259tin diqq\u0259tini \u00e7\u0259k\u0259n fotoqrafiya s\u0259n\u0259tinin qlobal bayram\u0131d\u0131r.<\/p>\n<p>H\u0259r il avqustun 19-da d\u00fcnyan\u0131n h\u0259r yerind\u0259n pe\u015f\u0259kar v\u0259 h\u0259v\u0259skar fotoqraflar m\u00fcxt\u0259lif foto\u015f\u0259kill\u0259r \u00e7\u0259k\u0259r\u0259k #worldphotoday h\u0259\u015ft\u0259qi vasit\u0259sil\u0259 izl\u0259yicil\u0259ri il\u0259 payla\u015f\u0131rlar.<\/p>\n","protected":false},"excerpt":{"rendered":"<p>Avqustun 19-u D\u00fcnya Fotoqrafiya v\u0259 ya D\u00fcnya Foto G\u00fcn\u00fc kimi qeyd olunur. AZ\u018fRTAC\u00a0x\u0259b\u0259r verir ki, bu g\u00fcn 2009-cu ild\u0259 avstraliyal\u0131 fotoqraf Korske Ara t\u0259r\u0259find\u0259n t\u0259sis edilib. \u0130lk d\u0259f\u0259 2010-cu ild\u0259 qeyd olunan bu g\u00fcn insanlara \u00f6zl\u0259rini ifad\u0259 etm\u0259y\u0259 imkan ver\u0259n v\u0259 ictimaiyy\u0259tin diqq\u0259tini \u00e7\u0259k\u0259n fotoqrafiya s\u0259n\u0259tinin qlobal bayram\u0131d\u0131r. H\u0259r il avqustun 19-da d\u00fcnyan\u0131n h\u0259r yerind\u0259n pe\u015f\u0259kar v\u0259 h\u0259v\u0259skar fotoqraflar m\u00fcxt\u0259lif foto\u015f\u0259kill\u0259r \u00e7\u0259k\u0259r\u0259k #worldphotoday h\u0259\u015ft\u0259qi vasit\u0259sil\u0259 izl\u0259yicil\u0259ri il\u0259 payla\u015f\u0131rlar.<\/p>\n","protected":false},"author":2,"featured_media":821514,"comment_status":"closed","ping_status":"closed","sticky":false,"template":"","format":"standard","meta":{"om_disable_all_campaigns":false,"_monsterinsights_skip_tracking":false,"_monsterinsights_sitenote_active":false,"_monsterinsights_sitenote_note":"","_monsterinsights_sitenote_category":0},"categories":[1],"tags":[],"aioseo_notices":[],"gutentor_comment":0,"rttpg_featured_image_url":{"full":["https:\/\/arantv.az\/wp-content\/uploads\/2025\/08\/1755583288142452306_1200x630-1.jpg",923,630,false],"landscape":["https:\/\/arantv.az\/wp-content\/uploads\/2025\/08\/1755583288142452306_1200x630-1.jpg",923,630,false],"portraits":["https:\/\/arantv.az\/wp-content\/uploads\/2025\/08\/1755583288142452306_1200x630-1.jpg",923,630,false],"thumbnail":["https:\/\/arantv.az\/wp-content\/uploads\/2025\/08\/1755583288142452306_1200x630-1-500x280.jpg",500,280,true],"medium":["https:\/\/arantv.az\/wp-content\/uploads\/2025\/08\/1755583288142452306_1200x630-1-535x365.jpg",535,365,true],"large":["https:\/\/arantv.az\/wp-content\/uploads\/2025\/08\/1755583288142452306_1200x630-1-840x573.jpg",640,437,true],"1536x1536":["https:\/\/arantv.az\/wp-content\/uploads\/2025\/08\/1755583288142452306_1200x630-1.jpg",923,630,false],"2048x2048":["https:\/\/arantv.az\/wp-content\/uploads\/2025\/08\/1755583288142452306_1200x630-1.jpg",923,630,false],"post-thumbnail":["https:\/\/arantv.az\/wp-content\/uploads\/2025\/08\/1755583288142452306_1200x630-1-240x172.jpg",240,172,true],"advps-thumb-one":["https:\/\/arantv.az\/wp-content\/uploads\/2025\/08\/1755583288142452306_1200x630-1-923x620.jpg",923,620,true]},"rttpg_author":{"display_name":"V\u00fcsal Rafiqo\u011flu","author_link":"https:\/\/arantv.az\/?author=2"},"rttpg_comment":0,"rttpg_category":"<a href=\"https:\/\/arantv.az\/?cat=1\" rel=\"category\">C\u0259miyy\u0259t<\/a>","rttpg_excerpt":"Avqustun 19-u D\u00fcnya Fotoqrafiya v\u0259 ya D\u00fcnya Foto G\u00fcn\u00fc kimi qeyd olunur. AZ\u018fRTAC\u00a0x\u0259b\u0259r verir ki, bu g\u00fcn 2009-cu ild\u0259 avstraliyal\u0131 fotoqraf Korske Ara t\u0259r\u0259find\u0259n t\u0259sis edilib. \u0130lk d\u0259f\u0259 2010-cu ild\u0259 qeyd olunan bu g\u00fcn insanlara \u00f6zl\u0259rini ifad\u0259 etm\u0259y\u0259 imkan ver\u0259n v\u0259 ictimaiyy\u0259tin diqq\u0259tini \u00e7\u0259k\u0259n fotoqrafiya s\u0259n\u0259tinin qlobal bayram\u0131d\u0131r. H\u0259r il avqustun 19-da d\u00fcnyan\u0131n h\u0259r yerind\u0259n&hellip;","_links":{"self":[{"href":"https:\/\/arantv.az\/index.php?rest_route=\/wp\/v2\/posts\/821512"}],"collection":[{"href":"https:\/\/arantv.az\/index.php?rest_route=\/wp\/v2\/posts"}],"about":[{"href":"https:\/\/arantv.az\/index.php?rest_route=\/wp\/v2\/types\/post"}],"author":[{"embeddable":true,"href":"https:\/\/arantv.az\/index.php?rest_route=\/wp\/v2\/users\/2"}],"replies":[{"embeddable":true,"href":"https:\/\/arantv.az\/index.php?rest_route=%2Fwp%2Fv2%2Fcomments&post=821512"}],"version-history":[{"count":2,"href":"https:\/\/arantv.az\/index.php?rest_route=\/wp\/v2\/posts\/821512\/revisions"}],"predecessor-version":[{"id":821516,"href":"https:\/\/arantv.az\/index.php?rest_route=\/wp\/v2\/posts\/821512\/revisions\/821516"}],"wp:featuredmedia":[{"embeddable":true,"href":"https:\/\/arantv.az\/index.php?rest_route=\/wp\/v2\/media\/821514"}],"wp:attachment":[{"href":"https:\/\/arantv.az\/index.php?rest_route=%2Fwp%2Fv2%2Fmedia&parent=821512"}],"wp:term":[{"taxonomy":"category","embeddable":true,"href":"https:\/\/arantv.az\/index.php?rest_route=%2Fwp%2Fv2%2Fcategories&post=821512"},{"taxonomy":"post_tag","embeddable":true,"href":"https:\/\/arantv.az\/index.php?rest_route=%2Fwp%2Fv2%2Ftags&post=821512"}],"curies":[{"name":"wp","href":"https:\/\/api.w.org\/{rel}","templated":true}]}}