{"id":821520,"date":"2025-08-19T22:40:37","date_gmt":"2025-08-19T18:40:37","guid":{"rendered":"https:\/\/arantv.az\/?p=821520"},"modified":"2025-08-19T22:40:37","modified_gmt":"2025-08-19T18:40:37","slug":"lacin-s%c9%99h%c9%99rinin-azad-olunmasi-z%c9%99f%c9%99r-tariximizin-parlaq-s%c9%99hif%c9%99sidir","status":"publish","type":"post","link":"https:\/\/arantv.az\/?p=821520","title":{"rendered":"La\u00e7\u0131n \u015f\u0259h\u0259rinin azad olunmas\u0131 Z\u0259f\u0259r tariximizin parlaq s\u0259hif\u0259sidir"},"content":{"rendered":"<div class=\"content lead font-weight-normal\">\n<p>Az\u0259rbaycan\u0131n m\u00fcasir tarixind\u0259 \u015fanl\u0131 s\u0259hif\u0259l\u0259rd\u0259n biri d\u0259 La\u00e7\u0131n \u015f\u0259h\u0259rinin v\u0259 rayonunun i\u015f\u011faldan azad olunmas\u0131 il\u0259 yaz\u0131ld\u0131. 1992-ci ilin may\u0131nda Erm\u0259nistan silahl\u0131 q\u00fcvv\u0259l\u0259ri t\u0259r\u0259find\u0259n i\u015f\u011fal edil\u0259n La\u00e7\u0131n, Az\u0259rbaycan\u0131n Qaraba\u011f b\u00f6lg\u0259sini Erm\u0259nistanla birl\u0259\u015fdir\u0259n strateji co\u011frafi m\u00f6vqeyi il\u0259 x\u00fcsusi \u0259h\u0259miyy\u0259t da\u015f\u0131y\u0131rd\u0131. M\u0259hz bu s\u0259b\u0259bd\u0259n La\u00e7\u0131n i\u015f\u011fal olunduqdan sonra Erm\u0259nistan Az\u0259rbaycan \u0259razil\u0259ri \u00fcz\u0259rind\u0259 n\u0259zar\u0259tini geni\u015fl\u0259ndirm\u0259k \u00fc\u00e7\u00fcn \u0259sas k\u00f6rp\u00fcn\u00fc \u0259ld\u0259 etmi\u015fdi. \u00dc\u00e7 onillik \u0259rzind\u0259 La\u00e7\u0131n faci\u0259si xalq\u0131m\u0131z\u0131n q\u0259lbind\u0259 a\u011f\u0131r bir yara kimi ya\u015fay\u0131rd\u0131. 2020-ci ild\u0259 Az\u0259rbaycan Ordusunun M\u00fcz\u0259ff\u0259r Ali Ba\u015f Komandan\u0131 \u0130lham \u018fliyevin r\u0259hb\u0259rliyi il\u0259 \u0259ld\u0259 etdiyi q\u0259l\u0259b\u0259 n\u0259tic\u0259sind\u0259 La\u00e7\u0131n rayonunun b\u00f6y\u00fck hiss\u0259si i\u015f\u011faldan azad edildi. 2020-ci il 10 noyabr tarixli \u00fc\u00e7t\u0259r\u0259fli b\u0259yanata \u0259sas\u0259n La\u00e7\u0131n \u015f\u0259h\u0259ri v\u0259 La\u00e7\u0131n d\u0259hlizi m\u00fcv\u0259qq\u0259ti olaraq Rusiya s\u00fclhm\u0259raml\u0131lar\u0131n\u0131n n\u0259zar\u0259tin\u0259 verilmi\u015fdi. Lakin d\u00f6vl\u0259t ba\u015f\u00e7\u0131m\u0131z d\u0259f\u0259l\u0259rl\u0259 b\u0259yan edirdi ki, La\u00e7\u0131n da \u00f6z do\u011fma sahibl\u0259rin\u0259 qaytar\u0131lacaq. 2022-ci ilin avqustunda is\u0259 tarixi \u0259dal\u0259t tam b\u0259rpa olundu: Az\u0259rbaycan ordusu La\u00e7\u0131n \u015f\u0259h\u0259rin\u0259 daxil oldu, yeni alternativ yol istifad\u0259y\u0259 verildi v\u0259 bel\u0259likl\u0259, \u015f\u0259h\u0259rimiz tam suverenliyimiz alt\u0131na ke\u00e7di. C\u0259nab Prezident \u0130lham \u018fliyevin dediyi kimi: \u201cAz\u0259rbaycan \u00f6z suverenliyini b\u0259rpa ed\u0259r\u0259k, La\u00e7\u0131n \u015f\u0259h\u0259rin\u0259 v\u0259 k\u0259ndl\u0259rin\u0259 b\u00f6y\u00fck h\u0259yat g\u0259tirmi\u015fdir. Bu, t\u0259kc\u0259 h\u0259rbi v\u0259 siyasi q\u0259l\u0259b\u0259 deyil, h\u0259m d\u0259 m\u0259n\u0259vi z\u0259f\u0259rdir.\u201d<\/p>\n<p>Do\u011frudan da, bu g\u00fcn La\u00e7\u0131nda yeni h\u0259yat ba\u015flay\u0131b. \u015e\u0259h\u0259r tamamil\u0259 b\u0259rpa edilir, yollar, m\u0259kt\u0259bl\u0259r, x\u0259st\u0259xanalar, sosial obyektl\u0259r tikilir. 2023-c\u00fc ild\u0259 art\u0131q ilk k\u00f6\u00e7 karvan\u0131 La\u00e7\u0131na qay\u0131td\u0131 v\u0259 y\u00fczl\u0259rl\u0259 ail\u0259 \u00f6z do\u011fma yurduna qovu\u015fdu. La\u00e7\u0131n \u015f\u0259h\u0259rinin azad olunmas\u0131 Az\u0259rbaycan\u0131n d\u00f6vl\u0259t\u00e7ilik tarixind\u0259 strateji, siyasi v\u0259 m\u0259n\u0259vi bax\u0131mdan d\u00f6n\u00fc\u015f n\u00f6qt\u0259si oldu. \u018fvv\u0259la, bu, \u00f6lk\u0259mizin \u0259razi b\u00fct\u00f6vl\u00fcy\u00fcn\u00fcn tam b\u0259rpa olunmas\u0131n\u0131n \u0259sas m\u0259rh\u0259l\u0259l\u0259rind\u0259n biri idi. \u0130kincisi, bu z\u0259f\u0259r Az\u0259rbaycan\u0131n beyn\u0259lxalq m\u00fcst\u0259vid\u0259 m\u00f6vqel\u0259rini daha da g\u00fccl\u0259ndirdi. \u00c7\u00fcnki Az\u0259rbaycan s\u00fcbut etdi ki, \u00f6z torpaqlar\u0131n\u0131 i\u015f\u011faldan azad etm\u0259k \u00fc\u00e7\u00fcn h\u0259m siyasi irad\u0259y\u0259, h\u0259m g\u00fccl\u00fc ordusuna, h\u0259m d\u0259 xalq\u0131n d\u0259mir irad\u0259sin\u0259 arxalan\u0131r. La\u00e7\u0131n\u0131n b\u0259rpas\u0131 is\u0259 m\u00fcasir Az\u0259rbaycan\u0131n g\u00fcc\u00fcn\u00fcn, inki\u015faf\u0131n\u0131n, azad edilmi\u015f \u0259razil\u0259rd\u0259 h\u0259yata ke\u00e7iril\u0259n geni\u015fmiqyasl\u0131 \u201cB\u00f6y\u00fck Qay\u0131d\u0131\u015f\u201d proqram\u0131n\u0131n t\u0259c\u0259ss\u00fcm\u00fcd\u00fcr. D\u00f6vl\u0259tin \u0259sas prioritetl\u0259rind\u0259n biri m\u0259hz i\u015f\u011faldan azad olunmu\u015f \u0259razil\u0259rin yenid\u0259n qurulmas\u0131d\u0131r. Bu \u00e7\u0259r\u00e7iv\u0259d\u0259 La\u00e7\u0131nda yeni ya\u015fay\u0131\u015f kompleksl\u0259ri sal\u0131n\u0131r, elektrik, su v\u0259 kommunikasiya infrastruktur \u015f\u0259b\u0259k\u0259l\u0259ri yarad\u0131l\u0131r. B\u00fct\u00fcn bunlar q\u0131sa m\u00fcdd\u0259td\u0259 g\u00f6r\u00fcl\u0259n i\u015fl\u0259rin miqyas\u0131n\u0131 g\u00f6st\u0259rir. Eyni zamanda La\u00e7\u0131n\u0131n azad olunmas\u0131 T\u00fcrk d\u00fcnyas\u0131, el\u0259c\u0259 d\u0259 region \u00f6lk\u0259l\u0259ri \u00fc\u00e7\u00fcn m\u00fch\u00fcm geosiyasi hadis\u0259 oldu. \u00c7\u00fcnki bu, Az\u0259rbaycan\u0131n regiondak\u0131 rolunu art\u0131rd\u0131, Z\u0259ng\u0259zur d\u0259hlizi layih\u0259sinin realla\u015fmas\u0131na t\u0259kan verdi. La\u00e7\u0131n \u00fcz\u0259rind\u0259n ke\u00e7\u0259n yeni n\u0259qliyyat x\u0259tl\u0259ri t\u0259kc\u0259 \u00f6lk\u0259miz \u00fc\u00e7\u00fcn deyil, b\u00fct\u00fcn region \u00fc\u00e7\u00fcn m\u00fch\u00fcm \u0259h\u0259miyy\u0259t da\u015f\u0131y\u0131r. La\u00e7\u0131n z\u0259f\u0259ri h\u0259m d\u0259 milli birlik, d\u00f6vl\u0259t-xalq h\u0259mr\u0259yliyinin bariz n\u00fcmun\u0259sidir. Az\u0259rbaycan xalq\u0131 bu yolda Ali Ba\u015f Komandan\u0131n \u0259traf\u0131nda bir yumruq kimi birl\u0259\u015fdi. Tarixi t\u0259cr\u00fcb\u0259 g\u00f6st\u0259rdi ki, xalq v\u0259 d\u00f6vl\u0259t bir amal u\u011frunda birl\u0259\u015f\u0259nd\u0259 he\u00e7 bir g\u00fcc qar\u015f\u0131s\u0131nda dayana bilm\u0259z.<\/p>\n<p>Bu g\u00fcn La\u00e7\u0131n yenid\u0259n qurulur, tarix yenid\u0259n yaz\u0131l\u0131r. Bu z\u0259f\u0259r bizim g\u0259l\u0259c\u0259k n\u0259sill\u0259rimiz\u0259 \u0259man\u0259t edil\u0259n \u0259n b\u00f6y\u00fck q\u00fcrur v\u0259 iftixar m\u0259nb\u0259yidir. La\u00e7\u0131n \u015f\u0259h\u0259rinin azad olunmas\u0131 il\u0259 Az\u0259rbaycan xalq\u0131 h\u0259m \u00f6z milli q\u00fcrurunu, h\u0259m d\u0259 d\u00f6vl\u0259t suverenliyini tam \u015f\u0259kild\u0259 b\u0259rpa etmi\u015f oldu. Bu g\u00fcn h\u0259r bir az\u0259rbaycanl\u0131 f\u0259xrl\u0259 dey\u0259 bil\u0259r ki, La\u00e7\u0131n Az\u0259rbaycand\u0131r!<\/p>\n<p><strong>David \u0130bramx\u0259lilov,<\/strong><br \/>\n<em>YAP Qusar rayon t\u0259\u015fkilat\u0131n\u0131n s\u0259dri<\/em><\/p>\n<div class=\"clearfix\"><\/div>\n<\/div>\n<div class=\"fotorama--hidden\"><\/div>\n<div id=\"galleryList\" class=\"fotorama fotorama1755628786862\" data-nav=\"thumbs\" data-width=\"100%\" data-thumbwidth=\"90\" data-thumbheight=\"60\" data-allowfullscreen=\"true\" data-autoplay=\"3000\" data-ratio=\"1.5\" data-keyboard=\"true\" data-fit=\"contain\">\n<div class=\"fotorama__wrap fotorama__wrap--css3 fotorama__wrap--slide fotorama__wrap--toggle-arrows fotorama__wrap--no-controls\">\n<div class=\"fotorama__stage\">\n<div class=\"fotorama__fullscreen-icon\" tabindex=\"0\" role=\"button\"><\/div>\n<div class=\"fotorama__stage__shaft\">\n<div class=\"fotorama__stage__frame fotorama__loaded fotorama__loaded--img fotorama__active\"><img class=\"fotorama__img\" src=\"https:\/\/ikisahil.az\/photo\/0x0_2\/upload\/gallery\/2025\/08\/19\/-9edcc139175559949765398665910356809.jpg\" \/><\/div>\n<\/div>\n<div class=\"fotorama__video-close\"><\/div>\n<\/div>\n<\/div>\n<\/div>\n<div class=\"sharing my-2 row no-gutters d-print-none\">\n<div class=\"col-md-3\"><\/div>\n<\/div>\n<div class=\"d-none d-sm-block\"><\/div>\n","protected":false},"excerpt":{"rendered":"<p>Az\u0259rbaycan\u0131n m\u00fcasir tarixind\u0259 \u015fanl\u0131 s\u0259hif\u0259l\u0259rd\u0259n biri d\u0259 La\u00e7\u0131n \u015f\u0259h\u0259rinin v\u0259 rayonunun i\u015f\u011faldan azad olunmas\u0131 il\u0259 yaz\u0131ld\u0131. 1992-ci ilin may\u0131nda Erm\u0259nistan silahl\u0131 q\u00fcvv\u0259l\u0259ri t\u0259r\u0259find\u0259n i\u015f\u011fal edil\u0259n La\u00e7\u0131n, Az\u0259rbaycan\u0131n Qaraba\u011f b\u00f6lg\u0259sini Erm\u0259nistanla birl\u0259\u015fdir\u0259n strateji co\u011frafi m\u00f6vqeyi il\u0259 x\u00fcsusi \u0259h\u0259miyy\u0259t da\u015f\u0131y\u0131rd\u0131. M\u0259hz bu s\u0259b\u0259bd\u0259n La\u00e7\u0131n i\u015f\u011fal olunduqdan sonra Erm\u0259nistan Az\u0259rbaycan \u0259razil\u0259ri \u00fcz\u0259rind\u0259 n\u0259zar\u0259tini geni\u015fl\u0259ndirm\u0259k \u00fc\u00e7\u00fcn \u0259sas k\u00f6rp\u00fcn\u00fc \u0259ld\u0259 etmi\u015fdi. \u00dc\u00e7 onillik \u0259rzind\u0259 La\u00e7\u0131n faci\u0259si xalq\u0131m\u0131z\u0131n q\u0259lbind\u0259 a\u011f\u0131r bir yara kimi ya\u015fay\u0131rd\u0131. 2020-ci ild\u0259 Az\u0259rbaycan Ordusunun M\u00fcz\u0259ff\u0259r Ali Ba\u015f Komandan\u0131 \u0130lham \u018fliyevin r\u0259hb\u0259rliyi il\u0259 \u0259ld\u0259 etdiyi q\u0259l\u0259b\u0259 n\u0259tic\u0259sind\u0259 La\u00e7\u0131n rayonunun b\u00f6y\u00fck hiss\u0259si i\u015f\u011faldan azad&hellip;<\/p>\n","protected":false},"author":2,"featured_media":821521,"comment_status":"closed","ping_status":"closed","sticky":false,"template":"","format":"standard","meta":{"om_disable_all_campaigns":false,"_monsterinsights_skip_tracking":false,"_monsterinsights_sitenote_active":false,"_monsterinsights_sitenote_note":"","_monsterinsights_sitenote_category":0},"categories":[19],"tags":[],"aioseo_notices":[],"gutentor_comment":0,"rttpg_featured_image_url":{"full":["https:\/\/arantv.az\/wp-content\/uploads\/2025\/08\/94b5bde6174833691657792954610185909.jpg",975,540,false],"landscape":["https:\/\/arantv.az\/wp-content\/uploads\/2025\/08\/94b5bde6174833691657792954610185909.jpg",975,540,false],"portraits":["https:\/\/arantv.az\/wp-content\/uploads\/2025\/08\/94b5bde6174833691657792954610185909.jpg",975,540,false],"thumbnail":["https:\/\/arantv.az\/wp-content\/uploads\/2025\/08\/94b5bde6174833691657792954610185909-500x280.jpg",500,280,true],"medium":["https:\/\/arantv.az\/wp-content\/uploads\/2025\/08\/94b5bde6174833691657792954610185909-660x365.jpg",660,365,true],"large":["https:\/\/arantv.az\/wp-content\/uploads\/2025\/08\/94b5bde6174833691657792954610185909-840x465.jpg",640,354,true],"1536x1536":["https:\/\/arantv.az\/wp-content\/uploads\/2025\/08\/94b5bde6174833691657792954610185909.jpg",975,540,false],"2048x2048":["https:\/\/arantv.az\/wp-content\/uploads\/2025\/08\/94b5bde6174833691657792954610185909.jpg",975,540,false],"post-thumbnail":["https:\/\/arantv.az\/wp-content\/uploads\/2025\/08\/94b5bde6174833691657792954610185909-240x172.jpg",240,172,true],"advps-thumb-one":["https:\/\/arantv.az\/wp-content\/uploads\/2025\/08\/94b5bde6174833691657792954610185909.jpg",975,540,false]},"rttpg_author":{"display_name":"V\u00fcsal Rafiqo\u011flu","author_link":"https:\/\/arantv.az\/?author=2"},"rttpg_comment":0,"rttpg_category":"<a href=\"https:\/\/arantv.az\/?cat=19\" rel=\"category\">G\u00fcnd\u0259m<\/a>","rttpg_excerpt":"Az\u0259rbaycan\u0131n m\u00fcasir tarixind\u0259 \u015fanl\u0131 s\u0259hif\u0259l\u0259rd\u0259n biri d\u0259 La\u00e7\u0131n \u015f\u0259h\u0259rinin v\u0259 rayonunun i\u015f\u011faldan azad olunmas\u0131 il\u0259 yaz\u0131ld\u0131. 1992-ci ilin may\u0131nda Erm\u0259nistan silahl\u0131 q\u00fcvv\u0259l\u0259ri t\u0259r\u0259find\u0259n i\u015f\u011fal edil\u0259n La\u00e7\u0131n, Az\u0259rbaycan\u0131n Qaraba\u011f b\u00f6lg\u0259sini Erm\u0259nistanla birl\u0259\u015fdir\u0259n strateji co\u011frafi m\u00f6vqeyi il\u0259 x\u00fcsusi \u0259h\u0259miyy\u0259t da\u015f\u0131y\u0131rd\u0131. M\u0259hz bu s\u0259b\u0259bd\u0259n La\u00e7\u0131n i\u015f\u011fal olunduqdan sonra Erm\u0259nistan Az\u0259rbaycan \u0259razil\u0259ri \u00fcz\u0259rind\u0259 n\u0259zar\u0259tini geni\u015fl\u0259ndirm\u0259k \u00fc\u00e7\u00fcn \u0259sas k\u00f6rp\u00fcn\u00fc \u0259ld\u0259&hellip;","_links":{"self":[{"href":"https:\/\/arantv.az\/index.php?rest_route=\/wp\/v2\/posts\/821520"}],"collection":[{"href":"https:\/\/arantv.az\/index.php?rest_route=\/wp\/v2\/posts"}],"about":[{"href":"https:\/\/arantv.az\/index.php?rest_route=\/wp\/v2\/types\/post"}],"author":[{"embeddable":true,"href":"https:\/\/arantv.az\/index.php?rest_route=\/wp\/v2\/users\/2"}],"replies":[{"embeddable":true,"href":"https:\/\/arantv.az\/index.php?rest_route=%2Fwp%2Fv2%2Fcomments&post=821520"}],"version-history":[{"count":2,"href":"https:\/\/arantv.az\/index.php?rest_route=\/wp\/v2\/posts\/821520\/revisions"}],"predecessor-version":[{"id":821523,"href":"https:\/\/arantv.az\/index.php?rest_route=\/wp\/v2\/posts\/821520\/revisions\/821523"}],"wp:featuredmedia":[{"embeddable":true,"href":"https:\/\/arantv.az\/index.php?rest_route=\/wp\/v2\/media\/821521"}],"wp:attachment":[{"href":"https:\/\/arantv.az\/index.php?rest_route=%2Fwp%2Fv2%2Fmedia&parent=821520"}],"wp:term":[{"taxonomy":"category","embeddable":true,"href":"https:\/\/arantv.az\/index.php?rest_route=%2Fwp%2Fv2%2Fcategories&post=821520"},{"taxonomy":"post_tag","embeddable":true,"href":"https:\/\/arantv.az\/index.php?rest_route=%2Fwp%2Fv2%2Ftags&post=821520"}],"curies":[{"name":"wp","href":"https:\/\/api.w.org\/{rel}","templated":true}]}}