{"id":821555,"date":"2025-08-20T08:27:09","date_gmt":"2025-08-20T04:27:09","guid":{"rendered":"https:\/\/arantv.az\/?p=821555"},"modified":"2025-08-20T08:27:09","modified_gmt":"2025-08-20T04:27:09","slug":"fransa-az%c9%99rbaycana-yeni-s%c9%99fir-t%c9%99yin-edib-2","status":"publish","type":"post","link":"https:\/\/arantv.az\/?p=821555","title":{"rendered":"Fransa Az\u0259rbaycana yeni s\u0259fir t\u0259yin edib"},"content":{"rendered":"<p>Fransa Az\u0259rbaycana yeni s\u0259fir t\u0259yin edib.<\/p>\n<p>APA x\u0259b\u0259r verir ki, bu bar\u0259d\u0259 Fransa S\u0259firliyi sosial mediada payla\u015f\u0131m edib.<\/p>\n<p>M\u0259lumata g\u00f6r\u0259, Sofi Laqut Fransan\u0131n Az\u0259rbaycandak\u0131 yeni s\u0259firi t\u0259yin edilib.<\/p>\n<p>Yeni s\u0259fir Sofi Laqut \u00f6z\u00fc d\u0259 bununla ba\u011fl\u0131 sosial media hesab\u0131nda payla\u015f\u0131m edib.<\/p>\n<p>\u201cFransaya, maraqlar\u0131m\u0131za v\u0259 h\u0259mv\u0259t\u0259nl\u0259rimiz\u0259 Az\u0259rbaycanda s\u0259fir kimi xidm\u0259t ed\u0259c\u0259k olma\u011f\u0131m m\u0259nim \u00fc\u00e7\u00fcn b\u00f6y\u00fck \u015f\u0259r\u0259fdir. Bu v\u0259zif\u0259ni Ann Buayon\u0131n yolunu davam etdir\u0259r\u0259k icra ed\u0259c\u0259y\u0259m.<\/p>\n<p>Fransan\u0131n Az\u0259rbaycandak\u0131 s\u0259firliyinin komandas\u0131 il\u0259 birlikd\u0259 \u00f6lk\u0259miz v\u0259 Avropa \u0130ttifaq\u0131 \u00fc\u00e7\u00fcn strateji \u0259h\u0259miyy\u0259t da\u015f\u0131yan bu regionda Fransa-Az\u0259rbaycan \u0259laq\u0259l\u0259rini daha da inki\u015faf etdirm\u0259yi s\u0259birsizlikl\u0259 g\u00f6zl\u0259yir\u0259m\u201d, &#8211; diplomat qeyd edib.<\/p>\n","protected":false},"excerpt":{"rendered":"<p>Fransa Az\u0259rbaycana yeni s\u0259fir t\u0259yin edib. APA x\u0259b\u0259r verir ki, bu bar\u0259d\u0259 Fransa S\u0259firliyi sosial mediada payla\u015f\u0131m edib. M\u0259lumata g\u00f6r\u0259, Sofi Laqut Fransan\u0131n Az\u0259rbaycandak\u0131 yeni s\u0259firi t\u0259yin edilib. Yeni s\u0259fir Sofi Laqut \u00f6z\u00fc d\u0259 bununla ba\u011fl\u0131 sosial media hesab\u0131nda payla\u015f\u0131m edib. \u201cFransaya, maraqlar\u0131m\u0131za v\u0259 h\u0259mv\u0259t\u0259nl\u0259rimiz\u0259 Az\u0259rbaycanda s\u0259fir kimi xidm\u0259t ed\u0259c\u0259k olma\u011f\u0131m m\u0259nim \u00fc\u00e7\u00fcn b\u00f6y\u00fck \u015f\u0259r\u0259fdir. Bu v\u0259zif\u0259ni Ann Buayon\u0131n yolunu davam etdir\u0259r\u0259k icra ed\u0259c\u0259y\u0259m. Fransan\u0131n Az\u0259rbaycandak\u0131 s\u0259firliyinin komandas\u0131 il\u0259 birlikd\u0259 \u00f6lk\u0259miz v\u0259 Avropa \u0130ttifaq\u0131 \u00fc\u00e7\u00fcn strateji \u0259h\u0259miyy\u0259t da\u015f\u0131yan bu regionda Fransa-Az\u0259rbaycan \u0259laq\u0259l\u0259rini daha da inki\u015faf etdirm\u0259yi s\u0259birsizlikl\u0259 g\u00f6zl\u0259yir\u0259m\u201d, &#8211; diplomat&hellip;<\/p>\n","protected":false},"author":2,"featured_media":821556,"comment_status":"closed","ping_status":"closed","sticky":false,"template":"","format":"standard","meta":{"om_disable_all_campaigns":false,"_monsterinsights_skip_tracking":false,"_monsterinsights_sitenote_active":false,"_monsterinsights_sitenote_note":"","_monsterinsights_sitenote_category":0},"categories":[19],"tags":[],"aioseo_notices":[],"gutentor_comment":0,"rttpg_featured_image_url":{"full":["https:\/\/arantv.az\/wp-content\/uploads\/2025\/08\/1c430c36e14bb02fab1405cb740e3e0a.jpg",870,500,false],"landscape":["https:\/\/arantv.az\/wp-content\/uploads\/2025\/08\/1c430c36e14bb02fab1405cb740e3e0a.jpg",870,500,false],"portraits":["https:\/\/arantv.az\/wp-content\/uploads\/2025\/08\/1c430c36e14bb02fab1405cb740e3e0a.jpg",870,500,false],"thumbnail":["https:\/\/arantv.az\/wp-content\/uploads\/2025\/08\/1c430c36e14bb02fab1405cb740e3e0a-500x280.jpg",500,280,true],"medium":["https:\/\/arantv.az\/wp-content\/uploads\/2025\/08\/1c430c36e14bb02fab1405cb740e3e0a-635x365.jpg",635,365,true],"large":["https:\/\/arantv.az\/wp-content\/uploads\/2025\/08\/1c430c36e14bb02fab1405cb740e3e0a-840x483.jpg",640,368,true],"1536x1536":["https:\/\/arantv.az\/wp-content\/uploads\/2025\/08\/1c430c36e14bb02fab1405cb740e3e0a.jpg",870,500,false],"2048x2048":["https:\/\/arantv.az\/wp-content\/uploads\/2025\/08\/1c430c36e14bb02fab1405cb740e3e0a.jpg",870,500,false],"post-thumbnail":["https:\/\/arantv.az\/wp-content\/uploads\/2025\/08\/1c430c36e14bb02fab1405cb740e3e0a-240x172.jpg",240,172,true],"advps-thumb-one":["https:\/\/arantv.az\/wp-content\/uploads\/2025\/08\/1c430c36e14bb02fab1405cb740e3e0a.jpg",870,500,false]},"rttpg_author":{"display_name":"V\u00fcsal Rafiqo\u011flu","author_link":"https:\/\/arantv.az\/?author=2"},"rttpg_comment":0,"rttpg_category":"<a href=\"https:\/\/arantv.az\/?cat=19\" rel=\"category\">G\u00fcnd\u0259m<\/a>","rttpg_excerpt":"Fransa Az\u0259rbaycana yeni s\u0259fir t\u0259yin edib. APA x\u0259b\u0259r verir ki, bu bar\u0259d\u0259 Fransa S\u0259firliyi sosial mediada payla\u015f\u0131m edib. M\u0259lumata g\u00f6r\u0259, Sofi Laqut Fransan\u0131n Az\u0259rbaycandak\u0131 yeni s\u0259firi t\u0259yin edilib. Yeni s\u0259fir Sofi Laqut \u00f6z\u00fc d\u0259 bununla ba\u011fl\u0131 sosial media hesab\u0131nda payla\u015f\u0131m edib. \u201cFransaya, maraqlar\u0131m\u0131za v\u0259 h\u0259mv\u0259t\u0259nl\u0259rimiz\u0259 Az\u0259rbaycanda s\u0259fir kimi xidm\u0259t ed\u0259c\u0259k olma\u011f\u0131m m\u0259nim \u00fc\u00e7\u00fcn b\u00f6y\u00fck \u015f\u0259r\u0259fdir.&hellip;","_links":{"self":[{"href":"https:\/\/arantv.az\/index.php?rest_route=\/wp\/v2\/posts\/821555"}],"collection":[{"href":"https:\/\/arantv.az\/index.php?rest_route=\/wp\/v2\/posts"}],"about":[{"href":"https:\/\/arantv.az\/index.php?rest_route=\/wp\/v2\/types\/post"}],"author":[{"embeddable":true,"href":"https:\/\/arantv.az\/index.php?rest_route=\/wp\/v2\/users\/2"}],"replies":[{"embeddable":true,"href":"https:\/\/arantv.az\/index.php?rest_route=%2Fwp%2Fv2%2Fcomments&post=821555"}],"version-history":[{"count":2,"href":"https:\/\/arantv.az\/index.php?rest_route=\/wp\/v2\/posts\/821555\/revisions"}],"predecessor-version":[{"id":821558,"href":"https:\/\/arantv.az\/index.php?rest_route=\/wp\/v2\/posts\/821555\/revisions\/821558"}],"wp:featuredmedia":[{"embeddable":true,"href":"https:\/\/arantv.az\/index.php?rest_route=\/wp\/v2\/media\/821556"}],"wp:attachment":[{"href":"https:\/\/arantv.az\/index.php?rest_route=%2Fwp%2Fv2%2Fmedia&parent=821555"}],"wp:term":[{"taxonomy":"category","embeddable":true,"href":"https:\/\/arantv.az\/index.php?rest_route=%2Fwp%2Fv2%2Fcategories&post=821555"},{"taxonomy":"post_tag","embeddable":true,"href":"https:\/\/arantv.az\/index.php?rest_route=%2Fwp%2Fv2%2Ftags&post=821555"}],"curies":[{"name":"wp","href":"https:\/\/api.w.org\/{rel}","templated":true}]}}