{"id":821565,"date":"2025-08-20T08:29:39","date_gmt":"2025-08-20T04:29:39","guid":{"rendered":"https:\/\/arantv.az\/?p=821565"},"modified":"2025-08-20T08:29:39","modified_gmt":"2025-08-20T04:29:39","slug":"az%c9%99rbaycan-s%c9%99rql%c9%99-q%c9%99rb-arasinda-tranzit-olk%c9%99-v%c9%99-etibarli-t%c9%99r%c9%99fdasdir","status":"publish","type":"post","link":"https:\/\/arantv.az\/?p=821565","title":{"rendered":"Az\u0259rbaycan \u015e\u0259rql\u0259 Q\u0259rb aras\u0131nda tranzit \u00f6lk\u0259 v\u0259 etibarl\u0131 t\u0259r\u0259fda\u015fd\u0131r"},"content":{"rendered":"<p><em><strong>M\u0259rk\u0259zi Asiya, C\u0259nubi Qafqaz v\u0259 Avropa aras\u0131nda \u00fcmumi inki\u015faf namin\u0259 \u0259m\u0259kda\u015fl\u0131q haz\u0131rk\u0131 d\u00f6vr\u00fcn \u0259sas \u00e7a\u011f\u0131r\u0131\u015flar\u0131ndand\u0131r<\/strong><\/em><\/p>\n<p>Da\u015fk\u0259nd \u015f\u0259h\u0259rind\u0259 ke\u00e7iril\u0259n \u00ab\u00d6zb\u0259kistan, Az\u0259rbaycan v\u0259 Avropa: \u00fcmumi inki\u015faf namin\u0259 \u0259m\u0259kda\u015fl\u0131q\u00bb m\u00f6vzusunda y\u00fcks\u0259ks\u0259viyy\u0259li beyn\u0259lxalq konfrans Az\u0259rbaycan\u0131n xarici siyas\u0259t u\u011furlar\u0131n\u0131n, beyn\u0259lxalq m\u00fcnasib\u0259tl\u0259r sistemind\u0259 etibarl\u0131 t\u0259r\u0259fda\u015f kimi m\u00f6hk\u0259ml\u0259n\u0259n m\u00f6vqeyinin, eyni zamanda, M\u0259rk\u0259zi Asiya \u00f6lk\u0259l\u0259ri il\u0259 \u0259laq\u0259l\u0259rinin y\u00fcks\u0259l\u0259n x\u0259tl\u0259 inki\u015faf\u0131n\u0131n t\u0259qdimat\u0131 oldu. Avqustun 20-d\u0259k davam ed\u0259c\u0259k t\u0259dbir \u00d6zb\u0259kistan Respublikas\u0131n\u0131n Prezidenti yan\u0131nda Strateji v\u0259 Regionlararas\u0131 Ara\u015fd\u0131rmalar \u0130nstitutu, \u00d6zb\u0259kistan Respublikas\u0131n\u0131n Prezidenti yan\u0131nda Strateji \u0130slahatlar Agentliyi v\u0259 \u00d6zb\u0259kistan Respublikas\u0131 Xarici \u0130\u015fl\u0259r Nazirliyinin d\u0259st\u0259yi il\u0259 Nizami G\u0259nc\u0259vi Beyn\u0259lxalq M\u0259rk\u0259zi t\u0259r\u0259find\u0259n t\u0259\u015fkil olunub.<\/p>\n<p>\u00dcmumilikd\u0259, Az\u0259rbaycan\u0131n g\u0259l\u0259c\u0259k \u00fc\u00e7\u00fcn xarici siyas\u0259tind\u0259 prioritet m\u0259lumdur \u2013 T\u00fcrk d\u00fcnyas\u0131 il\u0259 m\u00fcnasib\u0259tl\u0259rin daha da inki\u015faf\u0131, dig\u0259r \u00f6lk\u0259l\u0259rl\u0259 b\u0259rab\u0259r v\u0259 qar\u015f\u0131l\u0131ql\u0131 faydal\u0131 \u0259m\u0259kda\u015fl\u0131q \u0259laq\u0259l\u0259rinin qurulmas\u0131. D\u00f6vl\u0259t ba\u015f\u00e7\u0131s\u0131 \u0130lham \u018fliyev \u00f6t\u0259n il prezident se\u00e7kil\u0259rind\u0259 inaml\u0131 q\u0259l\u0259b\u0259sind\u0259n sonra andi\u00e7m\u0259 m\u0259rasimind\u0259 bu \u00e7a\u011f\u0131r\u0131\u015f\u0131 etdi ki, bizim ail\u0259miz T\u00fcrk d\u00fcnyas\u0131d\u0131r. Biz \u00f6z\u00fcm\u00fcz\u00fc \u00e7ox yax\u015f\u0131 hiss edirik. T\u00fcrk D\u00f6vl\u0259tl\u0259ri T\u0259\u015fkilat\u0131na \u00fczv olan b\u00fct\u00fcn \u00f6lk\u0259l\u0259rl\u0259 qarda\u015fl\u0131q m\u00fcnasib\u0259tl\u0259rimiz var v\u0259 bizim siyas\u0259timiz T\u00fcrk D\u00f6vl\u0259tl\u0259ri T\u0259\u015fkilat\u0131n\u0131 g\u00fccl\u0259ndirm\u0259kdir. Bu, b\u00f6y\u00fck co\u011frafiyad\u0131r, b\u00f6y\u00fck \u0259razidir, b\u00f6y\u00fck h\u0259rbi g\u00fccd\u00fcr, b\u00f6y\u00fck iqtisadiyyatd\u0131r, t\u0259bii s\u0259rv\u0259tl\u0259rdir, n\u0259qliyyat yollar\u0131d\u0131r, g\u0259nc \u0259halidir, artan \u0259halidir v\u0259 bir soydan, k\u00f6kd\u0259n olan xalqlard\u0131r. Bundan g\u00fccl\u00fc birlik ola bil\u0259rmi? \u018flb\u0259tt\u0259 ki, yox. Biz m\u00fc\u015ft\u0259r\u0259k s\u0259yl\u0259rl\u0259 el\u0259 etm\u0259liyik ki, T\u00fcrk D\u00f6vl\u0259tl\u0259ri T\u0259\u015fkilat\u0131 qlobal arenada \u00f6n\u0259mli aktora v\u0259 g\u00fcc m\u0259rk\u0259zin\u0259 \u00e7evrilsin. Buna biz, ancaq birlikd\u0259 nail ola bil\u0259rik.<\/p>\n<p>T\u0259bii ki, T\u00fcrk d\u00fcnyas\u0131 dedikd\u0259, ilk n\u00f6vb\u0259d\u0259, M\u0259rk\u0259zi Asiya \u00f6lk\u0259l\u0259ri yada d\u00fc\u015f\u00fcr. \u00c7\u00fcnki \u015e\u0259rqd\u0259n Q\u0259rb\u0259 uzanan T\u00fcrk d\u00fcnyas\u0131 d\u00f6vl\u0259tl\u0259rinin \u0259ks\u0259riyy\u0259ti m\u0259hz bu regionda yerl\u0259\u015fir. Bu g\u00fcn Az\u0259rbaycan\u0131n M\u0259rk\u0259zi Asiya il\u0259 \u0259laq\u0259l\u0259rinin inki\u015faf\u0131 he\u00e7 d\u0259 t\u0259sad\u00fcfi xarakter da\u015f\u0131m\u0131r. \u00d6lk\u0259mizin bu regionla \u0259laq\u0259l\u0259rinin geni\u015fl\u0259nm\u0259sind\u0259, he\u00e7 \u015f\u00fcbh\u0259siz, n\u0259qliyyat d\u0259hlizl\u0259ri d\u0259 m\u00fch\u00fcm rol oynay\u0131r. Bu bax\u0131mdan Prezident \u0130lham \u018fliyevin M\u0259rk\u0259zi Asiyada yerl\u0259\u015f\u0259n \u00f6lk\u0259l\u0259r\u0259 m\u00fct\u0259madi s\u0259f\u0259rl\u0259ri, h\u0259m\u00e7inin regional t\u0259\u015fkilatlar\u0131n t\u0259dbirl\u0259rind\u0259 f\u0259xri qonaq qismind\u0259 i\u015ftirak\u0131 \u00f6lk\u0259mizin region d\u00f6vl\u0259tl\u0259ri il\u0259 \u0259laq\u0259l\u0259rinin dinamikas\u0131n\u0131 n\u00fcmayi\u015f etdirir.<\/p>\n<p>Tarixi Z\u0259f\u0259rimizd\u0259n sonra Az\u0259rbaycan\u0131n M\u0259rk\u0259zi Asiya \u00f6lk\u0259l\u0259ri il\u0259 m\u00fcnasib\u0259tl\u0259rind\u0259 y\u00fcks\u0259k dinamika m\u00fc\u015fahid\u0259 olunur. Az\u0259rbaycan\u0131n M\u0259rk\u0259zi Asiya d\u00f6vl\u0259tl\u0259ri il\u0259 inki\u015faf ed\u0259n v\u0259 geni\u015fl\u0259n\u0259n \u0259laq\u0259l\u0259rini xarakteriz\u0259 ed\u0259n amill\u0259rd\u0259n biri d\u0259 qeyd etdiyimiz kimi, y\u00fcks\u0259k s\u0259viyy\u0259li qar\u015f\u0131l\u0131ql\u0131 s\u0259f\u0259rl\u0259rdir. T\u0259sad\u00fcfi deyil ki, son ill\u0259rd\u0259 Prezident \u0130lham \u018fliyev m\u00fct\u0259madi olaraq M\u0259rk\u0259zi Asiya d\u00f6vl\u0259tl\u0259rin\u0259, o regionda yerl\u0259\u015f\u0259n \u00f6lk\u0259l\u0259rin ba\u015f\u00e7\u0131lar\u0131 is\u0259 Az\u0259rbaycana s\u0259f\u0259rl\u0259r edirl\u0259r. H\u0259min s\u0259f\u0259rl\u0259r zaman\u0131 imzalanan s\u0259n\u0259dl\u0259r \u00f6lk\u0259l\u0259r aras\u0131nda \u0259m\u0259kda\u015fl\u0131\u011f\u0131n geni\u015fl\u0259ndirilm\u0259si \u00fc\u00e7\u00fcn m\u00f6hk\u0259m t\u0259m\u0259l rolunu oynay\u0131r. M\u0259rk\u0259zi Asiya d\u00f6vl\u0259tl\u0259ri il\u0259 yax\u0131n dost, qarda\u015f \u00f6lk\u0259 olan Az\u0259rbaycanla \u0259laq\u0259l\u0259r\u0259 b\u00f6y\u00fck \u00f6n\u0259m verirl\u0259r. T\u0259sad\u00fcfi deyil ki, V\u0259t\u0259n m\u00fcharib\u0259sind\u0259 v\u0259 ondan sonrak\u0131 d\u00f6vrd\u0259 bu regionun \u00f6lk\u0259l\u0259ri Az\u0259rbaycan\u0131n haqq i\u015fin\u0259 d\u0259st\u0259k veribl\u0259r. Region \u00f6lk\u0259l\u0259ri i\u015f\u011faldan azad olunmu\u015f \u0259razil\u0259rimizd\u0259 apar\u0131lan b\u0259rpa-yenid\u0259nqurma i\u015fl\u0259rin\u0259 t\u00f6hf\u0259l\u0259rini davam etdirirl\u0259r. Bu bax\u0131mdan \u00d6zb\u0259kistan Prezidenti \u015eavkat Mirziyoyev t\u0259r\u0259find\u0259n \u00f6zb\u0259k xalq\u0131 ad\u0131ndan h\u0259diyy\u0259 olaraq F\u00fczulid\u0259 in\u015fa edil\u0259n Mirz\u0259 Uluqb\u0259y ad\u0131na 1 n\u00f6mr\u0259li tam orta m\u0259kt\u0259b x\u00fcsusi vur\u011fulanmal\u0131d\u0131r. \u00d6zb\u0259kistan Prezidenti \u015eavkat Mirziyoyev \u00f6lk\u0259mizl\u0259 \u0259laq\u0259l\u0259r\u0259 y\u00fcks\u0259k diqq\u0259t g\u00f6st\u0259rdiyini vur\u011fulayaraq bildirmi\u015fdir: \u00abAz\u0259rbaycan bizim \u00fc\u00e7\u00fcn m\u00fcnasib\u0259tl\u0259rin tamamil\u0259 yeni m\u0259rh\u0259l\u0259y\u0259 y\u00fcks\u0259ldiyi \u0259n yax\u0131n \u00f6lk\u0259l\u0259rd\u0259n biridir\u2026 Biz h\u0259qiq\u0259t\u0259n d\u0259 iki yax\u0131n xalq, iki yax\u0131n \u00f6lk\u0259yik v\u0259 \u015f\u0259xsi m\u00fcnasib\u0259tl\u0259rimiz \u0259laq\u0259l\u0259rimizi tamamil\u0259 yeni m\u0259rh\u0259l\u0259y\u0259 y\u00fcks\u0259ldib. \u2026Yax\u0131n qon\u015fular, yax\u0131n \u00f6lk\u0259l\u0259r kimi biz Az\u0259rbaycan\u0131n u\u011furlar\u0131 v\u0259 Sizin r\u0259hb\u0259rliyinizl\u0259 h\u0259yata ke\u00e7iril\u0259n m\u00fcdrik siyas\u0259t il\u0259 h\u0259mi\u015f\u0259 f\u0259xr edir, onlara sevinirik.\u00bb 2024-c\u00fc ild\u0259 Qazax\u0131stan t\u0259r\u0259find\u0259n F\u00fczulid\u0259 in\u015fa edil\u0259n Kurmanqaz\u0131 ad\u0131na U\u015faq Yarad\u0131c\u0131l\u0131q M\u0259rk\u0259zinin a\u00e7\u0131l\u0131\u015f\u0131 oldu. M\u0259rasimd\u0259 \u00e7\u0131x\u0131\u015f ed\u0259n Qazax\u0131stan Prezidenti Kas\u0131m-Jomart Tokayev \u00f6lk\u0259l\u0259rimiz aras\u0131ndak\u0131 \u0259laq\u0259l\u0259rin g\u0259l\u0259c\u0259k inki\u015faf\u0131 il\u0259 ba\u011fl\u0131 qeyd etmi\u015fdir: \u00ab\u00c7ox \u015fadam ki, bu s\u0259f\u0259r tam u\u011furla &#8211; d\u00f6vl\u0259tl\u0259rimiz aras\u0131nda \u00e7ox\u015fax\u0259li \u0259m\u0259kda\u015fl\u0131\u011f\u0131n g\u0259l\u0259c\u0259k inki\u015faf\u0131na \u0259n ciddi t\u0259kan ver\u0259c\u0259k son d\u0259r\u0259c\u0259 m\u00fch\u00fcm s\u0259n\u0259dl\u0259rin imzalanmas\u0131 il\u0259 ba\u015fa \u00e7at\u0131r. Biz qarda\u015f xalqlar\u0131q, m\u00fctt\u0259fiqik, strateji t\u0259r\u0259fda\u015f\u0131q. Bunlar t\u0259kc\u0259 s\u00f6zl\u0259r deyil, h\u0259m d\u0259 \u00f6lk\u0259l\u0259rimizin h\u00f6kum\u0259tl\u0259rinin g\u00f6r\u0259c\u0259yi b\u00f6y\u00fck i\u015f h\u0259cml\u0259ridir, \u00e7\u00fcnki raz\u0131la\u015fmalar \u00e7ox ciddidir, \u00e7ox b\u00f6y\u00fckd\u00fcr v\u0259 \u015f\u00fcbh\u0259siz, onlar iqtisadiyyatlar\u0131m\u0131z\u0131n inki\u015faf\u0131na impuls ver\u0259c\u0259k ki, bu da \u00e7ox vacibdir. Ona g\u00f6r\u0259 d\u0259 d\u00f6vl\u0259tl\u0259rimiz aras\u0131nda \u0259m\u0259kda\u015fl\u0131\u011f\u0131n g\u0259l\u0259c\u0259yin\u0259 b\u00f6y\u00fck nikbinlikl\u0259 bax\u0131ram\u00bb. Eyni zamanda, Q\u0131r\u011f\u0131z Respublikas\u0131n\u0131n t\u0259\u015f\u0259bb\u00fcs\u00fc il\u0259 A\u011fdam\u0131n X\u0131d\u0131rl\u0131 k\u0259ndind\u0259 in\u015fa edil\u0259n orta m\u0259kt\u0259b bu d\u0259st\u0259yin bariz n\u00fcmun\u0259sidir. \u00d6t\u0259n ay Xank\u0259ndid\u0259 ke\u00e7iril\u0259n \u0130qtisadi \u0259m\u0259kda\u015fl\u0131q T\u0259\u015fkilat\u0131n\u0131n 17-ci Zirv\u0259 g\u00f6r\u00fc\u015f\u00fc \u00e7\u0259r\u00e7iv\u0259sind\u0259 Prezident \u0130lham \u018fliyev v\u0259 Q\u0131r\u011f\u0131z Respublikas\u0131n\u0131n Prezidenti Sad\u0131r Japarov A\u011fdam rayonunun X\u0131d\u0131rl\u0131 k\u0259ndinin 1-ci m\u0259rh\u0259l\u0259sinin a\u00e7\u0131l\u0131\u015f\u0131nda i\u015ftirak etdil\u0259r. Az\u0259rbaycan\u0131n v\u0259 Q\u0131r\u011f\u0131z\u0131stan\u0131n d\u00f6vl\u0259t ba\u015f\u00e7\u0131lar\u0131, h\u0259m\u00e7inin Ayk\u00f6l Manas ad\u0131na X\u0131d\u0131rl\u0131 k\u0259nd tam orta m\u0259kt\u0259binin a\u00e7\u0131l\u0131\u015f\u0131n\u0131 etdil\u0259r.<\/p>\n<p>\u00dcmumiyy\u0259tl\u0259, d\u00f6vl\u0259timizin ba\u015f\u00e7\u0131s\u0131n\u0131n \u015f\u0259xsi n\u00fcfuzu, y\u00fcr\u00fctd\u00fcy\u00fc uzaqg\u00f6r\u0259n v\u0259 m\u00fcdrik siyas\u0259t, qazan\u0131lan u\u011furlar say\u0259sind\u0259 bu g\u00fcn Az\u0259rbaycan beyn\u0259lxalq prosesl\u0259r\u0259 istiqam\u0259t ver\u0259n, yeni v\u0259 u\u011furlu t\u0259\u015f\u0259bb\u00fcsl\u0259rl\u0259 \u00e7\u0131x\u0131\u015f ed\u0259n, \u00f6z s\u00f6z\u00fcn\u00fc dey\u0259n \u00f6lk\u0259y\u0259 \u00e7evrilib. \u00d6lk\u0259mizin s\u0259drlik etdiyi Qo\u015fulmama H\u0259r\u0259kat\u0131nda, h\u0259m\u00e7inin T\u00fcrk D\u00f6vl\u0259tl\u0259ri T\u0259\u015fkilat\u0131nda, \u0130slam \u018fm\u0259kda\u015fl\u0131q T\u0259\u015fkilat\u0131nda, \u0130qtisadi \u018fm\u0259kda\u015fl\u0131q T\u0259\u015fkilat\u0131nda v\u0259 dig\u0259r qurumlarda aktiv f\u0259aliyy\u0259ti onun qlobal miqyasda c\u0259r\u0259yan ed\u0259n prosesl\u0259r\u0259 t\u0259sir imkanlar\u0131n\u0131 geni\u015fl\u0259ndirib.<\/p>\n<p>Haz\u0131rda Az\u0259rbaycan\u0131n M\u0259rk\u0259zi Asiya \u00f6lk\u0259l\u0259ri il\u0259 \u0259laq\u0259l\u0259ri yeni reall\u0131qlara uy\u011fun \u015f\u0259kild\u0259 inki\u015faf edir v\u0259 strateji s\u0259viyy\u0259y\u0259 y\u00fcks\u0259lir. Bu g\u00fcnl\u0259rd\u0259 d\u00f6vl\u0259t ba\u015f\u00e7\u0131s\u0131 \u0130lham \u018fliyevin AB\u015e-a s\u0259f\u0259ri \u00e7\u0259r\u00e7iv\u0259sind\u0259 tarixi s\u00fclh raz\u0131la\u015fmas\u0131n\u0131n t\u00fcrk d\u00fcnyas\u0131nda yaratd\u0131\u011f\u0131 y\u00fcks\u0259k ab-hava c\u0259nab \u0130lham \u018fliyevin h\u0259min \u00f6lk\u0259l\u0259rin d\u00f6vl\u0259t ba\u015f\u00e7\u0131lar\u0131 il\u0259 telefon dan\u0131\u015f\u0131\u011f\u0131nda da \u00f6z\u00fcn\u00fcn ayd\u0131n ifad\u0259sini tapd\u0131. Bel\u0259 ki, Az\u0259rbaycan v\u0259 T\u00fcrkiy\u0259 prezidentl\u0259rinin telefon dan\u0131\u015f\u0131\u011f\u0131 zaman\u0131 Az\u0259rbaycan il\u0259 T\u00fcrkiy\u0259 aras\u0131nda qarda\u015fl\u0131\u011fa v\u0259 strateji m\u00fctt\u0259fiqliy\u0259 \u0259saslanan \u0259laq\u0259l\u0259rin m\u00fcxt\u0259lif sah\u0259l\u0259rd\u0259 inki\u015faf\u0131ndan m\u0259mnunluq ifad\u0259 olundu, AB\u015e-a s\u0259f\u0259ri \u00e7\u0259r\u00e7iv\u0259sind\u0259 imzalanan s\u0259n\u0259dl\u0259rin, x\u00fcsusil\u0259 Az\u0259rbaycan Prezidenti v\u0259 Erm\u0259nistan\u0131n Ba\u015f naziri t\u0259r\u0259find\u0259n AB\u015e Prezidentinin \u015fahidliyi il\u0259 imzalanm\u0131\u015f b\u0259yannam\u0259nin, Az\u0259rbaycan il\u0259 Erm\u0259nistan aras\u0131nda s\u00fclh v\u0259 d\u00f6vl\u0259tl\u0259raras\u0131 m\u00fcnasib\u0259tl\u0259rin qurulmas\u0131 haqq\u0131nda Sazi\u015fin paraflanmas\u0131n\u0131n, AT\u018fT-in Minsk qrupunun l\u0259\u011fvi il\u0259 ba\u011fl\u0131 birg\u0259 m\u00fcraci\u0259tin regionda davaml\u0131 s\u00fclh\u00fcn v\u0259 sabitliyin t\u0259min olunmas\u0131 bax\u0131m\u0131ndan \u0259h\u0259miyy\u0259ti vur\u011fuland\u0131. D\u00f6vl\u0259timizin ba\u015f\u00e7\u0131s\u0131 Erm\u0259nistanla Az\u0259rbaycan aras\u0131nda normalla\u015fma prosesind\u0259 Prezident R\u0259c\u0259b Tayyib \u018frdo\u011fan\u0131n v\u0259 qarda\u015f T\u00fcrkiy\u0259nin oynad\u0131\u011f\u0131 rolu y\u00fcks\u0259k qiym\u0259tl\u0259ndirdi v\u0259 buna g\u00f6r\u0259 t\u0259\u015f\u0259kk\u00fcr\u00fcn\u00fc bildirdi. Prezident R\u0259c\u0259b Tayyib \u018frdo\u011fan regionda s\u00fclh g\u00fcnd\u0259liyinin ir\u0259li apar\u0131lmas\u0131nda n\u00fcmayi\u015f etdirdiyi liderliy\u0259 g\u00f6r\u0259 Prezident \u0130lham \u018fliyev\u0259 t\u0259brikl\u0259rini \u00e7atd\u0131rd\u0131 v\u0259 qeyd etdi ki, T\u00fcrkiy\u0259 regionda s\u00fclh\u00fc v\u0259 sabitliyi daim d\u0259st\u0259kl\u0259yir. Az\u0259rbaycan t\u0259bii qaz\u0131n\u0131n T\u00fcrkiy\u0259 \u0259razisind\u0259n Suriyaya ixrac\u0131n\u0131n ba\u015flanmas\u0131 m\u00fcsb\u0259t hadis\u0259 kimi qiym\u0259tl\u0259ndirildi v\u0259 bunun Suriyan\u0131n enerji t\u0259hl\u00fck\u0259sizliyin\u0259 v\u0259 \u0259halinin sosial rifah\u0131n\u0131n g\u00fccl\u0259ndirilm\u0259sin\u0259 t\u00f6hf\u0259 ver\u0259c\u0259yi bildirildi.<\/p>\n<p>Prezident \u0130lham \u018fliyevin \u00d6zb\u0259kistan Prezidenti \u015eavkat Mirziyoyev il\u0259 d\u0259 telefon dan\u0131\u015f\u0131\u011f\u0131 oldu. \u015eavkat Mirziyoyev, \u00f6z n\u00f6vb\u0259sind\u0259, \u0259ld\u0259 olunmu\u015f nailiyy\u0259tl\u0259r m\u00fcnasib\u0259til\u0259 d\u00f6vl\u0259timizin ba\u015f\u00e7\u0131s\u0131na v\u0259 Az\u0259rbaycan xalq\u0131na t\u0259brikl\u0259rini \u00e7atd\u0131rd\u0131, bunun regionun inki\u015faf\u0131na m\u00fcsb\u0259t t\u0259sir g\u00f6st\u0259r\u0259c\u0259yini qeyd etdi. \u00d6lk\u0259l\u0259rimiz aras\u0131nda qar\u015f\u0131l\u0131ql\u0131 s\u0259rmay\u0259l\u0259rin, o c\u00fcml\u0259d\u0259n \u00d6zb\u0259kistan\u0131n Qaraba\u011fda h\u0259yata ke\u00e7irdiyi layih\u0259l\u0259r, SOCAR v\u0259 \u201cUzbekneftegaz\u201d Konsorsiumu il\u0259 \u00d6zb\u0259kistan Respublikas\u0131n\u0131n H\u00f6kum\u0259ti aras\u0131nda imzalanm\u0131\u015f Pay B\u00f6lg\u00fcs\u00fc Sazi\u015finin \u00f6n\u0259mi vur\u011fuland\u0131. T\u00fcrkm\u0259nistan Xalq M\u0259sl\u0259h\u0259tinin s\u0259dri Qurbanqulu Berdim\u0259h\u0259mm\u0259dov il\u0259 telefon dan\u0131\u015f\u0131\u011f\u0131nda is\u0259 \u00f6lk\u0259l\u0259rimiz aras\u0131nda dostluq v\u0259 qarda\u015fl\u0131q m\u00fcnasib\u0259tl\u0259rinin inki\u015faf\u0131 x\u00fcsusi qeyd edildi. T\u00fcrkm\u0259nistan\u0131n Avaza \u015f\u0259h\u0259rind\u0259 ke\u00e7irilmi\u015f BMT-nin D\u0259niz\u0259 \u00e7\u0131x\u0131\u015f\u0131 olmayan inki\u015faf etm\u0259kd\u0259 olan \u00f6lk\u0259l\u0259r \u00fczr\u0259 \u00dc\u00e7\u00fcnc\u00fc Konfrans\u0131n\u0131n \u0259h\u0259miyy\u0259ti qeyd edildi. Qazax\u0131stan Prezidenti Kas\u0131m-Jomart Tokayev Az\u0259rbaycan Prezidenti \u0130lham \u018fliyev\u0259 z\u0259ngind\u0259 is\u0259, Az\u0259rbaycan\u0131n \u0259sas hiss\u0259si il\u0259 onun Nax\u00e7\u0131van regionu aras\u0131nda mane\u0259siz n\u0259qliyyat ba\u011flant\u0131s\u0131 \u00fczr\u0259 \u0259ld\u0259 olunmu\u015f raz\u0131la\u015fman\u0131n Orta D\u0259hlizin y\u00fcka\u015f\u0131rma qabiliyy\u0259tin\u0259 g\u0259l\u0259c\u0259kd\u0259 m\u00fcsb\u0259t t\u0259sir g\u00f6st\u0259r\u0259c\u0259yini bildirdi. S\u00f6yl\u0259nil\u0259n h\u0259r bir fikir t\u00fcrk d\u00fcnyas\u0131n\u0131n birliyinin, g\u0259l\u0259c\u0259kd\u0259 T\u00fcrk D\u00f6vl\u0259tl\u0259ri T\u0259\u015fkilat\u0131n\u0131n beyn\u0259lxalq n\u00fcfuzunun daha da art\u0131r\u0131lmas\u0131 istiqam\u0259tind\u0259 at\u0131lacaq add\u0131mlara i\u015f\u0131q sald\u0131.<\/p>\n<p>Az\u0259rbaycan daim \u0259m\u0259kda\u015fl\u0131q \u0259laq\u0259l\u0259rinin qurulmas\u0131nda v\u0259 inki\u015faf\u0131nda maraql\u0131 oldu\u011fu \u00fc\u00e7\u00fcn b\u00fct\u00fcn potensial imkanlardan maksimum istifad\u0259 etm\u0259y\u0259 \u00e7al\u0131\u015f\u0131r. Da\u015fk\u0259nd \u015f\u0259h\u0259rind\u0259 \u00ab\u00d6zb\u0259kistan, Az\u0259rbaycan v\u0259 Avropa: \u00fcmumi inki\u015faf namin\u0259 \u0259m\u0259kda\u015fl\u0131q\u00bb m\u00f6vzusunda y\u00fcks\u0259ks\u0259viyy\u0259li beyn\u0259lxalq konfransda da Da\u015fk\u0259nd, Bak\u0131 v\u0259 Br\u00fcssel aras\u0131nda \u0259sas \u0259m\u0259kda\u015fl\u0131q istiqam\u0259tl\u0259ri m\u00fczakir\u0259 olundu. \u00d6zb\u0259kistan-Az\u0259rbaycan \u0259laq\u0259l\u0259ri il\u0259 ba\u011fl\u0131 \u00e7\u0131x\u0131\u015f ed\u0259nl\u0259r bildiribl\u0259r ki, iki \u00f6lk\u0259 aras\u0131nda m\u00fcnasib\u0259tl\u0259r m\u00fctt\u0259fiqlik s\u0259viyy\u0259sin\u0259 y\u00fcks\u0259lib. Qarda\u015f \u00f6lk\u0259l\u0259rin r\u0259hb\u0259rl\u0259ri aras\u0131nda \u015f\u0259xsi dialoq v\u0259 m\u00fcvafiq idar\u0259l\u0259r aras\u0131nda \u0259m\u0259li \u0259m\u0259kda\u015fl\u0131q bu proses\u0259 k\u00f6m\u0259k edir. Az\u0259rbaycan v\u0259 \u00d6zb\u0259kistan \u0259m\u0259kda\u015fl\u0131\u011f\u0131, logistika, enerji, t\u0259hsil v\u0259 m\u0259d\u0259niyy\u0259t sah\u0259l\u0259rind\u0259 sistemli ir\u0259lil\u0259yi\u015f \u0259ld\u0259 edir. Bu, t\u0259kc\u0259 ikit\u0259r\u0259fli g\u00fcnd\u0259liyi deyil, h\u0259m d\u0259 M\u0259rk\u0259zi Asiya v\u0259 b\u00fct\u00f6vl\u00fckd\u0259 C\u0259nubi Qafqaz aras\u0131nda qar\u015f\u0131l\u0131ql\u0131 f\u0259aliyy\u0259t arxitekturas\u0131n\u0131 g\u00fccl\u0259ndirir.<\/p>\n<p>Bu m\u0259qam da x\u00fcsusi qeyd olundu ki, M\u0259rk\u0259zi Asiya regionunda b\u00fct\u00fcn d\u00f6vl\u0259tl\u0259rin d\u0259niz\u0259 birba\u015fa \u00e7\u0131x\u0131\u015f\u0131 yoxdur. Ona g\u00f6r\u0259 d\u0259 mar\u015frutlar\u0131n \u015fax\u0259l\u0259ndirilm\u0259si v\u0259 m\u0259hsullar\u0131n d\u0259niz limanlar\u0131na \u00e7atd\u0131r\u0131lmas\u0131 \u00fc\u00e7\u00fcn q\u0131sa, optimal d\u0259hlizl\u0259rin se\u00e7ilm\u0259si vacibdir. Bu m\u0259ntiq \u00e7\u0259r\u00e7iv\u0259sind\u0259 \u00d6zb\u0259kistan Az\u0259rbaycan\u0131n tranzit imkanlar\u0131ndan f\u0259al \u015f\u0259kild\u0259 istifad\u0259 edir, Qafqaz regionu istiqam\u0259tind\u0259 v\u0259 daha sonra Qara d\u0259niz vasit\u0259sil\u0259 Avropa bazar\u0131na ke\u00e7id yarad\u0131r.<\/p>\n<p>T\u0259dbir M\u0259rk\u0259zi Asiya, C\u0259nubi Qafqaz v\u0259 Avropa aras\u0131nda m\u0259zmunlu dialoq \u00fc\u00e7\u00fcn platforma oldu. Reall\u0131q budur ki, son ill\u0259r Az\u0259rbaycanla \u00d6zb\u0259kistan aras\u0131nda qar\u015f\u0131l\u0131ql\u0131 f\u0259aliyy\u0259t formatlar\u0131 &#8211; iqtisadiyyat, n\u0259qliyyat v\u0259 humanitar sah\u0259l\u0259rd\u0259 birg\u0259 layih\u0259l\u0259rin say\u0131 durmadan art\u0131r. Bu, bird\u0259f\u0259lik q\u0259rarlar\u0131n t\u0259siri deyil, ard\u0131c\u0131l v\u0259 balansla\u015fd\u0131r\u0131lm\u0131\u015f i\u015fin n\u0259tic\u0259sidir. Logistika mar\u015frutlar\u0131n\u0131n \u0259laq\u0259l\u0259ndirilm\u0259si, d\u0259hlizl\u0259rin tutumunun art\u0131r\u0131lmas\u0131, prosedurlar\u0131n sad\u0259l\u0259\u015fdirilm\u0259si v\u0259 xidm\u0259tl\u0259rin r\u0259q\u0259msalla\u015fd\u0131r\u0131lmas\u0131 \u00fczr\u0259 i\u015fl\u0259r davam edir. Paralel olaraq, biznes missiyalar\u0131na, t\u0259hsil v\u0259 m\u0259d\u0259niyy\u0259t proqramlar\u0131na d\u0259st\u0259k verilir. B\u00fct\u00fcn bunlar davaml\u0131l\u0131\u011f\u0131 v\u0259 qar\u015f\u0131l\u0131ql\u0131 mara\u011f\u0131 art\u0131ran praqmatik t\u0259dbirl\u0259rdir.<\/p>\n<p>Az\u0259rbaycan\u0131n Avropa il\u0259 \u0259m\u0259kda\u015fl\u0131\u011f\u0131na g\u0259ldikd\u0259 is\u0259, d\u00f6vl\u0259t ba\u015f\u00e7\u0131s\u0131 \u0130lham \u018fliyev Va\u015finqtonda Az\u0259rbaycan\u0131n media n\u00fcmay\u0259nd\u0259l\u0259rin\u0259 m\u00fcsahib\u0259sind\u0259 bunu \u00fcmumil\u0259\u015fdirilmi\u015f \u015f\u0259kild\u0259 diqq\u0259t\u0259 \u00e7atd\u0131rd\u0131. Bildirdi ki, bu g\u00fcn NATO-nun 10 \u00fczv\u00fcn\u00fc, AB\u015e-\u0131n 10 m\u00fctt\u0259fiqini t\u0259bii qazla t\u0259chiz edirik. Biz boru k\u0259m\u0259ri il\u0259 qaz t\u0259dar\u00fck\u00fc \u00fczr\u0259 14 \u00f6lk\u0259ni \u0259hat\u0259 edirik: \u00abDem\u0259li, bu bax\u0131mdan, &#8211; qaz k\u0259m\u0259rini n\u0259z\u0259rd\u0259 tuturam, &#8211; Az\u0259rbaycan d\u00fcnyan\u0131n qabaqc\u0131l \u00f6lk\u0259l\u0259rind\u0259n biridir. Bel\u0259 ki, 10 NATO, 10 A\u0130 \u00fczv\u00fc bizd\u0259n qaz al\u0131r. Biz bu yax\u0131nlarda Suriyaya t\u0259bii qaz t\u0259dar\u00fck etm\u0259y\u0259 ba\u015flam\u0131\u015f\u0131q. Bel\u0259likl\u0259, biz art\u0131q Yax\u0131n \u015e\u0259rq regionuna daxil olmu\u015fuq v\u0259 co\u011frafiyam\u0131z\u0131 Avropada, el\u0259c\u0259 d\u0259 Yax\u0131n \u015e\u0259rqd\u0259 geni\u015fl\u0259ndir\u0259c\u0259yik. Bu, \u0259slind\u0259, enerji sah\u0259sind\u0259 g\u0259l\u0259c\u0259k g\u00fcnd\u0259liyimizin yaln\u0131z bir hiss\u0259sidir\u00bb.<\/p>\n<p>Qeyd etdikl\u0259rimiz bel\u0259 bir \u00fcmumil\u0259\u015fdirm\u0259y\u0259 \u0259sas verir ki, Az\u0259rbaycan il\u0259 M\u0259rk\u0259zi Asiya \u00f6lk\u0259l\u0259ri aras\u0131nda \u0259laq\u0259l\u0259rin b\u00f6y\u00fck perspektivl\u0259ri m\u00f6vcuddur. Bu g\u00fcn Avropan\u0131n enerji t\u0259hl\u00fck\u0259sizliyin\u0259 ciddi t\u00f6hf\u0259l\u0259r ver\u0259n Az\u0259rbaycan \u015e\u0259rql\u0259 Q\u0259rb aras\u0131nda, o c\u00fcml\u0259d\u0259n M\u0259rk\u0259zi Asiya \u00f6lk\u0259l\u0259ri \u00fc\u00e7\u00fcn m\u00fch\u00fcm tranzit \u00f6lk\u0259 v\u0259 etibarl\u0131 t\u0259r\u0259fda\u015fd\u0131r. \u018fminlikl\u0259 s\u00f6yl\u0259m\u0259k olar ki, Az\u0259rbaycan\u0131n beyn\u0259lxalq \u0259laq\u0259l\u0259ri bundan sonra daha da geni\u015fl\u0259n\u0259c\u0259k, onun m\u00fcxt\u0259lif regionlar aras\u0131nda rolu davam ed\u0259c\u0259kdir.<\/p>\n<p><strong>Yegan\u0259 \u018fliyeva, \u00ab\u0130ki sahil\u00bb<\/strong><\/p>\n","protected":false},"excerpt":{"rendered":"<p>M\u0259rk\u0259zi Asiya, C\u0259nubi Qafqaz v\u0259 Avropa aras\u0131nda \u00fcmumi inki\u015faf namin\u0259 \u0259m\u0259kda\u015fl\u0131q haz\u0131rk\u0131 d\u00f6vr\u00fcn \u0259sas \u00e7a\u011f\u0131r\u0131\u015flar\u0131ndand\u0131r Da\u015fk\u0259nd \u015f\u0259h\u0259rind\u0259 ke\u00e7iril\u0259n \u00ab\u00d6zb\u0259kistan, Az\u0259rbaycan v\u0259 Avropa: \u00fcmumi inki\u015faf namin\u0259 \u0259m\u0259kda\u015fl\u0131q\u00bb m\u00f6vzusunda y\u00fcks\u0259ks\u0259viyy\u0259li beyn\u0259lxalq konfrans Az\u0259rbaycan\u0131n xarici siyas\u0259t u\u011furlar\u0131n\u0131n, beyn\u0259lxalq m\u00fcnasib\u0259tl\u0259r sistemind\u0259 etibarl\u0131 t\u0259r\u0259fda\u015f kimi m\u00f6hk\u0259ml\u0259n\u0259n m\u00f6vqeyinin, eyni zamanda, M\u0259rk\u0259zi Asiya \u00f6lk\u0259l\u0259ri il\u0259 \u0259laq\u0259l\u0259rinin y\u00fcks\u0259l\u0259n x\u0259tl\u0259 inki\u015faf\u0131n\u0131n t\u0259qdimat\u0131 oldu. Avqustun 20-d\u0259k davam ed\u0259c\u0259k t\u0259dbir \u00d6zb\u0259kistan Respublikas\u0131n\u0131n Prezidenti yan\u0131nda Strateji v\u0259 Regionlararas\u0131 Ara\u015fd\u0131rmalar \u0130nstitutu, \u00d6zb\u0259kistan Respublikas\u0131n\u0131n Prezidenti yan\u0131nda Strateji \u0130slahatlar Agentliyi v\u0259 \u00d6zb\u0259kistan Respublikas\u0131 Xarici \u0130\u015fl\u0259r Nazirliyinin d\u0259st\u0259yi il\u0259 Nizami G\u0259nc\u0259vi Beyn\u0259lxalq M\u0259rk\u0259zi t\u0259r\u0259find\u0259n t\u0259\u015fkil olunub.&hellip;<\/p>\n","protected":false},"author":2,"featured_media":821566,"comment_status":"closed","ping_status":"closed","sticky":false,"template":"","format":"standard","meta":{"om_disable_all_campaigns":false,"_monsterinsights_skip_tracking":false,"_monsterinsights_sitenote_active":false,"_monsterinsights_sitenote_note":"","_monsterinsights_sitenote_category":0},"categories":[19],"tags":[],"aioseo_notices":[],"gutentor_comment":0,"rttpg_featured_image_url":{"full":["https:\/\/arantv.az\/wp-content\/uploads\/2025\/08\/f670ef5d175377836996463260310802039.png",975,540,false],"landscape":["https:\/\/arantv.az\/wp-content\/uploads\/2025\/08\/f670ef5d175377836996463260310802039.png",975,540,false],"portraits":["https:\/\/arantv.az\/wp-content\/uploads\/2025\/08\/f670ef5d175377836996463260310802039.png",975,540,false],"thumbnail":["https:\/\/arantv.az\/wp-content\/uploads\/2025\/08\/f670ef5d175377836996463260310802039-500x280.png",500,280,true],"medium":["https:\/\/arantv.az\/wp-content\/uploads\/2025\/08\/f670ef5d175377836996463260310802039-660x365.png",660,365,true],"large":["https:\/\/arantv.az\/wp-content\/uploads\/2025\/08\/f670ef5d175377836996463260310802039-840x465.png",640,354,true],"1536x1536":["https:\/\/arantv.az\/wp-content\/uploads\/2025\/08\/f670ef5d175377836996463260310802039.png",975,540,false],"2048x2048":["https:\/\/arantv.az\/wp-content\/uploads\/2025\/08\/f670ef5d175377836996463260310802039.png",975,540,false],"post-thumbnail":["https:\/\/arantv.az\/wp-content\/uploads\/2025\/08\/f670ef5d175377836996463260310802039-240x172.png",240,172,true],"advps-thumb-one":["https:\/\/arantv.az\/wp-content\/uploads\/2025\/08\/f670ef5d175377836996463260310802039.png",975,540,false]},"rttpg_author":{"display_name":"V\u00fcsal Rafiqo\u011flu","author_link":"https:\/\/arantv.az\/?author=2"},"rttpg_comment":0,"rttpg_category":"<a href=\"https:\/\/arantv.az\/?cat=19\" rel=\"category\">G\u00fcnd\u0259m<\/a>","rttpg_excerpt":"M\u0259rk\u0259zi Asiya, C\u0259nubi Qafqaz v\u0259 Avropa aras\u0131nda \u00fcmumi inki\u015faf namin\u0259 \u0259m\u0259kda\u015fl\u0131q haz\u0131rk\u0131 d\u00f6vr\u00fcn \u0259sas \u00e7a\u011f\u0131r\u0131\u015flar\u0131ndand\u0131r Da\u015fk\u0259nd \u015f\u0259h\u0259rind\u0259 ke\u00e7iril\u0259n \u00ab\u00d6zb\u0259kistan, Az\u0259rbaycan v\u0259 Avropa: \u00fcmumi inki\u015faf namin\u0259 \u0259m\u0259kda\u015fl\u0131q\u00bb m\u00f6vzusunda y\u00fcks\u0259ks\u0259viyy\u0259li beyn\u0259lxalq konfrans Az\u0259rbaycan\u0131n xarici siyas\u0259t u\u011furlar\u0131n\u0131n, beyn\u0259lxalq m\u00fcnasib\u0259tl\u0259r sistemind\u0259 etibarl\u0131 t\u0259r\u0259fda\u015f kimi m\u00f6hk\u0259ml\u0259n\u0259n m\u00f6vqeyinin, eyni zamanda, M\u0259rk\u0259zi Asiya \u00f6lk\u0259l\u0259ri il\u0259 \u0259laq\u0259l\u0259rinin y\u00fcks\u0259l\u0259n x\u0259tl\u0259 inki\u015faf\u0131n\u0131n t\u0259qdimat\u0131 oldu. Avqustun&hellip;","_links":{"self":[{"href":"https:\/\/arantv.az\/index.php?rest_route=\/wp\/v2\/posts\/821565"}],"collection":[{"href":"https:\/\/arantv.az\/index.php?rest_route=\/wp\/v2\/posts"}],"about":[{"href":"https:\/\/arantv.az\/index.php?rest_route=\/wp\/v2\/types\/post"}],"author":[{"embeddable":true,"href":"https:\/\/arantv.az\/index.php?rest_route=\/wp\/v2\/users\/2"}],"replies":[{"embeddable":true,"href":"https:\/\/arantv.az\/index.php?rest_route=%2Fwp%2Fv2%2Fcomments&post=821565"}],"version-history":[{"count":1,"href":"https:\/\/arantv.az\/index.php?rest_route=\/wp\/v2\/posts\/821565\/revisions"}],"predecessor-version":[{"id":821567,"href":"https:\/\/arantv.az\/index.php?rest_route=\/wp\/v2\/posts\/821565\/revisions\/821567"}],"wp:featuredmedia":[{"embeddable":true,"href":"https:\/\/arantv.az\/index.php?rest_route=\/wp\/v2\/media\/821566"}],"wp:attachment":[{"href":"https:\/\/arantv.az\/index.php?rest_route=%2Fwp%2Fv2%2Fmedia&parent=821565"}],"wp:term":[{"taxonomy":"category","embeddable":true,"href":"https:\/\/arantv.az\/index.php?rest_route=%2Fwp%2Fv2%2Fcategories&post=821565"},{"taxonomy":"post_tag","embeddable":true,"href":"https:\/\/arantv.az\/index.php?rest_route=%2Fwp%2Fv2%2Ftags&post=821565"}],"curies":[{"name":"wp","href":"https:\/\/api.w.org\/{rel}","templated":true}]}}