{"id":821572,"date":"2025-08-20T08:30:47","date_gmt":"2025-08-20T04:30:47","guid":{"rendered":"https:\/\/arantv.az\/?p=821572"},"modified":"2025-08-20T08:30:47","modified_gmt":"2025-08-20T04:30:47","slug":"b%c9%99s%c9%99ri-d%c9%99y%c9%99rl%c9%99r%c9%99-soyk%c9%99n%c9%99n-d%c9%99st%c9%99k","status":"publish","type":"post","link":"https:\/\/arantv.az\/?p=821572","title":{"rendered":"B\u0259\u015f\u0259ri d\u0259y\u0259rl\u0259r\u0259 s\u00f6yk\u0259n\u0259n d\u0259st\u0259k"},"content":{"rendered":"<p><em><strong>Az\u0259rbaycan d\u0259f\u0259l\u0259rl\u0259 a\u00e7\u0131q \u015f\u0259kild\u0259 Ukraynan\u0131n d\u00f6vl\u0259t suverenliyin\u0259 v\u0259 \u0259razi b\u00fct\u00f6vl\u00fcy\u00fcn\u0259 d\u0259st\u0259k ifad\u0259 edib. H\u0259tta Prezident \u0130lham \u018fliyev iyulun 19-da Xank\u0259ndid\u0259 ke\u00e7iril\u0259n III \u015eu\u015fa Qlobal Media Forumunun i\u015ftirak\u00e7\u0131lar\u0131 il\u0259 g\u00f6r\u00fc\u015f\u00fcnd\u0259 Ukraynaya bel\u0259 bir t\u00f6vsiy\u0259 d\u0259 vermi\u015fdi: he\u00e7 vaxt i\u015f\u011falla bar\u0131\u015fmamaq.\u00a0 Bununla da d\u00f6vl\u0259timizin ba\u015f\u00e7\u0131s\u0131 Az\u0259rbaycan\u0131n tarixi dostlu\u011fa sadiq qald\u0131\u011f\u0131n\u0131, h\u0259m\u00e7inin h\u0259yata ke\u00e7irdiyi siyas\u0259tind\u0259 b\u0259\u015f\u0259ri d\u0259y\u0259rl\u0259r\u0259 s\u00f6yk\u0259ndiyini bir daha b\u0259yan edib. R\u0259smi Bak\u0131n\u0131n Ukraynan\u0131n suverenliyi v\u0259 \u0259razi b\u00fct\u00f6vl\u00fcy\u00fcn\u00fcn d\u0259st\u0259kl\u0259nm\u0259si il\u0259 ba\u011fl\u0131 m\u00f6vqeyi bu g\u00fcn d\u0259 d\u0259yi\u015fm\u0259z olaraq qal\u0131r. Yeri g\u0259lmi\u015fk\u0259n qeyd ed\u0259k ki, Az\u0259rbaycan torpaqlar\u0131 i\u015f\u011fal alt\u0131nda olanda Ukrayna bizim \u0259razi b\u00fct\u00f6vl\u00fcy\u00fcm\u00fcz\u00fc tan\u0131y\u0131b.<\/strong><\/em><\/p>\n<p>Az\u0259rbaycan bu d\u0259st\u0259yi yaln\u0131z s\u00f6zd\u0259 deyil, \u0259m\u0259lind\u0259 d\u0259 g\u00f6st\u0259rir. Bel\u0259 ki, r\u0259smi Bak\u0131 i\u015f\u011faldan \u0259ziyy\u0259t \u00e7\u0259k\u0259n Ukraynaya humanitar yard\u0131mlar\u0131n g\u00f6nd\u0259rilm\u0259sini t\u0259\u015fkil edir. Bu is\u0259 o dem\u0259kdir ki, d\u00f6vl\u0259timizin xarici siyas\u0259t kursunda humanist d\u0259y\u0259rl\u0259r\u0259 sadiqlik x\u00fcsusi yer tutur. El\u0259 \u00f6lk\u0259mizin Afrikadan Asiyaya, Avropadan Lat\u0131n Amerikas\u0131na q\u0259d\u0259r m\u00fcxt\u0259lif regionlarda humanitar t\u0259\u015f\u0259bb\u00fcsl\u0259ri il\u0259 f\u0259rql\u0259nm\u0259si d\u0259 bunu bir daha s\u00fcbut edir. T\u0259kc\u0259 bir fakt\u0131 xat\u0131rladaq ki, Az\u0259rbaycan pandemiya d\u00f6n\u0259mind\u0259 \u00dcmumd\u00fcnya S\u0259hiyy\u0259 T\u0259\u015fki\u00adlat\u0131na 10 milyon AB\u015e dollar\u0131 m\u0259bl\u0259\u011find\u0259 yard\u0131m ay\u0131rm\u0131\u015fd\u0131.<\/p>\n<p>Prezident \u0130lham \u018fliyev avqustun 11-d\u0259 Ukraynaya humanitar yard\u0131m g\u00f6st\u0259rilm\u0259si m\u0259qs\u0259dil\u0259 Az\u0259rbaycan\u0131n Energetika Nazirliyin\u0259 v\u0259sait ayr\u0131lmas\u0131na dair s\u0259r\u0259ncam imzalay\u0131b. \u00a0Art\u0131q Ukraynaya humanitar yard\u0131m m\u0259qs\u0259dil\u0259 n\u0259z\u0259rd\u0259 tutulmu\u015f elektrik avadanl\u0131qlar\u0131ndan ibar\u0259t y\u00fck\u00fcn n\u00f6vb\u0259ti hiss\u0259si 10 y\u00fck avtomobilind\u0259n ibar\u0259t karvanla avqustun 15-d\u0259 Sumqay\u0131t Texnologiyalar Park\u0131n\u0131n \u0259razisind\u0259n yola sal\u0131n\u0131b. Humanitar y\u00fck\u00fcn t\u0259rkibin\u0259 \u00fcmumilikd\u0259 90 min metr\u0259 yax\u0131n elektrik kabell\u0259ri v\u0259 naqill\u0259r, h\u0259m\u00e7inin 25 \u0259d\u0259d generator v\u0259 7 d\u0259st transformator daxildir. \u00a0Yard\u0131m\u0131n \u00fcmumi d\u0259y\u0259ri 2 milyon AB\u015e dollar\u0131d\u0131r. Qeyd ed\u0259k ki, Az\u0259rbaycan bundan \u0259vv\u0259l d\u0259 Ukraynaya elektrik t\u0259chizat\u0131 il\u0259 ba\u011fl\u0131 humanitar yard\u0131mlar g\u00f6nd\u0259rib. Haz\u0131rk\u0131 m\u00fcharib\u0259 \u015f\u0259raiti il\u0259 \u0259laq\u0259dar olaraq, \u00f6lk\u0259mizin Ukraynaya g\u00f6st\u0259rdiyi \u00fcmumi humanitar d\u0259st\u0259k, o c\u00fcml\u0259d\u0259n b\u0259rpa v\u0259 yenid\u0259nqurma y\u00f6n\u00fcml\u00fc yard\u0131mlar\u0131n \u00fcmumi d\u0259y\u0259ri art\u0131q 44 milyon AB\u015e dollar\u0131n\u0131 ke\u00e7ib. G\u00f6r\u00fcnd\u00fcy\u00fc kimi, g\u00f6nd\u0259ril\u0259n humanitar y\u00fckl\u0259r s\u0131rf g\u00fcnd\u0259lik h\u0259yat\u0131n b\u0259rpas\u0131na, insanlar\u0131n \u0259n z\u0259ruri ehtiyaclar\u0131n\u0131n \u00f6d\u0259nilm\u0259sin\u0259 xidm\u0259t edir. \u015e\u00fcbh\u0259siz, bu da insanlar\u0131n g\u00fcnd\u0259lik h\u0259yat\u0131n\u0131n normalla\u015fmas\u0131na xidm\u0259t edir. Bir d\u0259 qeyd ed\u0259k ki, Az\u0259rbaycan\u0131n Ukraynaya g\u00f6st\u0259rdiyi humanitar d\u0259st\u0259k, sad\u0259c\u0259, yard\u0131mlar\u0131n h\u0259cmi il\u0259 \u00f6l\u00e7\u00fclm\u0259m\u0259lidir. Burada \u0259sas m\u0259s\u0259l\u0259 \u00f6lk\u0259mizin beyn\u0259lxalq m\u00fcst\u0259vid\u0259 n\u00fcmayi\u015f etdirdiyi m\u00f6vqedir.\u00a0 Ukraynada m\u00fcharib\u0259d\u0259n \u0259ziyy\u0259t \u00e7\u0259k\u0259n u\u015faqlar\u0131n \u00f6lk\u0259miz\u0259 g\u0259tiril\u0259r\u0259k reabilitasiya xidm\u0259tl\u0259rin\u0259 c\u0259lb olunmas\u0131 da davam etdirilir. Xat\u0131rladaq ki, \u00fcmumilikd\u0259 300-d\u0259n \u00e7ox ukraynal\u0131 u\u015faq \u00f6lk\u0259miz\u0259 g\u0259tiril\u0259r\u0259k sosial-psixoloji reabilitasiya xidm\u0259tl\u0259ri il\u0259 t\u0259min edilib. \u00a0Bu il \u0259rzind\u0259 yeni qruplar\u0131n da \u00f6lk\u0259miz\u0259 g\u00f6nd\u0259ril\u0259c\u0259yi planla\u015fd\u0131r\u0131l\u0131r.<\/p>\n<p>Amma bu kim add\u0131mlar Rusiyan\u0131n b\u0259zi dair\u0259l\u0259rind\u0259 he\u00e7 d\u0259 birm\u0259nal\u0131 qar\u015f\u0131lanm\u0131r. Bel\u0259 ki, bu \u00f6lk\u0259 ist\u0259yir ki, Az\u0259rbaycan onun i\u015f\u011fal\u00e7\u0131 h\u0259r\u0259k\u0259tl\u0259rin\u0259, cinay\u0259tl\u0259rin\u0259 g\u00f6z yumsun. Art\u0131q Az\u0259rbaycan o d\u00f6vl\u0259tl\u0259rd\u0259n deyil ki, iqtisadi v\u0259 h\u0259rbi t\u0259zyiql\u0259rl\u0259 Rusiyan\u0131n a\u015f\u0131r\u0131 t\u0259l\u0259bl\u0259rini yerin\u0259 yetirsin. El\u0259 Rusiyan\u0131n Az\u0259rbaycan\u0131n Ukraynadak\u0131 neft obyektl\u0259rin\u0259 z\u0259rb\u0259l\u0259r endirm\u0259si, diaspor t\u0259\u015fkilatlar\u0131 \u00fczvl\u0259rinin biznesl\u0259rini m\u0259hv etm\u0259k ist\u0259m\u0259si d\u0259 bundan qaynaqlan\u0131r.\u00a0 Halbuki 2022-ci ilin fevral ay\u0131nda Az\u0259rbaycanla Rusiya aras\u0131nda Moskvada strateji m\u00fctt\u0259fiqlik haqq\u0131nda s\u0259n\u0259d imzalan\u0131b.<\/p>\n<p>Yeri g\u0259lmi\u015fk\u0259n, yanvar ay\u0131ndan etibar\u0259n Ukrayna Trans-Balkan mar\u015frutu vasit\u0259sil\u0259 Az\u0259rbaycandan ilk qaz n\u0259qli s\u0131naqlar\u0131n\u0131 h\u0259yata ke\u00e7irib v\u0259 \u0259m\u0259kda\u015fl\u0131\u011f\u0131n \u0259h\u0259miyy\u0259tli d\u0259r\u0259c\u0259d\u0259 geni\u015fl\u0259ndirilm\u0259sini planla\u015fd\u0131rd\u0131\u011f\u0131n\u0131 a\u00e7\u0131qlay\u0131b. Lakin bu d\u00f6vrd\u0259 Rusiya Ukrayna \u0259razisind\u0259 SOCAR-a m\u0259xsus neft anbarlar\u0131n\u0131 v\u0259 qaz kompressor stansiyalar\u0131n\u0131 h\u0259d\u0259f\u0259 alan bir ne\u00e7\u0259 hava h\u00fccumu h\u0259yata ke\u00e7irib. M\u0259s\u0259l\u0259n, avqustun 18-n\u0259 ke\u00e7\u0259n gec\u0259 Rusiya Silahl\u0131 Q\u00fcvv\u0259l\u0259ri Odessada SOCAR-\u0131n yanacaqdoldurma m\u0259nt\u0259q\u0259sini vurub. Qeyd ed\u0259k ki, Rusiya avqustun 8-d\u0259 Odessa vilay\u0259tind\u0259 yerl\u0259\u015f\u0259n neft bazas\u0131na \u201c\u015eahed\u201d pilotsuz u\u00e7u\u015f aparatlar\u0131 il\u0259 h\u00fccum etmi\u015fdi. Bundan ba\u015fqa, Rusiya Kiyevd\u0259 Az\u0259rbaycan s\u0259firliyinin \u0259traf\u0131na da raket z\u0259rb\u0259l\u0259ri endirmi\u015fdi. Ukrayna Prezidenti Volodimir Zelenski sosial \u015f\u0259b\u0259k\u0259 s\u0259hif\u0259sind\u0259 yaz\u0131b ki, Rusiya Odessada Az\u0259rbaycan\u0131n d\u00f6vl\u0259t neft \u015firk\u0259tinin neft infrastrukturu obyektl\u0259rin\u0259 q\u0259sd\u0259n h\u00fccum edib. Bununla bel\u0259, prezidentl\u0259r \u0130lham \u018fliyev v\u0259 Volodimir Zelenski aras\u0131ndak\u0131 s\u0259mimi dialoq v\u0259 qar\u015f\u0131l\u0131ql\u0131 etimad enerji resurslar\u0131n\u0131n b\u00f6lg\u0259d\u0259 sabitlik v\u0259 inteqrasiya amili olaraq qalmas\u0131n\u0131 t\u0259min edir.<\/p>\n<p>Onu da bildir\u0259k ki, Az\u0259rbaycan\u0131n bu m\u00f6vqeyi Ukraynada da y\u00fcks\u0259k qiym\u0259tl\u0259ndirilir. M\u0259s\u0259l\u0259n, avqustun 16-da Ukraynan\u0131n xarici i\u015fl\u0259r naziri Andrey Sibiqa Az\u0259rbaycan\u0131n xarici i\u015fl\u0259r naziri Ceyhun Bayramovla telefon dan\u0131\u015f\u0131\u011f\u0131 zaman\u0131 Az\u0259rbaycan t\u0259r\u0259finin Ukraynaya g\u00f6st\u0259ril\u0259n humanitar yard\u0131mlar, o c\u00fcml\u0259d\u0259n m\u00fcnaqi\u015f\u0259d\u0259n z\u0259r\u0259r \u00e7\u0259kmi\u015f \u0259razil\u0259rd\u0259 b\u0259rpa v\u0259 yenid\u0259nqurma sah\u0259l\u0259rind\u0259 d\u0259st\u0259yin\u0259 g\u00f6r\u0259 n\u00f6vb\u0259ti d\u0259f\u0259 t\u0259\u015f\u0259kk\u00fcr edib. Ukraynan\u0131n xarici i\u015fl\u0259r naziri, h\u0259m\u00e7inin Az\u0259rbaycan Prezidentinin AB\u015e-a s\u0259f\u0259ri zaman\u0131 Az\u0259rbaycan-AB\u015e aras\u0131nda \u0259ld\u0259 edilmi\u015f raz\u0131l\u0131qlar, habel\u0259 Az\u0259rbaycan-Erm\u0259nistan normalla\u015fma prosesind\u0259 nailiyy\u0259tl\u0259r m\u00fcnasib\u0259til\u0259 t\u0259brikl\u0259rini \u00e7atd\u0131r\u0131b.<\/p>\n<p>Qeyd ed\u0259k ki, Az\u0259rbaycanla Ukrayna aras\u0131nda diplomatik \u0259laq\u0259l\u0259r 31 yanvar 1992-ci ild\u0259 yarad\u0131lm\u0131\u015fd\u0131r. 1996-c\u0131 ild\u0259 Ukraynan\u0131n Az\u0259rbaycanda, 1997-ci ild\u0259 is\u0259 Az\u0259rbaycan\u0131n Ukraynada s\u0259firliyi a\u00e7\u0131lm\u0131\u015fd\u0131r. \u00d6t\u0259n ill\u0259r \u0259rzind\u0259 Az\u0259rbaycan-Ukrayna \u0259laq\u0259l\u0259ri\u00a0h\u0259rt\u0259r\u0259fli inki\u015faf ed\u0259r\u0259k\u00a0y\u00fcks\u0259k n\u0259tic\u0259l\u0259r \u0259ld\u0259 olunmu\u015fdur. Bu vaxta\u00a0kimi Az\u0259rbaycanla Ukrayna aras\u0131nda 160-dan \u00e7ox m\u00fcxt\u0259lif sah\u0259l\u0259ri \u0259hat\u0259 ed\u0259n d\u00f6vl\u0259tl\u0259raras\u0131 v\u0259 h\u00f6kum\u0259tl\u0259raras\u0131 sazi\u015fl\u0259r v\u0259 m\u00fcqavil\u0259l\u0259r imzalanm\u0131\u015fd\u0131r.<\/p>\n<p><em><strong>Qvami M\u0259h\u0259bb\u0259to\u011flu, \u201c\u0130ki sahil\u201d<\/strong><\/em><\/p>\n","protected":false},"excerpt":{"rendered":"<p>Az\u0259rbaycan d\u0259f\u0259l\u0259rl\u0259 a\u00e7\u0131q \u015f\u0259kild\u0259 Ukraynan\u0131n d\u00f6vl\u0259t suverenliyin\u0259 v\u0259 \u0259razi b\u00fct\u00f6vl\u00fcy\u00fcn\u0259 d\u0259st\u0259k ifad\u0259 edib. H\u0259tta Prezident \u0130lham \u018fliyev iyulun 19-da Xank\u0259ndid\u0259 ke\u00e7iril\u0259n III \u015eu\u015fa Qlobal Media Forumunun i\u015ftirak\u00e7\u0131lar\u0131 il\u0259 g\u00f6r\u00fc\u015f\u00fcnd\u0259 Ukraynaya bel\u0259 bir t\u00f6vsiy\u0259 d\u0259 vermi\u015fdi: he\u00e7 vaxt i\u015f\u011falla bar\u0131\u015fmamaq.\u00a0 Bununla da d\u00f6vl\u0259timizin ba\u015f\u00e7\u0131s\u0131 Az\u0259rbaycan\u0131n tarixi dostlu\u011fa sadiq qald\u0131\u011f\u0131n\u0131, h\u0259m\u00e7inin h\u0259yata ke\u00e7irdiyi siyas\u0259tind\u0259 b\u0259\u015f\u0259ri d\u0259y\u0259rl\u0259r\u0259 s\u00f6yk\u0259ndiyini bir daha b\u0259yan edib. R\u0259smi Bak\u0131n\u0131n Ukraynan\u0131n suverenliyi v\u0259 \u0259razi b\u00fct\u00f6vl\u00fcy\u00fcn\u00fcn d\u0259st\u0259kl\u0259nm\u0259si il\u0259 ba\u011fl\u0131 m\u00f6vqeyi bu g\u00fcn d\u0259 d\u0259yi\u015fm\u0259z olaraq qal\u0131r. Yeri g\u0259lmi\u015fk\u0259n qeyd ed\u0259k ki, Az\u0259rbaycan torpaqlar\u0131 i\u015f\u011fal alt\u0131nda olanda Ukrayna bizim \u0259razi b\u00fct\u00f6vl\u00fcy\u00fcm\u00fcz\u00fc&hellip;<\/p>\n","protected":false},"author":2,"featured_media":821573,"comment_status":"closed","ping_status":"closed","sticky":false,"template":"","format":"standard","meta":{"om_disable_all_campaigns":false,"_monsterinsights_skip_tracking":false,"_monsterinsights_sitenote_active":false,"_monsterinsights_sitenote_note":"","_monsterinsights_sitenote_category":0},"categories":[19],"tags":[],"aioseo_notices":[],"gutentor_comment":0,"rttpg_featured_image_url":{"full":["https:\/\/arantv.az\/wp-content\/uploads\/2025\/08\/996740de175561180546668927910786212.jpg",975,540,false],"landscape":["https:\/\/arantv.az\/wp-content\/uploads\/2025\/08\/996740de175561180546668927910786212.jpg",975,540,false],"portraits":["https:\/\/arantv.az\/wp-content\/uploads\/2025\/08\/996740de175561180546668927910786212.jpg",975,540,false],"thumbnail":["https:\/\/arantv.az\/wp-content\/uploads\/2025\/08\/996740de175561180546668927910786212-500x280.jpg",500,280,true],"medium":["https:\/\/arantv.az\/wp-content\/uploads\/2025\/08\/996740de175561180546668927910786212-660x365.jpg",660,365,true],"large":["https:\/\/arantv.az\/wp-content\/uploads\/2025\/08\/996740de175561180546668927910786212-840x465.jpg",640,354,true],"1536x1536":["https:\/\/arantv.az\/wp-content\/uploads\/2025\/08\/996740de175561180546668927910786212.jpg",975,540,false],"2048x2048":["https:\/\/arantv.az\/wp-content\/uploads\/2025\/08\/996740de175561180546668927910786212.jpg",975,540,false],"post-thumbnail":["https:\/\/arantv.az\/wp-content\/uploads\/2025\/08\/996740de175561180546668927910786212-240x172.jpg",240,172,true],"advps-thumb-one":["https:\/\/arantv.az\/wp-content\/uploads\/2025\/08\/996740de175561180546668927910786212.jpg",975,540,false]},"rttpg_author":{"display_name":"V\u00fcsal Rafiqo\u011flu","author_link":"https:\/\/arantv.az\/?author=2"},"rttpg_comment":0,"rttpg_category":"<a href=\"https:\/\/arantv.az\/?cat=19\" rel=\"category\">G\u00fcnd\u0259m<\/a>","rttpg_excerpt":"Az\u0259rbaycan d\u0259f\u0259l\u0259rl\u0259 a\u00e7\u0131q \u015f\u0259kild\u0259 Ukraynan\u0131n d\u00f6vl\u0259t suverenliyin\u0259 v\u0259 \u0259razi b\u00fct\u00f6vl\u00fcy\u00fcn\u0259 d\u0259st\u0259k ifad\u0259 edib. H\u0259tta Prezident \u0130lham \u018fliyev iyulun 19-da Xank\u0259ndid\u0259 ke\u00e7iril\u0259n III \u015eu\u015fa Qlobal Media Forumunun i\u015ftirak\u00e7\u0131lar\u0131 il\u0259 g\u00f6r\u00fc\u015f\u00fcnd\u0259 Ukraynaya bel\u0259 bir t\u00f6vsiy\u0259 d\u0259 vermi\u015fdi: he\u00e7 vaxt i\u015f\u011falla bar\u0131\u015fmamaq.\u00a0 Bununla da d\u00f6vl\u0259timizin ba\u015f\u00e7\u0131s\u0131 Az\u0259rbaycan\u0131n tarixi dostlu\u011fa sadiq qald\u0131\u011f\u0131n\u0131, h\u0259m\u00e7inin h\u0259yata ke\u00e7irdiyi siyas\u0259tind\u0259 b\u0259\u015f\u0259ri d\u0259y\u0259rl\u0259r\u0259 s\u00f6yk\u0259ndiyini&hellip;","_links":{"self":[{"href":"https:\/\/arantv.az\/index.php?rest_route=\/wp\/v2\/posts\/821572"}],"collection":[{"href":"https:\/\/arantv.az\/index.php?rest_route=\/wp\/v2\/posts"}],"about":[{"href":"https:\/\/arantv.az\/index.php?rest_route=\/wp\/v2\/types\/post"}],"author":[{"embeddable":true,"href":"https:\/\/arantv.az\/index.php?rest_route=\/wp\/v2\/users\/2"}],"replies":[{"embeddable":true,"href":"https:\/\/arantv.az\/index.php?rest_route=%2Fwp%2Fv2%2Fcomments&post=821572"}],"version-history":[{"count":1,"href":"https:\/\/arantv.az\/index.php?rest_route=\/wp\/v2\/posts\/821572\/revisions"}],"predecessor-version":[{"id":821574,"href":"https:\/\/arantv.az\/index.php?rest_route=\/wp\/v2\/posts\/821572\/revisions\/821574"}],"wp:featuredmedia":[{"embeddable":true,"href":"https:\/\/arantv.az\/index.php?rest_route=\/wp\/v2\/media\/821573"}],"wp:attachment":[{"href":"https:\/\/arantv.az\/index.php?rest_route=%2Fwp%2Fv2%2Fmedia&parent=821572"}],"wp:term":[{"taxonomy":"category","embeddable":true,"href":"https:\/\/arantv.az\/index.php?rest_route=%2Fwp%2Fv2%2Fcategories&post=821572"},{"taxonomy":"post_tag","embeddable":true,"href":"https:\/\/arantv.az\/index.php?rest_route=%2Fwp%2Fv2%2Ftags&post=821572"}],"curies":[{"name":"wp","href":"https:\/\/api.w.org\/{rel}","templated":true}]}}