{"id":821579,"date":"2025-08-20T08:32:58","date_gmt":"2025-08-20T04:32:58","guid":{"rendered":"https:\/\/arantv.az\/?p=821579"},"modified":"2025-08-20T08:32:58","modified_gmt":"2025-08-20T04:32:58","slug":"iki-qardas-olk%c9%99-barismaq-ist%c9%99yir","status":"publish","type":"post","link":"https:\/\/arantv.az\/?p=821579","title":{"rendered":"\u0130ki qarda\u015f \u00f6lk\u0259 bar\u0131\u015fmaq ist\u0259yir"},"content":{"rendered":"<p><strong>C\u0259nubi Koreya prezident administrasiyas\u0131 b\u0259yan edib ki, d\u00f6vl\u0259t ba\u015f\u00e7\u0131s\u0131 Li \u00c7je Myon h\u0259r iki t\u0259r\u0259fin maraqlar\u0131na uy\u011fun olaraq KXDR-\u0259 qar\u015f\u0131 bar\u0131\u015fd\u0131r\u0131c\u0131 siyas\u0259t apar\u0131r.<\/strong><\/p>\n<p><b>ARANTV.AZ\u00a0 <\/b>x\u0259b\u0259r verir ki, bu bar\u0259d\u0259 \u201cYonhap\u201d agentliyi m\u0259lumat yay\u0131b.<\/p>\n<p>\u201cLi \u00c7je Myon administrasiyas\u0131 Koreya yar\u0131madas\u0131nda s\u00fclh\u00fcn t\u0259min edilm\u0259si \u00fc\u00e7\u00fcn h\u0259r hans\u0131 eqoist maraqlardan deyil, h\u0259m C\u0259nub, h\u0259m d\u0259 \u015eimal \u00fc\u00e7\u00fcn sabitlik v\u0259 firavanl\u0131q namin\u0259 f\u0259al t\u0259dbirl\u0259r g\u00f6r\u00fcr. H\u00f6kum\u0259t Koreya yar\u0131madas\u0131nda dinc yana\u015f\u0131 ya\u015fama v\u0259 birg\u0259 \u00e7i\u00e7\u0259kl\u0259nm\u0259nin yeni eras\u0131 namin\u0259 d\u00fc\u015fm\u0259n\u00e7ilik v\u0259 qar\u015f\u0131durma d\u00f6vr\u00fcn\u00fc gerid\u0259 qoyacaq\u201d, &#8211; C\u0259nubi Koreya d\u00f6vl\u0259t ba\u015f\u00e7\u0131s\u0131n\u0131n ofisi \u0259lav\u0259 edib.<\/p>\n","protected":false},"excerpt":{"rendered":"<p>C\u0259nubi Koreya prezident administrasiyas\u0131 b\u0259yan edib ki, d\u00f6vl\u0259t ba\u015f\u00e7\u0131s\u0131 Li \u00c7je Myon h\u0259r iki t\u0259r\u0259fin maraqlar\u0131na uy\u011fun olaraq KXDR-\u0259 qar\u015f\u0131 bar\u0131\u015fd\u0131r\u0131c\u0131 siyas\u0259t apar\u0131r. ARANTV.AZ\u00a0 x\u0259b\u0259r verir ki, bu bar\u0259d\u0259 \u201cYonhap\u201d agentliyi m\u0259lumat yay\u0131b. \u201cLi \u00c7je Myon administrasiyas\u0131 Koreya yar\u0131madas\u0131nda s\u00fclh\u00fcn t\u0259min edilm\u0259si \u00fc\u00e7\u00fcn h\u0259r hans\u0131 eqoist maraqlardan deyil, h\u0259m C\u0259nub, h\u0259m d\u0259 \u015eimal \u00fc\u00e7\u00fcn sabitlik v\u0259 firavanl\u0131q namin\u0259 f\u0259al t\u0259dbirl\u0259r g\u00f6r\u00fcr. H\u00f6kum\u0259t Koreya yar\u0131madas\u0131nda dinc yana\u015f\u0131 ya\u015fama v\u0259 birg\u0259 \u00e7i\u00e7\u0259kl\u0259nm\u0259nin yeni eras\u0131 namin\u0259 d\u00fc\u015fm\u0259n\u00e7ilik v\u0259 qar\u015f\u0131durma d\u00f6vr\u00fcn\u00fc gerid\u0259 qoyacaq\u201d, &#8211; C\u0259nubi Koreya d\u00f6vl\u0259t ba\u015f\u00e7\u0131s\u0131n\u0131n ofisi \u0259lav\u0259 edib.<\/p>\n","protected":false},"author":2,"featured_media":821580,"comment_status":"closed","ping_status":"closed","sticky":false,"template":"","format":"standard","meta":{"om_disable_all_campaigns":false,"_monsterinsights_skip_tracking":false,"_monsterinsights_sitenote_active":false,"_monsterinsights_sitenote_note":"","_monsterinsights_sitenote_category":0},"categories":[7],"tags":[],"aioseo_notices":[],"gutentor_comment":0,"rttpg_featured_image_url":{"full":["https:\/\/arantv.az\/wp-content\/uploads\/2025\/08\/sylh_goyercin.jpg",1200,675,false],"landscape":["https:\/\/arantv.az\/wp-content\/uploads\/2025\/08\/sylh_goyercin.jpg",1200,675,false],"portraits":["https:\/\/arantv.az\/wp-content\/uploads\/2025\/08\/sylh_goyercin.jpg",1200,675,false],"thumbnail":["https:\/\/arantv.az\/wp-content\/uploads\/2025\/08\/sylh_goyercin-500x280.jpg",500,280,true],"medium":["https:\/\/arantv.az\/wp-content\/uploads\/2025\/08\/sylh_goyercin-649x365.jpg",649,365,true],"large":["https:\/\/arantv.az\/wp-content\/uploads\/2025\/08\/sylh_goyercin-840x473.jpg",640,360,true],"1536x1536":["https:\/\/arantv.az\/wp-content\/uploads\/2025\/08\/sylh_goyercin.jpg",1200,675,false],"2048x2048":["https:\/\/arantv.az\/wp-content\/uploads\/2025\/08\/sylh_goyercin.jpg",1200,675,false],"post-thumbnail":["https:\/\/arantv.az\/wp-content\/uploads\/2025\/08\/sylh_goyercin-240x172.jpg",240,172,true],"advps-thumb-one":["https:\/\/arantv.az\/wp-content\/uploads\/2025\/08\/sylh_goyercin-1200x620.jpg",1200,620,true]},"rttpg_author":{"display_name":"V\u00fcsal Rafiqo\u011flu","author_link":"https:\/\/arantv.az\/?author=2"},"rttpg_comment":0,"rttpg_category":"<a href=\"https:\/\/arantv.az\/?cat=7\" rel=\"category\">D\u00fcnya<\/a>","rttpg_excerpt":"C\u0259nubi Koreya prezident administrasiyas\u0131 b\u0259yan edib ki, d\u00f6vl\u0259t ba\u015f\u00e7\u0131s\u0131 Li \u00c7je Myon h\u0259r iki t\u0259r\u0259fin maraqlar\u0131na uy\u011fun olaraq KXDR-\u0259 qar\u015f\u0131 bar\u0131\u015fd\u0131r\u0131c\u0131 siyas\u0259t apar\u0131r. ARANTV.AZ\u00a0 x\u0259b\u0259r verir ki, bu bar\u0259d\u0259 \u201cYonhap\u201d agentliyi m\u0259lumat yay\u0131b. \u201cLi \u00c7je Myon administrasiyas\u0131 Koreya yar\u0131madas\u0131nda s\u00fclh\u00fcn t\u0259min edilm\u0259si \u00fc\u00e7\u00fcn h\u0259r hans\u0131 eqoist maraqlardan deyil, h\u0259m C\u0259nub, h\u0259m d\u0259 \u015eimal \u00fc\u00e7\u00fcn sabitlik&hellip;","_links":{"self":[{"href":"https:\/\/arantv.az\/index.php?rest_route=\/wp\/v2\/posts\/821579"}],"collection":[{"href":"https:\/\/arantv.az\/index.php?rest_route=\/wp\/v2\/posts"}],"about":[{"href":"https:\/\/arantv.az\/index.php?rest_route=\/wp\/v2\/types\/post"}],"author":[{"embeddable":true,"href":"https:\/\/arantv.az\/index.php?rest_route=\/wp\/v2\/users\/2"}],"replies":[{"embeddable":true,"href":"https:\/\/arantv.az\/index.php?rest_route=%2Fwp%2Fv2%2Fcomments&post=821579"}],"version-history":[{"count":1,"href":"https:\/\/arantv.az\/index.php?rest_route=\/wp\/v2\/posts\/821579\/revisions"}],"predecessor-version":[{"id":821581,"href":"https:\/\/arantv.az\/index.php?rest_route=\/wp\/v2\/posts\/821579\/revisions\/821581"}],"wp:featuredmedia":[{"embeddable":true,"href":"https:\/\/arantv.az\/index.php?rest_route=\/wp\/v2\/media\/821580"}],"wp:attachment":[{"href":"https:\/\/arantv.az\/index.php?rest_route=%2Fwp%2Fv2%2Fmedia&parent=821579"}],"wp:term":[{"taxonomy":"category","embeddable":true,"href":"https:\/\/arantv.az\/index.php?rest_route=%2Fwp%2Fv2%2Fcategories&post=821579"},{"taxonomy":"post_tag","embeddable":true,"href":"https:\/\/arantv.az\/index.php?rest_route=%2Fwp%2Fv2%2Ftags&post=821579"}],"curies":[{"name":"wp","href":"https:\/\/api.w.org\/{rel}","templated":true}]}}