{"id":821591,"date":"2025-08-20T08:36:26","date_gmt":"2025-08-20T04:36:26","guid":{"rendered":"https:\/\/arantv.az\/?p=821591"},"modified":"2025-08-20T08:36:26","modified_gmt":"2025-08-20T04:36:26","slug":"avtomobili-il%c9%99-2-yasli-oglunun-ustund%c9%99n-kecib-oldurdu-saatlidaki-q%c9%99zanin-t%c9%99f%c9%99rruati","status":"publish","type":"post","link":"https:\/\/arantv.az\/?p=821591","title":{"rendered":"Avtomobili il\u0259 2 ya\u015fl\u0131 o\u011flunun \u00fcst\u00fcnd\u0259n ke\u00e7ib \u00f6ld\u00fcrd\u00fc &#8211; Saatl\u0131dak\u0131 q\u0259zan\u0131n T\u018fF\u018fRR\u00dcATI"},"content":{"rendered":"<p><strong>L\u0259nk\u0259ran A\u011f\u0131r Cinay\u0259tl\u0259r M\u0259hk\u0259m\u0259sind\u0259 azya\u015fl\u0131 o\u011flunun \u00f6l\u00fcm\u00fcn\u0259 s\u0259b\u0259b olmaqda t\u0259qsirl\u0259ndiril\u0259n El\u015f\u0259n \u018fsk\u0259rovun cinay\u0259t i\u015fi \u00fczr\u0259 m\u0259hk\u0259m\u0259 prosesi ba\u015fa \u00e7at\u0131b.<\/strong><\/p>\n<p>Prosesd\u0259 t\u0259qsirl\u0259ndiril\u0259n \u015f\u0259xs\u0259 h\u00f6km oxunub. M\u0259hk\u0259m\u0259nin h\u00f6km\u00fc il\u0259 E.\u018fsk\u0259rov 5 il azadl\u0131qdan m\u0259hrum edilib. M\u0259hk\u0259m\u0259 ona Cinay\u0259t M\u0259c\u0259ll\u0259sinin 70-ci madd\u0259sini t\u0259tbiq ed\u0259r\u0259k, c\u0259zas\u0131n\u0131n 2 ilini \u015f\u0259rti hesab edib.<\/p>\n<p>Xat\u0131rladaq ki, hadis\u0259 \u00f6t\u0259n il sentyabr\u0131n 13-d\u0259 ba\u015f verib. Saatl\u0131 rayonunun Orta Mu\u011fan k\u0259nd sakini El\u015f\u0259n \u018fsk\u0259rov h\u0259mk\u0259ndlisinin h\u0259y\u0259tind\u0259 ke\u00e7iril\u0259n toyax\u015fam\u0131 m\u0259clisin\u0259 getm\u0259k ist\u0259yib. O bu m\u0259qs\u0259dl\u0259 h\u0259y\u0259tind\u0259 \u00f6z\u00fcn\u0259 m\u0259xsus VAZ-2161 markal\u0131 avtomobili i\u015f\u0259 sal\u0131b v\u0259 avtomobili arxaya do\u011fru h\u0259r\u0259k\u0259t etdirib. H\u0259min vaxt h\u0259y\u0259td\u0259 oynayan iki ya\u015fl\u0131 o\u011flu &#8211; 2022-ci il t\u0259v\u0259ll\u00fcdl\u00fc S\u0259nan \u018fsk\u0259rovun ba\u015f\u0131 avtomobilin arxa t\u0259k\u0259rinin alt\u0131nda qal\u0131b. 2 ya\u015fl\u0131 S.\u018fsk\u0259rov x\u0259st\u0259xanaya \u00e7atd\u0131r\u0131lsa da, orada \u00f6l\u00fcb.\/\/Oxu.az<\/p>\n","protected":false},"excerpt":{"rendered":"<p>L\u0259nk\u0259ran A\u011f\u0131r Cinay\u0259tl\u0259r M\u0259hk\u0259m\u0259sind\u0259 azya\u015fl\u0131 o\u011flunun \u00f6l\u00fcm\u00fcn\u0259 s\u0259b\u0259b olmaqda t\u0259qsirl\u0259ndiril\u0259n El\u015f\u0259n \u018fsk\u0259rovun cinay\u0259t i\u015fi \u00fczr\u0259 m\u0259hk\u0259m\u0259 prosesi ba\u015fa \u00e7at\u0131b. Prosesd\u0259 t\u0259qsirl\u0259ndiril\u0259n \u015f\u0259xs\u0259 h\u00f6km oxunub. M\u0259hk\u0259m\u0259nin h\u00f6km\u00fc il\u0259 E.\u018fsk\u0259rov 5 il azadl\u0131qdan m\u0259hrum edilib. M\u0259hk\u0259m\u0259 ona Cinay\u0259t M\u0259c\u0259ll\u0259sinin 70-ci madd\u0259sini t\u0259tbiq ed\u0259r\u0259k, c\u0259zas\u0131n\u0131n 2 ilini \u015f\u0259rti hesab edib. Xat\u0131rladaq ki, hadis\u0259 \u00f6t\u0259n il sentyabr\u0131n 13-d\u0259 ba\u015f verib. Saatl\u0131 rayonunun Orta Mu\u011fan k\u0259nd sakini El\u015f\u0259n \u018fsk\u0259rov h\u0259mk\u0259ndlisinin h\u0259y\u0259tind\u0259 ke\u00e7iril\u0259n toyax\u015fam\u0131 m\u0259clisin\u0259 getm\u0259k ist\u0259yib. O bu m\u0259qs\u0259dl\u0259 h\u0259y\u0259tind\u0259 \u00f6z\u00fcn\u0259 m\u0259xsus VAZ-2161 markal\u0131 avtomobili i\u015f\u0259 sal\u0131b v\u0259 avtomobili arxaya do\u011fru h\u0259r\u0259k\u0259t etdirib. H\u0259min vaxt&hellip;<\/p>\n","protected":false},"author":2,"featured_media":821592,"comment_status":"closed","ping_status":"closed","sticky":false,"template":"","format":"standard","meta":{"om_disable_all_campaigns":false,"_monsterinsights_skip_tracking":false,"_monsterinsights_sitenote_active":false,"_monsterinsights_sitenote_note":"","_monsterinsights_sitenote_category":0},"categories":[5],"tags":[],"aioseo_notices":[],"gutentor_comment":0,"rttpg_featured_image_url":{"full":["https:\/\/arantv.az\/wp-content\/uploads\/2025\/08\/e39051d3ea5ec73bab8a8f35c372e0ff.jpg",870,500,false],"landscape":["https:\/\/arantv.az\/wp-content\/uploads\/2025\/08\/e39051d3ea5ec73bab8a8f35c372e0ff.jpg",870,500,false],"portraits":["https:\/\/arantv.az\/wp-content\/uploads\/2025\/08\/e39051d3ea5ec73bab8a8f35c372e0ff.jpg",870,500,false],"thumbnail":["https:\/\/arantv.az\/wp-content\/uploads\/2025\/08\/e39051d3ea5ec73bab8a8f35c372e0ff-500x280.jpg",500,280,true],"medium":["https:\/\/arantv.az\/wp-content\/uploads\/2025\/08\/e39051d3ea5ec73bab8a8f35c372e0ff-635x365.jpg",635,365,true],"large":["https:\/\/arantv.az\/wp-content\/uploads\/2025\/08\/e39051d3ea5ec73bab8a8f35c372e0ff-840x483.jpg",640,368,true],"1536x1536":["https:\/\/arantv.az\/wp-content\/uploads\/2025\/08\/e39051d3ea5ec73bab8a8f35c372e0ff.jpg",870,500,false],"2048x2048":["https:\/\/arantv.az\/wp-content\/uploads\/2025\/08\/e39051d3ea5ec73bab8a8f35c372e0ff.jpg",870,500,false],"post-thumbnail":["https:\/\/arantv.az\/wp-content\/uploads\/2025\/08\/e39051d3ea5ec73bab8a8f35c372e0ff-240x172.jpg",240,172,true],"advps-thumb-one":["https:\/\/arantv.az\/wp-content\/uploads\/2025\/08\/e39051d3ea5ec73bab8a8f35c372e0ff.jpg",870,500,false]},"rttpg_author":{"display_name":"V\u00fcsal Rafiqo\u011flu","author_link":"https:\/\/arantv.az\/?author=2"},"rttpg_comment":0,"rttpg_category":"<a href=\"https:\/\/arantv.az\/?cat=5\" rel=\"category\">Hadis\u0259<\/a>","rttpg_excerpt":"L\u0259nk\u0259ran A\u011f\u0131r Cinay\u0259tl\u0259r M\u0259hk\u0259m\u0259sind\u0259 azya\u015fl\u0131 o\u011flunun \u00f6l\u00fcm\u00fcn\u0259 s\u0259b\u0259b olmaqda t\u0259qsirl\u0259ndiril\u0259n El\u015f\u0259n \u018fsk\u0259rovun cinay\u0259t i\u015fi \u00fczr\u0259 m\u0259hk\u0259m\u0259 prosesi ba\u015fa \u00e7at\u0131b. Prosesd\u0259 t\u0259qsirl\u0259ndiril\u0259n \u015f\u0259xs\u0259 h\u00f6km oxunub. M\u0259hk\u0259m\u0259nin h\u00f6km\u00fc il\u0259 E.\u018fsk\u0259rov 5 il azadl\u0131qdan m\u0259hrum edilib. M\u0259hk\u0259m\u0259 ona Cinay\u0259t M\u0259c\u0259ll\u0259sinin 70-ci madd\u0259sini t\u0259tbiq ed\u0259r\u0259k, c\u0259zas\u0131n\u0131n 2 ilini \u015f\u0259rti hesab edib. Xat\u0131rladaq ki, hadis\u0259 \u00f6t\u0259n il sentyabr\u0131n 13-d\u0259 ba\u015f&hellip;","_links":{"self":[{"href":"https:\/\/arantv.az\/index.php?rest_route=\/wp\/v2\/posts\/821591"}],"collection":[{"href":"https:\/\/arantv.az\/index.php?rest_route=\/wp\/v2\/posts"}],"about":[{"href":"https:\/\/arantv.az\/index.php?rest_route=\/wp\/v2\/types\/post"}],"author":[{"embeddable":true,"href":"https:\/\/arantv.az\/index.php?rest_route=\/wp\/v2\/users\/2"}],"replies":[{"embeddable":true,"href":"https:\/\/arantv.az\/index.php?rest_route=%2Fwp%2Fv2%2Fcomments&post=821591"}],"version-history":[{"count":2,"href":"https:\/\/arantv.az\/index.php?rest_route=\/wp\/v2\/posts\/821591\/revisions"}],"predecessor-version":[{"id":821594,"href":"https:\/\/arantv.az\/index.php?rest_route=\/wp\/v2\/posts\/821591\/revisions\/821594"}],"wp:featuredmedia":[{"embeddable":true,"href":"https:\/\/arantv.az\/index.php?rest_route=\/wp\/v2\/media\/821592"}],"wp:attachment":[{"href":"https:\/\/arantv.az\/index.php?rest_route=%2Fwp%2Fv2%2Fmedia&parent=821591"}],"wp:term":[{"taxonomy":"category","embeddable":true,"href":"https:\/\/arantv.az\/index.php?rest_route=%2Fwp%2Fv2%2Fcategories&post=821591"},{"taxonomy":"post_tag","embeddable":true,"href":"https:\/\/arantv.az\/index.php?rest_route=%2Fwp%2Fv2%2Ftags&post=821591"}],"curies":[{"name":"wp","href":"https:\/\/api.w.org\/{rel}","templated":true}]}}