{"id":82170,"date":"2019-09-28T12:33:07","date_gmt":"2019-09-28T09:33:07","guid":{"rendered":"http:\/\/arantv.az\/?p=82170"},"modified":"2019-09-28T12:33:07","modified_gmt":"2019-09-28T09:33:07","slug":"l%c9%99nk%c9%99randa-ilk-islam-kolleci-f%c9%99aliyy%c9%99t%c9%99-basladi","status":"publish","type":"post","link":"https:\/\/arantv.az\/?p=82170","title":{"rendered":"L\u0259nk\u0259randa ilk \u0130slam Kolleci f\u0259aliyy\u0259t\u0259 ba\u015flad\u0131"},"content":{"rendered":"<p>\u00d6t\u0259n g\u00fcn L\u0259nk\u0259ran \u0130slam Kollecinin (r\u0259smi m\u0259dr\u0259s\u0259) a\u00e7\u0131l\u0131\u015f\u0131 olub.<\/p>\n<p><strong>ARANTV.AZ<\/strong>\u00a0 SalamNews-a istinadla x\u0259b\u0259r verir ki, t\u0259dbird\u0259 Qafqaz M\u00fcs\u0259lman \u0130dar\u0259 s\u0259drinin m\u00fcavinl\u0259ri Fuad Nurullah v\u0259 Q\u0259m\u0259rxan\u0131m Cavadl\u0131, \u0259m\u0259kda\u015flar, DQ\u0130DK-nin r\u0259smisi Nahid M\u0259mm\u0259dov, DQ\u0130DK-nin L\u0259nk\u0259ran \u015f\u00f6b\u0259sinin m\u00fcdiri Qa\u011fay\u0131 M\u0259mm\u0259dov, Kollecin r\u0259hb\u0259ri, QM\u0130-nin b\u00f6lg\u0259 qaz\u0131s\u0131 Q\u0259ni Axundzad\u0259 v\u0259 ictimaiyy\u0259t n\u00fcmay\u0259nd\u0259l\u0259ri i\u015ftirak edibl\u0259r.<\/p>\n<p>Qeyd ed\u0259k ki, kollecl\u0259r Az\u0259rbaycan Prezidenti \u0130lham \u018fliyevin f\u0259rman\u0131 il\u0259 yarad\u0131l\u0131b. Bunlar Heyd\u0259r \u0130slam Kolleci, Zaqatala \u0130slam Kolleci, G\u0259nc\u0259 \u0130slam Kolleci, L\u0259nk\u0259ran \u0130slam Kolleci, Quba \u0130slam Kolleci, Nardaran \u0130slam Kolleci, Bibiheyb\u0259t \u0130slam Kolleci v\u0259 Nax\u00e7\u0131van \u0130slam Kollecidir.<\/p>\n<p>QM\u0130-nin bu zamana q\u0259d\u0259r f\u0259aliyy\u0259t g\u00f6st\u0259r\u0259n \u00fc\u00e7 dini m\u0259dr\u0259s\u0259si var idi. Onlar Zaqatalan\u0131n \u018fliabad q\u0259s\u0259b\u0259sind\u0259, \u015e\u0259ki v\u0259 Bak\u0131 \u015f\u0259h\u0259rl\u0259rind\u0259 f\u0259aliyy\u0259t g\u00f6st\u0259rir. H\u0259min m\u0259dr\u0259s\u0259l\u0259r\u0259 d\u0259 kollec statusu verilmi\u015fdir.<\/p>\n","protected":false},"excerpt":{"rendered":"<p>\u00d6t\u0259n g\u00fcn L\u0259nk\u0259ran \u0130slam Kollecinin (r\u0259smi m\u0259dr\u0259s\u0259) a\u00e7\u0131l\u0131\u015f\u0131 olub. ARANTV.AZ\u00a0 SalamNews-a istinadla x\u0259b\u0259r verir ki, t\u0259dbird\u0259 Qafqaz M\u00fcs\u0259lman \u0130dar\u0259 s\u0259drinin m\u00fcavinl\u0259ri Fuad Nurullah v\u0259 Q\u0259m\u0259rxan\u0131m Cavadl\u0131, \u0259m\u0259kda\u015flar, DQ\u0130DK-nin r\u0259smisi Nahid M\u0259mm\u0259dov, DQ\u0130DK-nin L\u0259nk\u0259ran \u015f\u00f6b\u0259sinin m\u00fcdiri Qa\u011fay\u0131 M\u0259mm\u0259dov, Kollecin r\u0259hb\u0259ri, QM\u0130-nin b\u00f6lg\u0259 qaz\u0131s\u0131 Q\u0259ni Axundzad\u0259 v\u0259 ictimaiyy\u0259t n\u00fcmay\u0259nd\u0259l\u0259ri i\u015ftirak edibl\u0259r. Qeyd ed\u0259k ki, kollecl\u0259r Az\u0259rbaycan Prezidenti \u0130lham \u018fliyevin f\u0259rman\u0131 il\u0259 yarad\u0131l\u0131b. Bunlar Heyd\u0259r \u0130slam Kolleci, Zaqatala \u0130slam Kolleci, G\u0259nc\u0259 \u0130slam Kolleci, L\u0259nk\u0259ran \u0130slam Kolleci, Quba \u0130slam Kolleci, Nardaran \u0130slam Kolleci, Bibiheyb\u0259t \u0130slam Kolleci v\u0259 Nax\u00e7\u0131van \u0130slam Kollecidir. QM\u0130-nin bu zamana q\u0259d\u0259r&hellip;<\/p>\n","protected":false},"author":2,"featured_media":82171,"comment_status":"closed","ping_status":"closed","sticky":false,"template":"","format":"standard","meta":{"om_disable_all_campaigns":false,"_monsterinsights_skip_tracking":false,"_monsterinsights_sitenote_active":false,"_monsterinsights_sitenote_note":"","_monsterinsights_sitenote_category":0},"categories":[2],"tags":[],"aioseo_notices":[],"gutentor_comment":0,"rttpg_featured_image_url":{"full":["https:\/\/arantv.az\/wp-content\/uploads\/2019\/09\/thumb_4.jpg",120,80,false],"landscape":["https:\/\/arantv.az\/wp-content\/uploads\/2019\/09\/thumb_4.jpg",120,80,false],"portraits":["https:\/\/arantv.az\/wp-content\/uploads\/2019\/09\/thumb_4.jpg",120,80,false],"thumbnail":["https:\/\/arantv.az\/wp-content\/uploads\/2019\/09\/thumb_4.jpg",120,80,false],"medium":["https:\/\/arantv.az\/wp-content\/uploads\/2019\/09\/thumb_4.jpg",120,80,false],"large":["https:\/\/arantv.az\/wp-content\/uploads\/2019\/09\/thumb_4.jpg",120,80,false],"1536x1536":["https:\/\/arantv.az\/wp-content\/uploads\/2019\/09\/thumb_4.jpg",120,80,false],"2048x2048":["https:\/\/arantv.az\/wp-content\/uploads\/2019\/09\/thumb_4.jpg",120,80,false],"post-thumbnail":["https:\/\/arantv.az\/wp-content\/uploads\/2019\/09\/thumb_4.jpg",120,80,false],"advps-thumb-one":["https:\/\/arantv.az\/wp-content\/uploads\/2019\/09\/thumb_4.jpg",120,80,false]},"rttpg_author":{"display_name":"V\u00fcsal Rafiqo\u011flu","author_link":"https:\/\/arantv.az\/?author=2"},"rttpg_comment":0,"rttpg_category":"<a href=\"https:\/\/arantv.az\/?cat=2\" rel=\"category\">Region X\u0259b\u0259rl\u0259ri<\/a>","rttpg_excerpt":"\u00d6t\u0259n g\u00fcn L\u0259nk\u0259ran \u0130slam Kollecinin (r\u0259smi m\u0259dr\u0259s\u0259) a\u00e7\u0131l\u0131\u015f\u0131 olub. ARANTV.AZ\u00a0 SalamNews-a istinadla x\u0259b\u0259r verir ki, t\u0259dbird\u0259 Qafqaz M\u00fcs\u0259lman \u0130dar\u0259 s\u0259drinin m\u00fcavinl\u0259ri Fuad Nurullah v\u0259 Q\u0259m\u0259rxan\u0131m Cavadl\u0131, \u0259m\u0259kda\u015flar, DQ\u0130DK-nin r\u0259smisi Nahid M\u0259mm\u0259dov, DQ\u0130DK-nin L\u0259nk\u0259ran \u015f\u00f6b\u0259sinin m\u00fcdiri Qa\u011fay\u0131 M\u0259mm\u0259dov, Kollecin r\u0259hb\u0259ri, QM\u0130-nin b\u00f6lg\u0259 qaz\u0131s\u0131 Q\u0259ni Axundzad\u0259 v\u0259 ictimaiyy\u0259t n\u00fcmay\u0259nd\u0259l\u0259ri i\u015ftirak edibl\u0259r. Qeyd ed\u0259k ki, kollecl\u0259r Az\u0259rbaycan Prezidenti&hellip;","_links":{"self":[{"href":"https:\/\/arantv.az\/index.php?rest_route=\/wp\/v2\/posts\/82170"}],"collection":[{"href":"https:\/\/arantv.az\/index.php?rest_route=\/wp\/v2\/posts"}],"about":[{"href":"https:\/\/arantv.az\/index.php?rest_route=\/wp\/v2\/types\/post"}],"author":[{"embeddable":true,"href":"https:\/\/arantv.az\/index.php?rest_route=\/wp\/v2\/users\/2"}],"replies":[{"embeddable":true,"href":"https:\/\/arantv.az\/index.php?rest_route=%2Fwp%2Fv2%2Fcomments&post=82170"}],"version-history":[{"count":0,"href":"https:\/\/arantv.az\/index.php?rest_route=\/wp\/v2\/posts\/82170\/revisions"}],"wp:featuredmedia":[{"embeddable":true,"href":"https:\/\/arantv.az\/index.php?rest_route=\/wp\/v2\/media\/82171"}],"wp:attachment":[{"href":"https:\/\/arantv.az\/index.php?rest_route=%2Fwp%2Fv2%2Fmedia&parent=82170"}],"wp:term":[{"taxonomy":"category","embeddable":true,"href":"https:\/\/arantv.az\/index.php?rest_route=%2Fwp%2Fv2%2Fcategories&post=82170"},{"taxonomy":"post_tag","embeddable":true,"href":"https:\/\/arantv.az\/index.php?rest_route=%2Fwp%2Fv2%2Ftags&post=82170"}],"curies":[{"name":"wp","href":"https:\/\/api.w.org\/{rel}","templated":true}]}}