{"id":82174,"date":"2019-09-28T12:33:56","date_gmt":"2019-09-28T09:33:56","guid":{"rendered":"http:\/\/arantv.az\/?p=82174"},"modified":"2019-09-28T12:33:56","modified_gmt":"2019-09-28T09:33:56","slug":"h%c9%99rr%c9%99-faci%c9%99si-n%c9%99dir-v%c9%99-n%c9%99-zaman-bas-vermisdir","status":"publish","type":"post","link":"https:\/\/arantv.az\/?p=82174","title":{"rendered":"H\u0259rr\u0259 faci\u0259si n\u0259dir v\u0259 n\u0259 zaman ba\u015f vermi\u015fdir?"},"content":{"rendered":"<p><b>H\u0259rr\u0259 faci\u0259si n\u0259dir v\u0259 n\u0259 zaman ba\u015f vermi\u015fdir?<\/b><\/p>\n<p>K\u0259rb\u0259la faci\u0259sind\u0259n sonra m\u0259din\u0259li \u018fhli-beyt t\u0259r\u0259fdarlar\u0131ndan bir \u00e7oxu bu qiyama qo\u015fulmad\u0131qlar\u0131 v\u0259 \u0130mam H\u00fcseyni (\u0259) d\u0259st\u0259kl\u0259m\u0259dikl\u0259ri \u00fc\u00e7\u00fcn pe\u015fman olub qiyam qald\u0131rd\u0131lar. Onlara Abdullah ibn H\u0259nz\u0259l\u0259 ba\u015f\u00e7\u0131l\u0131q edirdi. (Abdullah\u0131n atas\u0131 H\u0259nz\u0259l\u0259 d\u0259 \u00dch\u00fcd d\u00f6y\u00fc\u015f\u00fcnd\u0259 \u015f\u0259hid olmu\u015fdu v\u0259 \u201cm\u0259l\u0259kl\u0259rin q\u00fcsl verdiyi\u201d l\u0259q\u0259bi il\u0259 tan\u0131n\u0131rd\u0131). Yezidin g\u00f6nd\u0259rdiyi ordu M\u0259din\u0259 \u0259halisinin qiyam\u0131n\u0131 amans\u0131zl\u0131qla yat\u0131rd\u0131. \u015e\u0259h\u0259r k\u0259nar\u0131nda yerl\u0259\u015f\u0259n H\u0259rr\u0259 adl\u0131 m\u0259kanda \u015fidd\u0259tli d\u00f6y\u00fc\u015f ba\u015f verdi. M\u0259din\u0259 m\u00f6minl\u0259ri n\u0259 q\u0259d\u0259r k\u0259skin m\u00fcqavim\u0259t g\u00f6st\u0259rs\u0259l\u0259r d\u0259, d\u00fc\u015fm\u0259n say \u00e7oxlu\u011fu il\u0259 onlara qalib g\u0259ldi. \u201cPey\u011f\u0259mb\u0259rin h\u0259r\u0259mi\u201d adland\u0131r\u0131lan M\u0259din\u0259 \u015f\u0259h\u0259ri \u00fc\u00e7 g\u00fcn q\u0259tl\u00fc-qar\u0259t\u0259 m\u0259ruz qald\u0131. Bu m\u00fcdd\u0259t \u0259rzind\u0259 xalq\u0131n can\u0131, mal\u0131 v\u0259 namusu xilaf\u0259t \u0259sg\u0259rl\u0259rin\u0259 halal elan edildi. \u201cH\u0259rr\u0259 faci\u0259si\u201d adland\u0131r\u0131lan bu hadis\u0259 hicri 63-c\u00fc, y\u0259ni miladi 683-c\u00fc ild\u0259 ba\u015f verdi. Aralar\u0131nda s\u0259hab\u0259l\u0259rin d\u0259 oldu\u011fu minl\u0259rl\u0259 m\u0259din\u0259li q\u0259tl\u0259 yetirildi; bunlar\u0131n 700 n\u0259f\u0259ri elm \u0259hli v\u0259 Quran qaresi idi. Pey\u011f\u0259mb\u0259rin qohumlar\u0131ndan (B\u0259ni-Ha\u015fimd\u0259n) olan xeyli seyid Yezidin \u0259sg\u0259rl\u0259ri t\u0259r\u0259find\u0259n \u00f6ld\u00fcr\u00fcld\u00fc. \u015e\u0259h\u0259rd\u0259ki qad\u0131n v\u0259 q\u0131zlar\u0131n namusuna t\u0259cav\u00fcz olundu. H\u0259rr\u0259 faci\u0259si \u0130slam tarixind\u0259 \u0259n a\u011f\u0131r v\u0259 r\u00fcsvay\u00e7\u0131 q\u0131r\u011f\u0131nlardan biri kimi m\u0259\u015fhurdur.<\/p>\n","protected":false},"excerpt":{"rendered":"<p>H\u0259rr\u0259 faci\u0259si n\u0259dir v\u0259 n\u0259 zaman ba\u015f vermi\u015fdir? K\u0259rb\u0259la faci\u0259sind\u0259n sonra m\u0259din\u0259li \u018fhli-beyt t\u0259r\u0259fdarlar\u0131ndan bir \u00e7oxu bu qiyama qo\u015fulmad\u0131qlar\u0131 v\u0259 \u0130mam H\u00fcseyni (\u0259) d\u0259st\u0259kl\u0259m\u0259dikl\u0259ri \u00fc\u00e7\u00fcn pe\u015fman olub qiyam qald\u0131rd\u0131lar. Onlara Abdullah ibn H\u0259nz\u0259l\u0259 ba\u015f\u00e7\u0131l\u0131q edirdi. (Abdullah\u0131n atas\u0131 H\u0259nz\u0259l\u0259 d\u0259 \u00dch\u00fcd d\u00f6y\u00fc\u015f\u00fcnd\u0259 \u015f\u0259hid olmu\u015fdu v\u0259 \u201cm\u0259l\u0259kl\u0259rin q\u00fcsl verdiyi\u201d l\u0259q\u0259bi il\u0259 tan\u0131n\u0131rd\u0131). Yezidin g\u00f6nd\u0259rdiyi ordu M\u0259din\u0259 \u0259halisinin qiyam\u0131n\u0131 amans\u0131zl\u0131qla yat\u0131rd\u0131. \u015e\u0259h\u0259r k\u0259nar\u0131nda yerl\u0259\u015f\u0259n H\u0259rr\u0259 adl\u0131 m\u0259kanda \u015fidd\u0259tli d\u00f6y\u00fc\u015f ba\u015f verdi. M\u0259din\u0259 m\u00f6minl\u0259ri n\u0259 q\u0259d\u0259r k\u0259skin m\u00fcqavim\u0259t g\u00f6st\u0259rs\u0259l\u0259r d\u0259, d\u00fc\u015fm\u0259n say \u00e7oxlu\u011fu il\u0259 onlara qalib g\u0259ldi. \u201cPey\u011f\u0259mb\u0259rin h\u0259r\u0259mi\u201d adland\u0131r\u0131lan M\u0259din\u0259 \u015f\u0259h\u0259ri \u00fc\u00e7 g\u00fcn&hellip;<\/p>\n","protected":false},"author":2,"featured_media":82175,"comment_status":"closed","ping_status":"closed","sticky":false,"template":"","format":"standard","meta":{"om_disable_all_campaigns":false,"_monsterinsights_skip_tracking":false,"_monsterinsights_sitenote_active":false,"_monsterinsights_sitenote_note":"","_monsterinsights_sitenote_category":0},"categories":[1],"tags":[],"aioseo_notices":[],"gutentor_comment":0,"rttpg_featured_image_url":{"full":["https:\/\/arantv.az\/wp-content\/uploads\/2019\/09\/thumb_1-4.jpg",120,82,false],"landscape":["https:\/\/arantv.az\/wp-content\/uploads\/2019\/09\/thumb_1-4.jpg",120,82,false],"portraits":["https:\/\/arantv.az\/wp-content\/uploads\/2019\/09\/thumb_1-4.jpg",120,82,false],"thumbnail":["https:\/\/arantv.az\/wp-content\/uploads\/2019\/09\/thumb_1-4.jpg",120,82,false],"medium":["https:\/\/arantv.az\/wp-content\/uploads\/2019\/09\/thumb_1-4.jpg",120,82,false],"large":["https:\/\/arantv.az\/wp-content\/uploads\/2019\/09\/thumb_1-4.jpg",120,82,false],"1536x1536":["https:\/\/arantv.az\/wp-content\/uploads\/2019\/09\/thumb_1-4.jpg",120,82,false],"2048x2048":["https:\/\/arantv.az\/wp-content\/uploads\/2019\/09\/thumb_1-4.jpg",120,82,false],"post-thumbnail":["https:\/\/arantv.az\/wp-content\/uploads\/2019\/09\/thumb_1-4.jpg",120,82,false],"advps-thumb-one":["https:\/\/arantv.az\/wp-content\/uploads\/2019\/09\/thumb_1-4.jpg",120,82,false]},"rttpg_author":{"display_name":"V\u00fcsal Rafiqo\u011flu","author_link":"https:\/\/arantv.az\/?author=2"},"rttpg_comment":0,"rttpg_category":"<a href=\"https:\/\/arantv.az\/?cat=1\" rel=\"category\">C\u0259miyy\u0259t<\/a>","rttpg_excerpt":"H\u0259rr\u0259 faci\u0259si n\u0259dir v\u0259 n\u0259 zaman ba\u015f vermi\u015fdir? K\u0259rb\u0259la faci\u0259sind\u0259n sonra m\u0259din\u0259li \u018fhli-beyt t\u0259r\u0259fdarlar\u0131ndan bir \u00e7oxu bu qiyama qo\u015fulmad\u0131qlar\u0131 v\u0259 \u0130mam H\u00fcseyni (\u0259) d\u0259st\u0259kl\u0259m\u0259dikl\u0259ri \u00fc\u00e7\u00fcn pe\u015fman olub qiyam qald\u0131rd\u0131lar. Onlara Abdullah ibn H\u0259nz\u0259l\u0259 ba\u015f\u00e7\u0131l\u0131q edirdi. (Abdullah\u0131n atas\u0131 H\u0259nz\u0259l\u0259 d\u0259 \u00dch\u00fcd d\u00f6y\u00fc\u015f\u00fcnd\u0259 \u015f\u0259hid olmu\u015fdu v\u0259 \u201cm\u0259l\u0259kl\u0259rin q\u00fcsl verdiyi\u201d l\u0259q\u0259bi il\u0259 tan\u0131n\u0131rd\u0131). Yezidin g\u00f6nd\u0259rdiyi ordu M\u0259din\u0259 \u0259halisinin&hellip;","_links":{"self":[{"href":"https:\/\/arantv.az\/index.php?rest_route=\/wp\/v2\/posts\/82174"}],"collection":[{"href":"https:\/\/arantv.az\/index.php?rest_route=\/wp\/v2\/posts"}],"about":[{"href":"https:\/\/arantv.az\/index.php?rest_route=\/wp\/v2\/types\/post"}],"author":[{"embeddable":true,"href":"https:\/\/arantv.az\/index.php?rest_route=\/wp\/v2\/users\/2"}],"replies":[{"embeddable":true,"href":"https:\/\/arantv.az\/index.php?rest_route=%2Fwp%2Fv2%2Fcomments&post=82174"}],"version-history":[{"count":0,"href":"https:\/\/arantv.az\/index.php?rest_route=\/wp\/v2\/posts\/82174\/revisions"}],"wp:featuredmedia":[{"embeddable":true,"href":"https:\/\/arantv.az\/index.php?rest_route=\/wp\/v2\/media\/82175"}],"wp:attachment":[{"href":"https:\/\/arantv.az\/index.php?rest_route=%2Fwp%2Fv2%2Fmedia&parent=82174"}],"wp:term":[{"taxonomy":"category","embeddable":true,"href":"https:\/\/arantv.az\/index.php?rest_route=%2Fwp%2Fv2%2Fcategories&post=82174"},{"taxonomy":"post_tag","embeddable":true,"href":"https:\/\/arantv.az\/index.php?rest_route=%2Fwp%2Fv2%2Ftags&post=82174"}],"curies":[{"name":"wp","href":"https:\/\/api.w.org\/{rel}","templated":true}]}}