{"id":82178,"date":"2019-09-28T12:35:28","date_gmt":"2019-09-28T09:35:28","guid":{"rendered":"http:\/\/arantv.az\/?p=82178"},"modified":"2019-09-28T12:35:28","modified_gmt":"2019-09-28T09:35:28","slug":"mehriban-%c9%99liyevaya-h%c9%99sr-olunmus-miniatur-kitabin-t%c9%99qdimati-kecirilib-foto","status":"publish","type":"post","link":"https:\/\/arantv.az\/?p=82178","title":{"rendered":"Mehriban \u018fliyevaya h\u0259sr olunmu\u015f miniat\u00fcr kitab\u0131n t\u0259qdimat\u0131 ke\u00e7irilib &#8211; FOTO"},"content":{"rendered":"<p>Sentyabr\u0131n 27-d\u0259 \u0130\u00e7\u0259ri\u015f\u0259h\u0259rd\u0259ki Miniat\u00fcr Kitab Muzeyind\u0259 \u201cMexriban Aliyeva. Missiya dobra v\u0131polnima\u201d (\u201cMehriban \u018fliyeva. Xeyirxahl\u0131q yerin\u0259 yetiril\u0259n missiyad\u0131r\u201d) miniat\u00fcr kitab\u0131n\u0131n t\u0259qdimat\u0131 ke\u00e7irilib. Kitab\u0131n m\u00fc\u0259llifi Milli M\u0259clisin deputat\u0131, Az\u0259rbaycan\u0131n Xalq yaz\u0131\u00e7\u0131s\u0131 Elmira Axundovad\u0131r.<\/p>\n<p><strong>ARANTV.AZ<\/strong> x\u0259b\u0259r verir ki, m\u0259rasimd\u0259 Miniat\u00fcr Kitab Muzeyinin t\u0259sis\u00e7isi v\u0259 yarad\u0131c\u0131s\u0131, \u018fm\u0259kdar M\u0259d\u0259niyy\u0259t i\u015f\u00e7isi Z\u0259rif\u0259 Salahova, Milli M\u0259clisin deputat\u0131, Az\u0259rbaycan Milli Elml\u0259r Akademiyas\u0131n\u0131n (AMEA) Tarix \u0130nstitutunun direktoru, akademik Yaqub Mahmudov, AMEA-n\u0131n Ziya B\u00fcnyadov ad\u0131na \u015e\u0259rq\u015f\u00fcnasl\u0131q \u0130nstitutunun direktoru, akademik G\u00f6vh\u0259r Bax\u015f\u0259liyeva, Milli M\u0259clisin deputatlar\u0131 S\u0259m\u0259d Seyidov, Asim Mollazad\u0259, Rauf \u018fliyev, Jal\u0259 \u018fliyeva, tan\u0131nm\u0131\u015f yaz\u0131\u00e7\u0131, PEN-klubun prezidenti, Az\u0259rbaycan Yaz\u0131\u00e7\u0131lar Birliyinin katibi, Xalq yaz\u0131\u00e7\u0131s\u0131 \u00c7ingiz Abdullayev, Az\u0259rbaycan Yaz\u0131\u00e7\u0131lar Birliyi v\u0259 Kinematoqraf\u00e7\u0131lar \u0130ttifaq\u0131n\u0131n \u00fczv\u00fc, \u018fm\u0259kdar \u0130nc\u0259s\u0259n\u0259t xadimi, Xalq yaz\u0131\u00e7\u0131s\u0131 Natiq R\u0259sulzad\u0259, yarad\u0131c\u0131 ziyal\u0131lar\u0131n n\u00fcmay\u0259nd\u0259l\u0259ri, aliml\u0259r, jurnalistl\u0259r, m\u0259d\u0259niyy\u0259t v\u0259 inc\u0259s\u0259n\u0259t xadiml\u0259ri i\u015ftirak edibl\u0259r.<\/p>\n<p>Miniat\u00fcr Kitab Muzeyinin t\u0259sis\u00e7isi v\u0259 yarad\u0131c\u0131s\u0131 Z\u0259rif\u0259 Salahova m\u0259rasimi a\u00e7araq deyib ki, 1988-ci ild\u0259n bug\u00fcn\u0259d\u0259k onun t\u0259r\u0259find\u0259n 238 miniat\u00fcr kitab burax\u0131l\u0131b, lakin bu n\u0259\u015fr g\u00f6rk\u0259mli \u015f\u0259xsiyy\u0259t &#8211; Az\u0259rbaycan\u0131n Birinci vitse-prezidenti, birinci xan\u0131m, Heyd\u0259r \u018fliyev Fondunun prezidenti, UNESCO v\u0259 \u0130SESCO-nun xo\u015fm\u0259raml\u0131 s\u0259firi Mehriban xan\u0131m \u018fliyevaya h\u0259sr olunmu\u015f ilk kitabd\u0131r.<\/p>\n<div id=\"AdviadNativeVideo0\" class=\"AdviadNativeVideo\"><\/div>\n<p>Sonra Milli M\u0259clisin deputat\u0131, Xalq yaz\u0131\u00e7\u0131s\u0131 Elmira Axundova kitab haqq\u0131nda m\u00fcf\u0259ss\u0259l m\u0259lumat verib. Diqq\u0259t\u0259 \u00e7atd\u0131r\u0131b ki, n\u0259\u015frd\u0259 Mehriban \u018fliyevan\u0131n \u00e7ox\u015fax\u0259li f\u0259aliyy\u0259ti bar\u0259d\u0259 Az\u0259rbaycan v\u0259 xarici K\u0130V-l\u0259rd\u0259 n\u0259\u015fr etdirdiyi m\u0259qal\u0259l\u0259ri toplan\u0131b.<\/p>\n<p>Elmira Axundova deyib ki, bu kitabdak\u0131 b\u00fct\u00fcn m\u0259qal\u0259l\u0259rin ana x\u0259ttini sad\u0259 v\u0259t\u0259nda\u015flar\u0131n etimad\u0131n\u0131 qazanm\u0131\u015f, k\u00f6m\u0259k \u00fc\u00e7\u00fcn ona m\u00fcraci\u0259t ed\u0259n h\u0259r k\u0259sin problemin\u0259 qay\u011f\u0131 il\u0259 yana\u015fan, h\u0259ssasl\u0131\u011f\u0131 v\u0259 insanp\u0259rv\u0259rliyi il\u0259 se\u00e7il\u0259n Mehriban \u018fliyevaya \u00fcmumxalq sevgisi t\u0259\u015fkil edir.<\/p>\n<p>M\u0259qal\u0259l\u0259rd\u0259 Mehriban xan\u0131m\u0131n UNESCO v\u0259 \u0130SESCO-nun xo\u015fm\u0259raml\u0131 s\u0259firi kimi Az\u0259rbaycan\u0131n, xalq\u0131m\u0131z\u0131n m\u0259d\u0259niyy\u0259tinin v\u0259 inc\u0259s\u0259n\u0259tinin d\u00fcnyada tan\u0131d\u0131lmas\u0131nda b\u00f6y\u00fck xidm\u0259tl\u0259rind\u0259n, onun r\u0259hb\u0259rliyi il\u0259 \u00f6lk\u0259d\u0259 qlobal miqyasl\u0131 idman v\u0259 m\u0259d\u0259niyy\u0259t t\u0259dbirl\u0259rinin u\u011furla ke\u00e7irilm\u0259sind\u0259n, dinl\u0259raras\u0131 v\u0259 sivilizasiyalararas\u0131 dialoqa verdiyi t\u00f6hf\u0259l\u0259rd\u0259n b\u0259hs olunur.<\/p>\n<p>Qeyd olunub ki, \u201cMexriban Aliyeva. Missiya dobra v\u0131polnima\u201d miniat\u00fcr kitab\u0131 2019-cu ild\u0259 \u201cIndiqo\u201d n\u0259\u015friyyat\u0131 t\u0259r\u0259find\u0259n 100 n\u00fcsx\u0259d\u0259 \u00e7ap edilib. 60&#215;70 mm \u00f6l\u00e7\u00fcd\u0259, 412 s\u0259hif\u0259d\u0259n ibar\u0259t miniat\u00fcr kitab 105 r\u0259ngli foto\u015f\u0259kill\u0259 ill\u00fcstrasiya olunub. Foto\u015f\u0259kill\u0259r m\u00fc\u0259llif\u0259 AZ\u018fRTAC t\u0259r\u0259find\u0259n t\u0259qdim edilib.<\/p>\n<p>M\u0259rasimd\u0259 \u00e7\u0131x\u0131\u015f ed\u0259nl\u0259r Birinci vitse-prezident Mehriban \u018fliyevan\u0131n olduqca geni\u015f v\u0259 \u00e7ox\u015fax\u0259li f\u0259aliyy\u0259tind\u0259n s\u00f6z a\u00e7\u0131blar. Onlar Mehriban \u018fliyevan\u0131n \u00f6lk\u0259mizin h\u0259yat\u0131n\u0131n b\u00fct\u00fcn sah\u0259l\u0259rind\u0259 m\u00fcst\u0259sna xidm\u0259tl\u0259rini, onun h\u0259r bir az\u0259rbaycanl\u0131ya h\u0259ssas diqq\u0259tini v\u0259 sonsuz qay\u011f\u0131s\u0131n\u0131, Birinci vitse-prezident, UNESCO v\u0259 \u0130SESCO-nun xo\u015fm\u0259raml\u0131 s\u0259firinin t\u0259\u015f\u0259bb\u00fcs\u00fc il\u0259 h\u0259yata ke\u00e7iril\u0259n v\u0259 Az\u0259rbaycan mu\u011fam v\u0259 xal\u00e7a\u00e7\u0131l\u0131q s\u0259n\u0259tl\u0259rinin qorunmas\u0131, inki\u015faf\u0131 v\u0259 tan\u0131d\u0131lmas\u0131na h\u0259sr olunmu\u015f m\u00f6ht\u0259\u015f\u0259m layih\u0259l\u0259ri, onun Az\u0259rbaycan qad\u0131nlar\u0131n\u0131n lideri v\u0259 onlara \u00f6rn\u0259k oldu\u011funu, \u00f6z \u00f6lk\u0259sini d\u00fcnyan\u0131n b\u00fct\u00fcn gu\u015f\u0259l\u0259rind\u0259 layiqinc\u0259 t\u0259msil etdiyini vur\u011fulay\u0131blar.<\/p>\n<p>\u00c7\u0131x\u0131\u015flarda Mehriban xan\u0131m\u0131n v\u0259 onun r\u0259hb\u0259rlik etdiyi Heyd\u0259r \u018fliyev Fondunun u\u015faq ba\u011f\u00e7alar\u0131n\u0131n, internatlar\u0131n, \u00fcmumt\u0259hsil m\u0259kt\u0259bl\u0259rinin, m\u0259d\u0259niyy\u0259t v\u0259 sosial obyektl\u0259rin tikintisi istiqam\u0259tind\u0259 f\u0259aliyy\u0259tind\u0259n, \u015f\u0259hid ail\u0259l\u0259ri v\u0259 m\u0259cburi k\u00f6\u00e7k\u00fcnl\u0259r\u0259 g\u00f6st\u0259rdiyi yard\u0131mlardan b\u0259hs edilib. Vur\u011fulan\u0131b ki, Mehriban xan\u0131m \u018fliyeva b\u00fct\u00fcn f\u0259aliyy\u0259t sah\u0259l\u0259rin\u0259 \u00f6z t\u00f6hf\u0259sini verib.<\/p>\n<p>M\u00fc\u0259llif n\u0259fis t\u0259rtibatl\u0131 kitaba epiqraf kimi Mehriban \u018fliyevan\u0131n bu s\u00f6zl\u0259rini sitat g\u0259tirib:<\/p>\n<p>\u201cH\u0259r bir insan \u00f6z taleyinin yarad\u0131c\u0131s\u0131 ola bil\u0259r v\u0259 olmal\u0131d\u0131r. Se\u00e7im h\u0259mi\u015f\u0259 var. M\u0259n n\u0259 s\u0131rf t\u0259sad\u00fcf\u0259 inan\u0131ram, n\u0259 d\u0259 d\u00fcnyan\u0131n \u0259vv\u0259lc\u0259d\u0259n d\u0259qiq m\u00fc\u0259yy\u0259n olunmas\u0131 fikrin\u0259. M\u0259n Allaha v\u0259 insan\u0131n imkanlar\u0131na inan\u0131ram\u201d.<\/p>\n<p>Kitab Az\u0259rbaycan Prezidenti \u0130lham \u018fliyevin 2017-ci il fevral\u0131n 21-d\u0259 T\u0259hl\u00fck\u0259sizlik \u015euras\u0131n\u0131n iclas\u0131ndak\u0131 nitqi il\u0259 a\u00e7\u0131l\u0131r. D\u00f6vl\u0259timizin ba\u015f\u00e7\u0131s\u0131 bu \u00e7\u0131x\u0131\u015f\u0131nda Mehriban xan\u0131m \u018fliyevan\u0131n h\u0259yat\u0131n bir \u00e7ox sah\u0259l\u0259rind\u0259 \u00e7ox\u015fax\u0259li v\u0259 u\u011furlu f\u0259aliyy\u0259tini qeyd edir. M\u0259hz bu f\u0259aliyy\u0259tin n\u0259tic\u0259sind\u0259 onun Az\u0259rbaycan\u0131n Birinci vitse-prezidenti t\u0259yin olunmas\u0131 bar\u0259d\u0259 q\u0259rar q\u0259bul edilib.<\/p>\n<p>M\u00fc\u0259llif yaz\u0131r:<\/p>\n<p>\u201cH\u0259m \u00f6z xan\u0131m\u0131n\u0131n \u00e7iynin\u0259 d\u00f6vl\u0259t m\u0259suliyy\u0259tinin a\u011f\u0131r y\u00fck\u00fcn\u00fc qoymu\u015f Prezidentin, h\u0259m d\u0259 birinci xan\u0131m\u0131n \u00f6z\u00fcn\u00fcn c\u0259sar\u0259tin\u0259 heyran qalmamaq m\u00fcmk\u00fcn deyil. Ax\u0131 o, v\u0259zif\u0259sin\u0259 \u00f6lk\u0259 \u00fc\u00e7\u00fcn \u00e7ox da yax\u015f\u0131 olmayan vaxtda ba\u015flay\u0131r &#8211; g\u00f6zl\u0259nilm\u0259d\u0259n g\u0259l\u0259n postneft d\u00f6vr\u00fc Prezident komandas\u0131ndan yeni, qeyri-standart q\u0259rarlar, t\u0259\u015f\u0259bb\u00fcsl\u0259r v\u0259 b\u00fct\u00fcn d\u00f6vl\u0259t mexanizminin d\u0259rin islahat\u0131n\u0131 t\u0259l\u0259b edir\u201d.<\/p>\n<p>Xalq yaz\u0131\u00e7\u0131s\u0131 qeyd edir ki, Mehriban \u018fliyevan\u0131n \u00f6z\u00fc \u00fc\u00e7\u00fcn prioritetl\u0259r son d\u0259r\u0259c\u0259 ayd\u0131nd\u0131r, ax\u0131 o, \u0259vv\u0259ll\u0259r d\u0259 onlar\u0131 r\u0259hb\u0259r tutub:<\/p>\n<p>\u201cOnun fikrinc\u0259, bu prioritetl\u0259r ilk n\u00f6vb\u0259d\u0259 humanizm prinsipl\u0259ri, insanlarla t\u0259masda olmaq bacar\u0131\u011f\u0131, onlar\u0131 dinl\u0259m\u0259k v\u0259 fikirl\u0259rini \u00f6yr\u0259nm\u0259k m\u0259har\u0259ti, insanp\u0259rv\u0259rlik, \u015f\u0259fq\u0259t v\u0259 qar\u015f\u0131l\u0131ql\u0131 h\u00f6rm\u0259tdir\u201d.<\/p>\n<div class=\"gallery\">\n<div class=\"gallery-i\"><img src=\"https:\/\/assets.oxu.az\/uploads\/W1siZiIsIjIwMTkvMDkvMjgvMTMvMjIvMTQvNTJiYzhkNTctZTUxYS00YmU1LTgzY2MtMWZmMjFlNzRlYTVlL3dfMTYxNTY5NjU1OTU1MTM5MTc0MjM1Ml8xMDAweDY2OS5qcGciXSxbInAiLCJlbmNvZGUiLCJqcGciLCItcXVhbGl0eSA4MCJdLFsicCIsInRodW1iIiwiNTkweDU5MFx1MDAzZSJdXQ?sha=5ef2b7bd56eab55b\" alt=\"\" \/><\/div>\n<\/div>\n<div>AZ\u018fRTAC<\/div>\n","protected":false},"excerpt":{"rendered":"<p>Sentyabr\u0131n 27-d\u0259 \u0130\u00e7\u0259ri\u015f\u0259h\u0259rd\u0259ki Miniat\u00fcr Kitab Muzeyind\u0259 \u201cMexriban Aliyeva. Missiya dobra v\u0131polnima\u201d (\u201cMehriban \u018fliyeva. Xeyirxahl\u0131q yerin\u0259 yetiril\u0259n missiyad\u0131r\u201d) miniat\u00fcr kitab\u0131n\u0131n t\u0259qdimat\u0131 ke\u00e7irilib. Kitab\u0131n m\u00fc\u0259llifi Milli M\u0259clisin deputat\u0131, Az\u0259rbaycan\u0131n Xalq yaz\u0131\u00e7\u0131s\u0131 Elmira Axundovad\u0131r. ARANTV.AZ x\u0259b\u0259r verir ki, m\u0259rasimd\u0259 Miniat\u00fcr Kitab Muzeyinin t\u0259sis\u00e7isi v\u0259 yarad\u0131c\u0131s\u0131, \u018fm\u0259kdar M\u0259d\u0259niyy\u0259t i\u015f\u00e7isi Z\u0259rif\u0259 Salahova, Milli M\u0259clisin deputat\u0131, Az\u0259rbaycan Milli Elml\u0259r Akademiyas\u0131n\u0131n (AMEA) Tarix \u0130nstitutunun direktoru, akademik Yaqub Mahmudov, AMEA-n\u0131n Ziya B\u00fcnyadov ad\u0131na \u015e\u0259rq\u015f\u00fcnasl\u0131q \u0130nstitutunun direktoru, akademik G\u00f6vh\u0259r Bax\u015f\u0259liyeva, Milli M\u0259clisin deputatlar\u0131 S\u0259m\u0259d Seyidov, Asim Mollazad\u0259, Rauf \u018fliyev, Jal\u0259 \u018fliyeva, tan\u0131nm\u0131\u015f yaz\u0131\u00e7\u0131, PEN-klubun prezidenti, Az\u0259rbaycan Yaz\u0131\u00e7\u0131lar Birliyinin katibi,&hellip;<\/p>\n","protected":false},"author":2,"featured_media":82179,"comment_status":"closed","ping_status":"closed","sticky":false,"template":"","format":"standard","meta":{"om_disable_all_campaigns":false,"_monsterinsights_skip_tracking":false,"_monsterinsights_sitenote_active":false,"_monsterinsights_sitenote_note":"","_monsterinsights_sitenote_category":0},"categories":[4],"tags":[],"aioseo_notices":[],"gutentor_comment":0,"rttpg_featured_image_url":{"full":["https:\/\/arantv.az\/wp-content\/uploads\/2019\/09\/w_161569655955616817998_1000x669.jpg",620,455,false],"landscape":["https:\/\/arantv.az\/wp-content\/uploads\/2019\/09\/w_161569655955616817998_1000x669.jpg",620,455,false],"portraits":["https:\/\/arantv.az\/wp-content\/uploads\/2019\/09\/w_161569655955616817998_1000x669.jpg",620,455,false],"thumbnail":["https:\/\/arantv.az\/wp-content\/uploads\/2019\/09\/w_161569655955616817998_1000x669-150x150.jpg",150,150,true],"medium":["https:\/\/arantv.az\/wp-content\/uploads\/2019\/09\/w_161569655955616817998_1000x669-300x220.jpg",300,220,true],"large":["https:\/\/arantv.az\/wp-content\/uploads\/2019\/09\/w_161569655955616817998_1000x669.jpg",620,455,false],"1536x1536":["https:\/\/arantv.az\/wp-content\/uploads\/2019\/09\/w_161569655955616817998_1000x669.jpg",620,455,false],"2048x2048":["https:\/\/arantv.az\/wp-content\/uploads\/2019\/09\/w_161569655955616817998_1000x669.jpg",620,455,false],"post-thumbnail":["https:\/\/arantv.az\/wp-content\/uploads\/2019\/09\/w_161569655955616817998_1000x669-240x172.jpg",240,172,true],"advps-thumb-one":["https:\/\/arantv.az\/wp-content\/uploads\/2019\/09\/w_161569655955616817998_1000x669.jpg",620,455,false]},"rttpg_author":{"display_name":"V\u00fcsal Rafiqo\u011flu","author_link":"https:\/\/arantv.az\/?author=2"},"rttpg_comment":0,"rttpg_category":"<a href=\"https:\/\/arantv.az\/?cat=4\" rel=\"category\">Siyas\u0259t<\/a>","rttpg_excerpt":"Sentyabr\u0131n 27-d\u0259 \u0130\u00e7\u0259ri\u015f\u0259h\u0259rd\u0259ki Miniat\u00fcr Kitab Muzeyind\u0259 \u201cMexriban Aliyeva. Missiya dobra v\u0131polnima\u201d (\u201cMehriban \u018fliyeva. Xeyirxahl\u0131q yerin\u0259 yetiril\u0259n missiyad\u0131r\u201d) miniat\u00fcr kitab\u0131n\u0131n t\u0259qdimat\u0131 ke\u00e7irilib. Kitab\u0131n m\u00fc\u0259llifi Milli M\u0259clisin deputat\u0131, Az\u0259rbaycan\u0131n Xalq yaz\u0131\u00e7\u0131s\u0131 Elmira Axundovad\u0131r. ARANTV.AZ x\u0259b\u0259r verir ki, m\u0259rasimd\u0259 Miniat\u00fcr Kitab Muzeyinin t\u0259sis\u00e7isi v\u0259 yarad\u0131c\u0131s\u0131, \u018fm\u0259kdar M\u0259d\u0259niyy\u0259t i\u015f\u00e7isi Z\u0259rif\u0259 Salahova, Milli M\u0259clisin deputat\u0131, Az\u0259rbaycan Milli Elml\u0259r Akademiyas\u0131n\u0131n (AMEA)&hellip;","_links":{"self":[{"href":"https:\/\/arantv.az\/index.php?rest_route=\/wp\/v2\/posts\/82178"}],"collection":[{"href":"https:\/\/arantv.az\/index.php?rest_route=\/wp\/v2\/posts"}],"about":[{"href":"https:\/\/arantv.az\/index.php?rest_route=\/wp\/v2\/types\/post"}],"author":[{"embeddable":true,"href":"https:\/\/arantv.az\/index.php?rest_route=\/wp\/v2\/users\/2"}],"replies":[{"embeddable":true,"href":"https:\/\/arantv.az\/index.php?rest_route=%2Fwp%2Fv2%2Fcomments&post=82178"}],"version-history":[{"count":0,"href":"https:\/\/arantv.az\/index.php?rest_route=\/wp\/v2\/posts\/82178\/revisions"}],"wp:featuredmedia":[{"embeddable":true,"href":"https:\/\/arantv.az\/index.php?rest_route=\/wp\/v2\/media\/82179"}],"wp:attachment":[{"href":"https:\/\/arantv.az\/index.php?rest_route=%2Fwp%2Fv2%2Fmedia&parent=82178"}],"wp:term":[{"taxonomy":"category","embeddable":true,"href":"https:\/\/arantv.az\/index.php?rest_route=%2Fwp%2Fv2%2Fcategories&post=82178"},{"taxonomy":"post_tag","embeddable":true,"href":"https:\/\/arantv.az\/index.php?rest_route=%2Fwp%2Fv2%2Ftags&post=82178"}],"curies":[{"name":"wp","href":"https:\/\/api.w.org\/{rel}","templated":true}]}}