{"id":82182,"date":"2019-09-28T12:44:53","date_gmt":"2019-09-28T09:44:53","guid":{"rendered":"http:\/\/arantv.az\/?p=82182"},"modified":"2019-09-28T12:44:53","modified_gmt":"2019-09-28T09:44:53","slug":"erm%c9%99nistandaki-acinacaqli-v%c9%99ziyy%c9%99t-italyan-jurnalistin-gozu-il%c9%99","status":"publish","type":"post","link":"https:\/\/arantv.az\/?p=82182","title":{"rendered":"Erm\u0259nistandak\u0131 ac\u0131nacaql\u0131 v\u0259ziyy\u0259t italyan jurnalistin g\u00f6z\u00fc il\u0259"},"content":{"rendered":"<p>\u201cUzun \u00e7irkli yollar. Bo\u015f, m\u0259hv olunmu\u015f sah\u0259l\u0259r. D\u0259mir, h\u0259tta kir\u0259mit dam \u00f6rt\u00fckl\u0259ri olan k\u0259rpicd\u0259n tikilmi\u015f evl\u0259r. Erm\u0259nistan\u0131n paytaxt\u0131ndan k\u0259nara \u00e7\u0131xan kimi \u00f6z\u00fcn\u00fc sonsuz yoxsullu\u011fun i\u00e7ind\u0259 tap\u0131rsan&#8230;.\u201d.<\/p>\n<p>Bu s\u00f6zl\u0259ri italyan Katolik kils\u0259si v\u0259 \u201cCaritas Roma\u201d t\u0259\u015fkilat\u0131n\u0131n d\u0259st\u0259yil\u0259 maliyy\u0259l\u0259\u015fdiril\u0259n iki layih\u0259nin icras\u0131 il\u0259 \u0259laq\u0259dar olaraq Erm\u0259nistanda s\u0259f\u0259rd\u0259 olmu\u015f \u0130talyan Katolik H\u0259ft\u0259lik Q\u0259zetl\u0259ri Federasiyas\u0131n\u0131n (F\u0130SC) jurnalistl\u0259rd\u0259n biri M.Chiara Biagioni s\u0259f\u0259rind\u0259n sonra yazd\u0131\u011f\u0131 v\u0259 F\u0130SC-in internet s\u0259hif\u0259sind\u0259\u00a0v\u0259 \u201cSir\u201d \u0130nformasiya Agentliyinin internet s\u0259hif\u0259sind\u0259 yerl\u0259\u015fdirilmi\u015f m\u0259qal\u0259sind\u0259 qeyd edib.<\/p>\n<p>Jurnalist vur\u011fulay\u0131b ki, s\u0259kkiz\u00a0milyonluq d\u0259y\u0259ri olan s\u00f6z\u00fcged\u0259n layih\u0259l\u0259r yoxsulluqdan \u0259ziyy\u0259t \u00e7\u0259k\u0259n Erm\u0259nistanda k\u00f6m\u0259y\u0259 ehtiyac\u0131 olan u\u015faqlar v\u0259 ya\u015fl\u0131lara yard\u0131ma y\u00f6n\u0259lib.<\/p>\n<div id=\"AdviadNativeVideo0\" class=\"AdviadNativeVideo\"><\/div>\n<p>M\u0259qal\u0259sind\u0259 s\u0259f\u0259r zaman\u0131 Erm\u0259nistanda (Yerevan\u0131n T\u00fcrkiy\u0259 il\u0259 s\u0259rh\u0259d olan \u0259yal\u0259tl\u0259rind\u0259n biri olan Arta\u015fat, habel\u0259 G\u00fcmr\u00fc \u015f\u0259h\u0259rind\u0259) \u00fczl\u0259\u015fdiyi yoxsullu\u011fu v\u0259 ac\u0131nacaql\u0131 v\u0259ziyy\u0259ti t\u0259f\u0259rr\u00fcat\u0131 il\u0259\u00a0t\u0259svir ed\u0259n jurnalist yerli \u0259hali il\u0259 s\u00f6hb\u0259tin\u0259 istinad ed\u0259r\u0259k bu v\u0259ziyy\u0259ti, x\u00fcsusil\u0259 d\u0259 \u0259traf b\u00f6lg\u0259l\u0259rd\u0259 ya\u015fayan erm\u0259nil\u0259rin ya\u015fam t\u0259rzini \u201ca\u011f soyq\u0131r\u0131m\u201d adland\u0131r\u0131b.<\/p>\n<p>\u201cCaritas Roma\u201d t\u0259\u015fkilat\u0131n\u0131n Arta\u015fat ofisin\u0259 g\u0259ldikd\u0259 is\u0259 jurnalist ofisin yoxsul evl\u0259rin aras\u0131nda bir q\u0259d\u0259r k\u0259narda yerl\u0259\u015fdiyini, m\u00fct\u0259madi olaraq burada i\u015fl\u0259y\u0259n 20-y\u0259 yax\u0131n k\u00f6n\u00fcll\u00fcn\u00fcn \u0259yal\u0259td\u0259ki ya\u015fay\u0131\u015f v\u0259ziyy\u0259tl\u0259ri \u00e7ox a\u011f\u0131r, \u0259\u015fyas\u0131z\u00a0v\u0259 su probleml\u0259ri olan evl\u0259rd\u0259 ac\u0131nacaql\u0131 v\u0259ziyy\u0259td\u0259 ya\u015fayan, \u00f6vladlar\u0131 t\u0259r\u0259find\u0259n t\u0259rk edilmi\u015f ya\u015fl\u0131lar\u0131 ziyar\u0259t edikl\u0259rini, onlara tibbi yard\u0131m g\u00f6st\u0259rdikl\u0259rini, h\u0259r 15 g\u00fcnd\u0259n bir ya\u011f, pendir, d\u00fcy\u00fc, \u015f\u0259k\u0259r v\u0259 dig\u0259r ehtiyaclar\u0131 qar\u015f\u0131layacaq ba\u011flamalarla t\u0259min etdikl\u0259rini bildirib.<\/p>\n<p>Jurnalist t\u0259nhal\u0131\u011fa d\u00fc\u00e7ar olmu\u015f ya\u015fl\u0131larla ba\u011fl\u0131 ac\u0131nacaql\u0131 v\u0259ziyy\u0259ti haz\u0131rda Erm\u0259nistanda g\u0259ncl\u0259rin iqtisadi b\u00f6hranla \u0259laq\u0259dar olaraq \u00f6lk\u0259ni t\u0259rk etm\u0259si v\u0259 valideynl\u0259rin t\u0259nhal\u0131q i\u00e7ind\u0259 qocalmas\u0131 il\u0259 \u0259laq\u0259l\u0259ndirib.<\/p>\n<p>Jurnalist layih\u0259 \u00e7\u0259r\u00e7iv\u0259sind\u0259 orada yoxsulluq i\u00e7ind\u0259 ya\u015fayan, da\u011f\u0131lm\u0131\u015f ail\u0259l\u0259rd\u0259n g\u0259l\u0259n 7-17 ya\u015f aras\u0131\u00a0 yetim u\u015faqlara d\u0259st\u0259k \u00fc\u00e7\u00fcn \u201cPiccolo Principe\u201d (ki\u00e7ik \u015fahzad\u0259) m\u0259rk\u0259zinin d\u0259 f\u0259aliyy\u0259t g\u00f6st\u0259rdiyini qeyd edib.<\/p>\n<p>Jurnalist u\u015faqlar\u0131n yoxsulluq, antisanitariya \u015f\u0259raitind\u0259 ya\u015fam n\u0259tic\u0259sind\u0259 yaranan x\u0259st\u0259likl\u0259rd\u0259n \u0259ziyy\u0259t \u00e7\u0259kdiyini d\u0259 diqq\u0259t\u0259 \u00e7atd\u0131r\u0131b.<\/p>\n<p>\u201cSizin \u0130taliyan\u0131n buradak\u0131 insanlar \u00fc\u00e7\u00fcn nec\u0259 bir yax\u015f\u0131l\u0131q etdiyind\u0259n t\u0259s\u0259vv\u00fcr\u00fcn\u00fcz bel\u0259 yoxdur. Bu pullar h\u0259yata ehtiyac\u0131 olan insanlara \u00fcmid g\u0259tirir. Sizin \u00fc\u00e7\u00fcn h\u0259min pullar sad\u0259c\u0259 r\u0259q\u0259mdir, buradak\u0131lar \u00fc\u00e7\u00fcn is\u0259 h\u0259yatd\u0131r\u201d, &#8211; bu fikirl\u0259ri jurnalistl\u0259 s\u00f6hb\u0259t ed\u0259n erm\u0259ni-katolik kils\u0259sinin yepiskopu Rafael Minasian deyib.<\/p>\n<p>Jurnalist Erm\u0259nistan\u0131n q\u0259rb s\u0259rh\u0259dl\u0259rin\u0259 rus \u0259sg\u0259rl\u0259rinin n\u0259zar\u0259t etdiyini v\u0259 onlar\u0131n s\u0259rh\u0259dd\u0259n giri\u015f v\u0259 \u00e7\u0131x\u0131\u015f\u0131 qada\u011fan etdiyini, eyni v\u0259ziyy\u0259tin \u015f\u0259rq s\u0259rh\u0259dl\u0259rind\u0259 d\u0259 m\u00f6vcud oldu\u011funu, Erm\u0259nistan\u0131n Az\u0259rbaycanla m\u00fcharib\u0259 \u015f\u0259raitind\u0259 olmas\u0131n\u0131n \u00f6lk\u0259ni m\u00fct\u0259madi olaraq g\u0259rginlikd\u0259 saxlad\u0131\u011f\u0131n\u0131, ist\u0259r q\u0259rb, ist\u0259rs\u0259 d\u0259 \u015f\u0259rq s\u0259rh\u0259dl\u0259rinin ba\u011fl\u0131 olmas\u0131n\u0131n mallar\u0131n tranzitin\u0259, ticar\u0259tin inki\u015faf\u0131na mane oldu\u011funu, bu v\u0259ziyy\u0259tin d\u0259 \u00f6lk\u0259ni ciddi iqtisadi b\u00f6hrana g\u0259tirib \u00e7\u0131xard\u0131\u011f\u0131n\u0131 vur\u011fulay\u0131b.<\/p>\n<p>Analitikl\u0259rin fikrin\u0259 istinad ed\u0259n jurnalist Az\u0259rbaycan il\u0259 yekun bir raz\u0131l\u0131\u011f\u0131n \u0259ld\u0259 edilm\u0259y\u0259c\u0259yi v\u0259 T\u00fcrkiy\u0259 il\u0259 m\u00fcnasib\u0259tl\u0259rin yax\u015f\u0131la\u015fmayaca\u011f\u0131na q\u0259d\u0259r v\u0259ziyy\u0259tin d\u0259yi\u015fm\u0259y\u0259c\u0259yini bildirib.<\/p>\n<p>M\u0259qal\u0259l\u0259r\u0259 ke\u00e7id linkl\u0259r\u00a0vasit\u0259sil\u0259 m\u00fcmk\u00fcnd\u00fcr:<\/p>\n<p><a href=\"https:\/\/www.fisc.it\/2019\/09\/23\/armenia-continua-il-viaggio-scoperta-dei-progetti-8xmille\/?fbclid=IwAR091erAyM3K79drK1Xe9CindOiffB6FTmpqwRjf5FoTzGny-AOVSHWj7Ig\" target=\"_blank\" rel=\"noopener\">https:\/\/www.fisc.it\/2019\/09\/23\/armenia-continua-il-viaggio-scoperta-dei-progetti-8xmille\/?fbclid=IwAR091erAyM3K79drK1Xe9CindOiffB6FTmpqwRjf5FoTzGny-AOVSHWj7Ig<\/a><\/p>\n<p><a href=\"https:\/\/www.agensir.it\/mondo\/2019\/09\/19\/armenia-nella-periferia-di-artashat-la-chiesa-a-fianco-dei-poveri\/?fbclid=IwAR1Aqt-diTnqxdUftwik2Lg-i3hS7U42_Va_RiaPqldFpImYsVIxF7QU3ow\" target=\"_blank\" rel=\"noopener\">https:\/\/www.agensir.it\/mondo\/2019\/09\/19\/armenia-nella-periferia-di-artashat-la-chiesa-a-fianco-dei-poveri\/?fbclid=IwAR1Aqt-diTnqxdUftwik2Lg-i3hS7U42_Va_RiaPqldFpImYsVIxF7QU3ow<\/a><\/p>\n","protected":false},"excerpt":{"rendered":"<p>\u201cUzun \u00e7irkli yollar. Bo\u015f, m\u0259hv olunmu\u015f sah\u0259l\u0259r. D\u0259mir, h\u0259tta kir\u0259mit dam \u00f6rt\u00fckl\u0259ri olan k\u0259rpicd\u0259n tikilmi\u015f evl\u0259r. Erm\u0259nistan\u0131n paytaxt\u0131ndan k\u0259nara \u00e7\u0131xan kimi \u00f6z\u00fcn\u00fc sonsuz yoxsullu\u011fun i\u00e7ind\u0259 tap\u0131rsan&#8230;.\u201d. Bu s\u00f6zl\u0259ri italyan Katolik kils\u0259si v\u0259 \u201cCaritas Roma\u201d t\u0259\u015fkilat\u0131n\u0131n d\u0259st\u0259yil\u0259 maliyy\u0259l\u0259\u015fdiril\u0259n iki layih\u0259nin icras\u0131 il\u0259 \u0259laq\u0259dar olaraq Erm\u0259nistanda s\u0259f\u0259rd\u0259 olmu\u015f \u0130talyan Katolik H\u0259ft\u0259lik Q\u0259zetl\u0259ri Federasiyas\u0131n\u0131n (F\u0130SC) jurnalistl\u0259rd\u0259n biri M.Chiara Biagioni s\u0259f\u0259rind\u0259n sonra yazd\u0131\u011f\u0131 v\u0259 F\u0130SC-in internet s\u0259hif\u0259sind\u0259\u00a0v\u0259 \u201cSir\u201d \u0130nformasiya Agentliyinin internet s\u0259hif\u0259sind\u0259 yerl\u0259\u015fdirilmi\u015f m\u0259qal\u0259sind\u0259 qeyd edib. Jurnalist vur\u011fulay\u0131b ki, s\u0259kkiz\u00a0milyonluq d\u0259y\u0259ri olan s\u00f6z\u00fcged\u0259n layih\u0259l\u0259r yoxsulluqdan \u0259ziyy\u0259t \u00e7\u0259k\u0259n Erm\u0259nistanda k\u00f6m\u0259y\u0259 ehtiyac\u0131 olan u\u015faqlar v\u0259 ya\u015fl\u0131lara&hellip;<\/p>\n","protected":false},"author":2,"featured_media":82183,"comment_status":"closed","ping_status":"closed","sticky":false,"template":"","format":"standard","meta":{"om_disable_all_campaigns":false,"_monsterinsights_skip_tracking":false,"_monsterinsights_sitenote_active":false,"_monsterinsights_sitenote_note":"","_monsterinsights_sitenote_category":0},"categories":[4],"tags":[],"aioseo_notices":[],"gutentor_comment":0,"rttpg_featured_image_url":{"full":["https:\/\/arantv.az\/wp-content\/uploads\/2019\/09\/BiagioniChiaraCOL-removebg-preview-1.jpg",597,419,false],"landscape":["https:\/\/arantv.az\/wp-content\/uploads\/2019\/09\/BiagioniChiaraCOL-removebg-preview-1.jpg",597,419,false],"portraits":["https:\/\/arantv.az\/wp-content\/uploads\/2019\/09\/BiagioniChiaraCOL-removebg-preview-1.jpg",597,419,false],"thumbnail":["https:\/\/arantv.az\/wp-content\/uploads\/2019\/09\/BiagioniChiaraCOL-removebg-preview-1-150x150.jpg",150,150,true],"medium":["https:\/\/arantv.az\/wp-content\/uploads\/2019\/09\/BiagioniChiaraCOL-removebg-preview-1-300x211.jpg",300,211,true],"large":["https:\/\/arantv.az\/wp-content\/uploads\/2019\/09\/BiagioniChiaraCOL-removebg-preview-1.jpg",597,419,false],"1536x1536":["https:\/\/arantv.az\/wp-content\/uploads\/2019\/09\/BiagioniChiaraCOL-removebg-preview-1.jpg",597,419,false],"2048x2048":["https:\/\/arantv.az\/wp-content\/uploads\/2019\/09\/BiagioniChiaraCOL-removebg-preview-1.jpg",597,419,false],"post-thumbnail":["https:\/\/arantv.az\/wp-content\/uploads\/2019\/09\/BiagioniChiaraCOL-removebg-preview-1-240x172.jpg",240,172,true],"advps-thumb-one":["https:\/\/arantv.az\/wp-content\/uploads\/2019\/09\/BiagioniChiaraCOL-removebg-preview-1.jpg",597,419,false]},"rttpg_author":{"display_name":"V\u00fcsal Rafiqo\u011flu","author_link":"https:\/\/arantv.az\/?author=2"},"rttpg_comment":0,"rttpg_category":"<a href=\"https:\/\/arantv.az\/?cat=4\" rel=\"category\">Siyas\u0259t<\/a>","rttpg_excerpt":"\u201cUzun \u00e7irkli yollar. Bo\u015f, m\u0259hv olunmu\u015f sah\u0259l\u0259r. D\u0259mir, h\u0259tta kir\u0259mit dam \u00f6rt\u00fckl\u0259ri olan k\u0259rpicd\u0259n tikilmi\u015f evl\u0259r. Erm\u0259nistan\u0131n paytaxt\u0131ndan k\u0259nara \u00e7\u0131xan kimi \u00f6z\u00fcn\u00fc sonsuz yoxsullu\u011fun i\u00e7ind\u0259 tap\u0131rsan&#8230;.\u201d. Bu s\u00f6zl\u0259ri italyan Katolik kils\u0259si v\u0259 \u201cCaritas Roma\u201d t\u0259\u015fkilat\u0131n\u0131n d\u0259st\u0259yil\u0259 maliyy\u0259l\u0259\u015fdiril\u0259n iki layih\u0259nin icras\u0131 il\u0259 \u0259laq\u0259dar olaraq Erm\u0259nistanda s\u0259f\u0259rd\u0259 olmu\u015f \u0130talyan Katolik H\u0259ft\u0259lik Q\u0259zetl\u0259ri Federasiyas\u0131n\u0131n (F\u0130SC) jurnalistl\u0259rd\u0259n biri M.Chiara&hellip;","_links":{"self":[{"href":"https:\/\/arantv.az\/index.php?rest_route=\/wp\/v2\/posts\/82182"}],"collection":[{"href":"https:\/\/arantv.az\/index.php?rest_route=\/wp\/v2\/posts"}],"about":[{"href":"https:\/\/arantv.az\/index.php?rest_route=\/wp\/v2\/types\/post"}],"author":[{"embeddable":true,"href":"https:\/\/arantv.az\/index.php?rest_route=\/wp\/v2\/users\/2"}],"replies":[{"embeddable":true,"href":"https:\/\/arantv.az\/index.php?rest_route=%2Fwp%2Fv2%2Fcomments&post=82182"}],"version-history":[{"count":0,"href":"https:\/\/arantv.az\/index.php?rest_route=\/wp\/v2\/posts\/82182\/revisions"}],"wp:featuredmedia":[{"embeddable":true,"href":"https:\/\/arantv.az\/index.php?rest_route=\/wp\/v2\/media\/82183"}],"wp:attachment":[{"href":"https:\/\/arantv.az\/index.php?rest_route=%2Fwp%2Fv2%2Fmedia&parent=82182"}],"wp:term":[{"taxonomy":"category","embeddable":true,"href":"https:\/\/arantv.az\/index.php?rest_route=%2Fwp%2Fv2%2Fcategories&post=82182"},{"taxonomy":"post_tag","embeddable":true,"href":"https:\/\/arantv.az\/index.php?rest_route=%2Fwp%2Fv2%2Ftags&post=82182"}],"curies":[{"name":"wp","href":"https:\/\/api.w.org\/{rel}","templated":true}]}}