{"id":82186,"date":"2019-09-28T12:59:52","date_gmt":"2019-09-28T09:59:52","guid":{"rendered":"http:\/\/arantv.az\/?p=82186"},"modified":"2019-09-28T12:59:52","modified_gmt":"2019-09-28T09:59:52","slug":"xin-ukrayna-az%c9%99rbaycanin-suverenliyini-v%c9%99-%c9%99razi-butovluyunu-d%c9%99st%c9%99kl%c9%99yir","status":"publish","type":"post","link":"https:\/\/arantv.az\/?p=82186","title":{"rendered":"X\u0130N: Ukrayna Az\u0259rbaycan\u0131n suverenliyini v\u0259 \u0259razi b\u00fct\u00f6vl\u00fcy\u00fcn\u00fc d\u0259st\u0259kl\u0259yir"},"content":{"rendered":"<p><strong>Ukrayna Az\u0259rbaycan\u0131n suverenliyini v\u0259 \u0259razi b\u00fct\u00f6vl\u00fcy\u00fcn\u00fc beyn\u0259lxalq s\u0259viyy\u0259d\u0259 tan\u0131nan s\u0259rh\u0259dl\u0259r \u00e7\u0259r\u00e7iv\u0259sind\u0259 d\u0259yi\u015fm\u0259z olaraq d\u0259st\u0259kl\u0259yir.<\/strong><\/p>\n<p><strong>ARANTV.AZ<\/strong>\u00a0\u00a0<a href=\"https:\/\/az.trend.az\/\" target=\"_blank\" rel=\"noopener\">Trend<\/a>-\u0259 istinad\u0259n x\u0259b\u0259r verir ki, bu bar\u0259d\u0259 Ukrayna Xarici \u0130\u015fl\u0259r Nazirliyinin m\u0259tbuat xidm\u0259tinin b\u0259yanat\u0131nda deyilir.<\/p>\n<p>Nazirlik bildirib ki, i\u015f\u011fal olunmu\u015f Da\u011fl\u0131q Qaraba\u011f \u0259razisin\u0259, o c\u00fcml\u0259d\u0259n i\u015f\u011fal alt\u0131ndak\u0131 \u0259traf rayonlara s\u0259f\u0259r etm\u0259k niyy\u0259tind\u0259 olan Ukrayna v\u0259t\u0259nda\u015flar\u0131 Az\u0259rbaycan\u0131n qanunvericiliyini r\u0259hb\u0259r tutmal\u0131d\u0131r.<\/p>\n","protected":false},"excerpt":{"rendered":"<p>Ukrayna Az\u0259rbaycan\u0131n suverenliyini v\u0259 \u0259razi b\u00fct\u00f6vl\u00fcy\u00fcn\u00fc beyn\u0259lxalq s\u0259viyy\u0259d\u0259 tan\u0131nan s\u0259rh\u0259dl\u0259r \u00e7\u0259r\u00e7iv\u0259sind\u0259 d\u0259yi\u015fm\u0259z olaraq d\u0259st\u0259kl\u0259yir. ARANTV.AZ\u00a0\u00a0Trend-\u0259 istinad\u0259n x\u0259b\u0259r verir ki, bu bar\u0259d\u0259 Ukrayna Xarici \u0130\u015fl\u0259r Nazirliyinin m\u0259tbuat xidm\u0259tinin b\u0259yanat\u0131nda deyilir. Nazirlik bildirib ki, i\u015f\u011fal olunmu\u015f Da\u011fl\u0131q Qaraba\u011f \u0259razisin\u0259, o c\u00fcml\u0259d\u0259n i\u015f\u011fal alt\u0131ndak\u0131 \u0259traf rayonlara s\u0259f\u0259r etm\u0259k niyy\u0259tind\u0259 olan Ukrayna v\u0259t\u0259nda\u015flar\u0131 Az\u0259rbaycan\u0131n qanunvericiliyini r\u0259hb\u0259r tutmal\u0131d\u0131r.<\/p>\n","protected":false},"author":2,"featured_media":82187,"comment_status":"closed","ping_status":"closed","sticky":false,"template":"","format":"standard","meta":{"om_disable_all_campaigns":false,"_monsterinsights_skip_tracking":false,"_monsterinsights_sitenote_active":false,"_monsterinsights_sitenote_note":"","_monsterinsights_sitenote_category":0},"categories":[4],"tags":[],"aioseo_notices":[],"gutentor_comment":0,"rttpg_featured_image_url":{"full":["https:\/\/arantv.az\/wp-content\/uploads\/2019\/09\/789964.jpg",800,600,false],"landscape":["https:\/\/arantv.az\/wp-content\/uploads\/2019\/09\/789964.jpg",800,600,false],"portraits":["https:\/\/arantv.az\/wp-content\/uploads\/2019\/09\/789964.jpg",800,600,false],"thumbnail":["https:\/\/arantv.az\/wp-content\/uploads\/2019\/09\/789964-150x150.jpg",150,150,true],"medium":["https:\/\/arantv.az\/wp-content\/uploads\/2019\/09\/789964-300x225.jpg",300,225,true],"large":["https:\/\/arantv.az\/wp-content\/uploads\/2019\/09\/789964.jpg",640,480,false],"1536x1536":["https:\/\/arantv.az\/wp-content\/uploads\/2019\/09\/789964.jpg",800,600,false],"2048x2048":["https:\/\/arantv.az\/wp-content\/uploads\/2019\/09\/789964.jpg",800,600,false],"post-thumbnail":["https:\/\/arantv.az\/wp-content\/uploads\/2019\/09\/789964-240x172.jpg",240,172,true],"advps-thumb-one":["https:\/\/arantv.az\/wp-content\/uploads\/2019\/09\/789964.jpg",800,600,false]},"rttpg_author":{"display_name":"V\u00fcsal Rafiqo\u011flu","author_link":"https:\/\/arantv.az\/?author=2"},"rttpg_comment":0,"rttpg_category":"<a href=\"https:\/\/arantv.az\/?cat=4\" rel=\"category\">Siyas\u0259t<\/a>","rttpg_excerpt":"Ukrayna Az\u0259rbaycan\u0131n suverenliyini v\u0259 \u0259razi b\u00fct\u00f6vl\u00fcy\u00fcn\u00fc beyn\u0259lxalq s\u0259viyy\u0259d\u0259 tan\u0131nan s\u0259rh\u0259dl\u0259r \u00e7\u0259r\u00e7iv\u0259sind\u0259 d\u0259yi\u015fm\u0259z olaraq d\u0259st\u0259kl\u0259yir. ARANTV.AZ\u00a0\u00a0Trend-\u0259 istinad\u0259n x\u0259b\u0259r verir ki, bu bar\u0259d\u0259 Ukrayna Xarici \u0130\u015fl\u0259r Nazirliyinin m\u0259tbuat xidm\u0259tinin b\u0259yanat\u0131nda deyilir. Nazirlik bildirib ki, i\u015f\u011fal olunmu\u015f Da\u011fl\u0131q Qaraba\u011f \u0259razisin\u0259, o c\u00fcml\u0259d\u0259n i\u015f\u011fal alt\u0131ndak\u0131 \u0259traf rayonlara s\u0259f\u0259r etm\u0259k niyy\u0259tind\u0259 olan Ukrayna v\u0259t\u0259nda\u015flar\u0131 Az\u0259rbaycan\u0131n qanunvericiliyini r\u0259hb\u0259r tutmal\u0131d\u0131r.","_links":{"self":[{"href":"https:\/\/arantv.az\/index.php?rest_route=\/wp\/v2\/posts\/82186"}],"collection":[{"href":"https:\/\/arantv.az\/index.php?rest_route=\/wp\/v2\/posts"}],"about":[{"href":"https:\/\/arantv.az\/index.php?rest_route=\/wp\/v2\/types\/post"}],"author":[{"embeddable":true,"href":"https:\/\/arantv.az\/index.php?rest_route=\/wp\/v2\/users\/2"}],"replies":[{"embeddable":true,"href":"https:\/\/arantv.az\/index.php?rest_route=%2Fwp%2Fv2%2Fcomments&post=82186"}],"version-history":[{"count":0,"href":"https:\/\/arantv.az\/index.php?rest_route=\/wp\/v2\/posts\/82186\/revisions"}],"wp:featuredmedia":[{"embeddable":true,"href":"https:\/\/arantv.az\/index.php?rest_route=\/wp\/v2\/media\/82187"}],"wp:attachment":[{"href":"https:\/\/arantv.az\/index.php?rest_route=%2Fwp%2Fv2%2Fmedia&parent=82186"}],"wp:term":[{"taxonomy":"category","embeddable":true,"href":"https:\/\/arantv.az\/index.php?rest_route=%2Fwp%2Fv2%2Fcategories&post=82186"},{"taxonomy":"post_tag","embeddable":true,"href":"https:\/\/arantv.az\/index.php?rest_route=%2Fwp%2Fv2%2Ftags&post=82186"}],"curies":[{"name":"wp","href":"https:\/\/api.w.org\/{rel}","templated":true}]}}