{"id":821903,"date":"2025-08-21T18:14:46","date_gmt":"2025-08-21T14:14:46","guid":{"rendered":"https:\/\/arantv.az\/?p=821903"},"modified":"2025-08-21T18:14:46","modified_gmt":"2025-08-21T14:14:46","slug":"bu-binalarda-10-mind%c9%99n-cox-insan-yasayacaq-ilham-%c9%99liyev","status":"publish","type":"post","link":"https:\/\/arantv.az\/?p=821903","title":{"rendered":"Bu binalarda 10 mind\u0259n \u00e7ox insan ya\u015fayacaq &#8211; \u0130lham \u018fliyev"},"content":{"rendered":"<p><strong>K\u0259lb\u0259c\u0259r \u015f\u0259h\u0259ri indi d\u00fcnyan\u0131n \u0259n g\u00f6z\u0259l m\u0259nz\u0259r\u0259li \u015f\u0259h\u0259rl\u0259rind\u0259n birin\u0259 \u00e7evrilir.<\/strong><\/p>\n<p><b>ARANTV.AZ <\/b>x\u0259b\u0259r verir ki, bu s\u00f6zl\u0259ri Prezident \u0130lham \u018fliyev K\u0259lb\u0259c\u0259r \u015f\u0259h\u0259r sakinl\u0259ri il\u0259 g\u00f6r\u00fc\u015fd\u0259 deyib.<\/p>\n<p>D\u00f6vl\u0259t ba\u015f\u00e7\u0131s\u0131 bildirib ki, \u201cB\u00f6y\u00fck Qay\u0131d\u0131\u015f\u201d Proqram\u0131 \u00e7\u0259r\u00e7iv\u0259sind\u0259 birinci m\u0259rh\u0259l\u0259d\u0259 K\u0259lb\u0259c\u0259r \u015f\u0259h\u0259rind\u0259 d\u00f6rd ya\u015fay\u0131\u015f kompleksinin in\u015fas\u0131 n\u0259z\u0259rd\u0259 tutulur v\u0259 bu binalarda 10 mind\u0259n \u00e7ox insan ya\u015fayacaq.<\/p>\n","protected":false},"excerpt":{"rendered":"<p>K\u0259lb\u0259c\u0259r \u015f\u0259h\u0259ri indi d\u00fcnyan\u0131n \u0259n g\u00f6z\u0259l m\u0259nz\u0259r\u0259li \u015f\u0259h\u0259rl\u0259rind\u0259n birin\u0259 \u00e7evrilir. ARANTV.AZ x\u0259b\u0259r verir ki, bu s\u00f6zl\u0259ri Prezident \u0130lham \u018fliyev K\u0259lb\u0259c\u0259r \u015f\u0259h\u0259r sakinl\u0259ri il\u0259 g\u00f6r\u00fc\u015fd\u0259 deyib. D\u00f6vl\u0259t ba\u015f\u00e7\u0131s\u0131 bildirib ki, \u201cB\u00f6y\u00fck Qay\u0131d\u0131\u015f\u201d Proqram\u0131 \u00e7\u0259r\u00e7iv\u0259sind\u0259 birinci m\u0259rh\u0259l\u0259d\u0259 K\u0259lb\u0259c\u0259r \u015f\u0259h\u0259rind\u0259 d\u00f6rd ya\u015fay\u0131\u015f kompleksinin in\u015fas\u0131 n\u0259z\u0259rd\u0259 tutulur v\u0259 bu binalarda 10 mind\u0259n \u00e7ox insan ya\u015fayacaq.<\/p>\n","protected":false},"author":2,"featured_media":821904,"comment_status":"closed","ping_status":"closed","sticky":false,"template":"","format":"standard","meta":{"om_disable_all_campaigns":false,"_monsterinsights_skip_tracking":false,"_monsterinsights_sitenote_active":false,"_monsterinsights_sitenote_note":"","_monsterinsights_sitenote_category":0},"categories":[4],"tags":[],"aioseo_notices":[],"gutentor_comment":0,"rttpg_featured_image_url":{"full":["https:\/\/arantv.az\/wp-content\/uploads\/2025\/08\/e8e284cca2d7b0375eb2d75dcddbe778.jpg",850,500,false],"landscape":["https:\/\/arantv.az\/wp-content\/uploads\/2025\/08\/e8e284cca2d7b0375eb2d75dcddbe778.jpg",850,500,false],"portraits":["https:\/\/arantv.az\/wp-content\/uploads\/2025\/08\/e8e284cca2d7b0375eb2d75dcddbe778.jpg",850,500,false],"thumbnail":["https:\/\/arantv.az\/wp-content\/uploads\/2025\/08\/e8e284cca2d7b0375eb2d75dcddbe778-500x280.jpg",500,280,true],"medium":["https:\/\/arantv.az\/wp-content\/uploads\/2025\/08\/e8e284cca2d7b0375eb2d75dcddbe778-621x365.jpg",621,365,true],"large":["https:\/\/arantv.az\/wp-content\/uploads\/2025\/08\/e8e284cca2d7b0375eb2d75dcddbe778-840x494.jpg",640,376,true],"1536x1536":["https:\/\/arantv.az\/wp-content\/uploads\/2025\/08\/e8e284cca2d7b0375eb2d75dcddbe778.jpg",850,500,false],"2048x2048":["https:\/\/arantv.az\/wp-content\/uploads\/2025\/08\/e8e284cca2d7b0375eb2d75dcddbe778.jpg",850,500,false],"post-thumbnail":["https:\/\/arantv.az\/wp-content\/uploads\/2025\/08\/e8e284cca2d7b0375eb2d75dcddbe778-240x172.jpg",240,172,true],"advps-thumb-one":["https:\/\/arantv.az\/wp-content\/uploads\/2025\/08\/e8e284cca2d7b0375eb2d75dcddbe778.jpg",850,500,false]},"rttpg_author":{"display_name":"V\u00fcsal Rafiqo\u011flu","author_link":"https:\/\/arantv.az\/?author=2"},"rttpg_comment":0,"rttpg_category":"<a href=\"https:\/\/arantv.az\/?cat=4\" rel=\"category\">Siyas\u0259t<\/a>","rttpg_excerpt":"K\u0259lb\u0259c\u0259r \u015f\u0259h\u0259ri indi d\u00fcnyan\u0131n \u0259n g\u00f6z\u0259l m\u0259nz\u0259r\u0259li \u015f\u0259h\u0259rl\u0259rind\u0259n birin\u0259 \u00e7evrilir. ARANTV.AZ x\u0259b\u0259r verir ki, bu s\u00f6zl\u0259ri Prezident \u0130lham \u018fliyev K\u0259lb\u0259c\u0259r \u015f\u0259h\u0259r sakinl\u0259ri il\u0259 g\u00f6r\u00fc\u015fd\u0259 deyib. D\u00f6vl\u0259t ba\u015f\u00e7\u0131s\u0131 bildirib ki, \u201cB\u00f6y\u00fck Qay\u0131d\u0131\u015f\u201d Proqram\u0131 \u00e7\u0259r\u00e7iv\u0259sind\u0259 birinci m\u0259rh\u0259l\u0259d\u0259 K\u0259lb\u0259c\u0259r \u015f\u0259h\u0259rind\u0259 d\u00f6rd ya\u015fay\u0131\u015f kompleksinin in\u015fas\u0131 n\u0259z\u0259rd\u0259 tutulur v\u0259 bu binalarda 10 mind\u0259n \u00e7ox insan ya\u015fayacaq.","_links":{"self":[{"href":"https:\/\/arantv.az\/index.php?rest_route=\/wp\/v2\/posts\/821903"}],"collection":[{"href":"https:\/\/arantv.az\/index.php?rest_route=\/wp\/v2\/posts"}],"about":[{"href":"https:\/\/arantv.az\/index.php?rest_route=\/wp\/v2\/types\/post"}],"author":[{"embeddable":true,"href":"https:\/\/arantv.az\/index.php?rest_route=\/wp\/v2\/users\/2"}],"replies":[{"embeddable":true,"href":"https:\/\/arantv.az\/index.php?rest_route=%2Fwp%2Fv2%2Fcomments&post=821903"}],"version-history":[{"count":1,"href":"https:\/\/arantv.az\/index.php?rest_route=\/wp\/v2\/posts\/821903\/revisions"}],"predecessor-version":[{"id":821905,"href":"https:\/\/arantv.az\/index.php?rest_route=\/wp\/v2\/posts\/821903\/revisions\/821905"}],"wp:featuredmedia":[{"embeddable":true,"href":"https:\/\/arantv.az\/index.php?rest_route=\/wp\/v2\/media\/821904"}],"wp:attachment":[{"href":"https:\/\/arantv.az\/index.php?rest_route=%2Fwp%2Fv2%2Fmedia&parent=821903"}],"wp:term":[{"taxonomy":"category","embeddable":true,"href":"https:\/\/arantv.az\/index.php?rest_route=%2Fwp%2Fv2%2Fcategories&post=821903"},{"taxonomy":"post_tag","embeddable":true,"href":"https:\/\/arantv.az\/index.php?rest_route=%2Fwp%2Fv2%2Ftags&post=821903"}],"curies":[{"name":"wp","href":"https:\/\/api.w.org\/{rel}","templated":true}]}}