{"id":821912,"date":"2025-08-21T18:17:29","date_gmt":"2025-08-21T14:17:29","guid":{"rendered":"https:\/\/arantv.az\/?p=821912"},"modified":"2025-08-21T18:17:29","modified_gmt":"2025-08-21T14:17:29","slug":"erm%c9%99nistan-mudafi%c9%99-nazirinin-musaviri-istefa-verib","status":"publish","type":"post","link":"https:\/\/arantv.az\/?p=821912","title":{"rendered":"Erm\u0259nistan m\u00fcdafi\u0259 nazirinin m\u00fc\u015faviri istefa verib"},"content":{"rendered":"<p><strong>Erm\u0259nistan m\u00fcdafi\u0259 nazirinin m\u00fc\u015faviri general-mayor Artak Tonoyan tutdu\u011fu v\u0259zif\u0259d\u0259n azad olunmas\u0131 bar\u0259d\u0259 \u0259riz\u0259 verib.<\/strong><\/p>\n<p>Bu add\u0131m\u0131n s\u0259b\u0259bl\u0259ri a\u00e7\u0131qlanm\u0131r, lakin qeyd olunur ki, daha \u0259vv\u0259l K\u0130V-d\u0259 Tonoyan\u0131n o\u011flunun q\u0259tl ittiham\u0131 il\u0259 h\u0259bs olundu\u011fu bar\u0259d\u0259 m\u0259lumat yay\u0131lm\u0131\u015fd\u0131.**\u201cReport\u201d<\/p>\n","protected":false},"excerpt":{"rendered":"<p>Erm\u0259nistan m\u00fcdafi\u0259 nazirinin m\u00fc\u015faviri general-mayor Artak Tonoyan tutdu\u011fu v\u0259zif\u0259d\u0259n azad olunmas\u0131 bar\u0259d\u0259 \u0259riz\u0259 verib. Bu add\u0131m\u0131n s\u0259b\u0259bl\u0259ri a\u00e7\u0131qlanm\u0131r, lakin qeyd olunur ki, daha \u0259vv\u0259l K\u0130V-d\u0259 Tonoyan\u0131n o\u011flunun q\u0259tl ittiham\u0131 il\u0259 h\u0259bs olundu\u011fu bar\u0259d\u0259 m\u0259lumat yay\u0131lm\u0131\u015fd\u0131.**\u201cReport\u201d<\/p>\n","protected":false},"author":2,"featured_media":821913,"comment_status":"closed","ping_status":"closed","sticky":false,"template":"","format":"standard","meta":{"om_disable_all_campaigns":false,"_monsterinsights_skip_tracking":false,"_monsterinsights_sitenote_active":false,"_monsterinsights_sitenote_note":"","_monsterinsights_sitenote_category":0},"categories":[19],"tags":[],"aioseo_notices":[],"gutentor_comment":0,"rttpg_featured_image_url":{"full":["https:\/\/arantv.az\/wp-content\/uploads\/2025\/08\/e604907d88103937d74a22b815d20098.jpg",850,500,false],"landscape":["https:\/\/arantv.az\/wp-content\/uploads\/2025\/08\/e604907d88103937d74a22b815d20098.jpg",850,500,false],"portraits":["https:\/\/arantv.az\/wp-content\/uploads\/2025\/08\/e604907d88103937d74a22b815d20098.jpg",850,500,false],"thumbnail":["https:\/\/arantv.az\/wp-content\/uploads\/2025\/08\/e604907d88103937d74a22b815d20098-500x280.jpg",500,280,true],"medium":["https:\/\/arantv.az\/wp-content\/uploads\/2025\/08\/e604907d88103937d74a22b815d20098-621x365.jpg",621,365,true],"large":["https:\/\/arantv.az\/wp-content\/uploads\/2025\/08\/e604907d88103937d74a22b815d20098-840x494.jpg",640,376,true],"1536x1536":["https:\/\/arantv.az\/wp-content\/uploads\/2025\/08\/e604907d88103937d74a22b815d20098.jpg",850,500,false],"2048x2048":["https:\/\/arantv.az\/wp-content\/uploads\/2025\/08\/e604907d88103937d74a22b815d20098.jpg",850,500,false],"post-thumbnail":["https:\/\/arantv.az\/wp-content\/uploads\/2025\/08\/e604907d88103937d74a22b815d20098-240x172.jpg",240,172,true],"advps-thumb-one":["https:\/\/arantv.az\/wp-content\/uploads\/2025\/08\/e604907d88103937d74a22b815d20098.jpg",850,500,false]},"rttpg_author":{"display_name":"V\u00fcsal Rafiqo\u011flu","author_link":"https:\/\/arantv.az\/?author=2"},"rttpg_comment":0,"rttpg_category":"<a href=\"https:\/\/arantv.az\/?cat=19\" rel=\"category\">G\u00fcnd\u0259m<\/a>","rttpg_excerpt":"Erm\u0259nistan m\u00fcdafi\u0259 nazirinin m\u00fc\u015faviri general-mayor Artak Tonoyan tutdu\u011fu v\u0259zif\u0259d\u0259n azad olunmas\u0131 bar\u0259d\u0259 \u0259riz\u0259 verib. Bu add\u0131m\u0131n s\u0259b\u0259bl\u0259ri a\u00e7\u0131qlanm\u0131r, lakin qeyd olunur ki, daha \u0259vv\u0259l K\u0130V-d\u0259 Tonoyan\u0131n o\u011flunun q\u0259tl ittiham\u0131 il\u0259 h\u0259bs olundu\u011fu bar\u0259d\u0259 m\u0259lumat yay\u0131lm\u0131\u015fd\u0131.**\u201cReport\u201d","_links":{"self":[{"href":"https:\/\/arantv.az\/index.php?rest_route=\/wp\/v2\/posts\/821912"}],"collection":[{"href":"https:\/\/arantv.az\/index.php?rest_route=\/wp\/v2\/posts"}],"about":[{"href":"https:\/\/arantv.az\/index.php?rest_route=\/wp\/v2\/types\/post"}],"author":[{"embeddable":true,"href":"https:\/\/arantv.az\/index.php?rest_route=\/wp\/v2\/users\/2"}],"replies":[{"embeddable":true,"href":"https:\/\/arantv.az\/index.php?rest_route=%2Fwp%2Fv2%2Fcomments&post=821912"}],"version-history":[{"count":1,"href":"https:\/\/arantv.az\/index.php?rest_route=\/wp\/v2\/posts\/821912\/revisions"}],"predecessor-version":[{"id":821914,"href":"https:\/\/arantv.az\/index.php?rest_route=\/wp\/v2\/posts\/821912\/revisions\/821914"}],"wp:featuredmedia":[{"embeddable":true,"href":"https:\/\/arantv.az\/index.php?rest_route=\/wp\/v2\/media\/821913"}],"wp:attachment":[{"href":"https:\/\/arantv.az\/index.php?rest_route=%2Fwp%2Fv2%2Fmedia&parent=821912"}],"wp:term":[{"taxonomy":"category","embeddable":true,"href":"https:\/\/arantv.az\/index.php?rest_route=%2Fwp%2Fv2%2Fcategories&post=821912"},{"taxonomy":"post_tag","embeddable":true,"href":"https:\/\/arantv.az\/index.php?rest_route=%2Fwp%2Fv2%2Ftags&post=821912"}],"curies":[{"name":"wp","href":"https:\/\/api.w.org\/{rel}","templated":true}]}}