{"id":82194,"date":"2019-09-28T13:13:22","date_gmt":"2019-09-28T10:13:22","guid":{"rendered":"http:\/\/arantv.az\/?p=82194"},"modified":"2019-09-28T13:13:22","modified_gmt":"2019-09-28T10:13:22","slug":"el-s%c9%99n%c9%99ti-bakida-foto","status":"publish","type":"post","link":"https:\/\/arantv.az\/?p=82194","title":{"rendered":"\u201cEl s\u0259n\u0259ti\u201d Bak\u0131da &#8211; FOTO"},"content":{"rendered":"<p>\u201cEl s\u0259n\u0259ti\u201d I Bak\u0131 Beyn\u0259lxalq \u018fn\u0259n\u0259vi S\u0259n\u0259tkarl\u0131q Festival\u0131n\u0131n a\u00e7\u0131l\u0131\u015f m\u0259rasimi ke\u00e7irilib.<\/p>\n<p><strong>ARANTV.AZ\u00a0\u00a0<\/strong>x\u0259b\u0259r verir ki, a\u00e7\u0131l\u0131\u015f m\u0259rasimind\u0259 M\u0259d\u0259niyy\u0259t naziri \u018fb\u00fclf\u0259z Qarayev, \u201c\u0130\u00e7\u0259ri\u015f\u0259h\u0259r\u201d D\u00f6vl\u0259t Tarix-Memarl\u0131q Qoruq \u0130dar\u0259sinin (DTMQ\u0130) r\u0259isi \u018fsg\u0259r \u018fl\u0259kb\u0259rov, Qafqaz M\u00fcs\u0259lmanlar\u0131 \u0130dar\u0259sinin (QM\u0130) s\u0259dri \u015eeyx\u00fclislam Allah\u015f\u00fck\u00fcr Pa\u015fazad\u0259, T\u00fcrkiy\u0259nin Az\u0259rbaycandak\u0131 s\u0259firi Erkan \u00d6zoral v\u0259 bir \u00e7ox h\u00f6kum\u0259t r\u0259smil\u0259ri il\u0259 yana\u015f\u0131, daha 35 m\u00fcs\u0259lman \u00f6lk\u0259sind\u0259n n\u00fcmay\u0259nd\u0259 hey\u0259ti i\u015ftirak edibl\u0259r.<\/p>\n<p>\u201c\u0130\u00e7\u0259ri\u015f\u0259h\u0259r\u201d D\u00f6vl\u0259t Tarix-Memarl\u0131q Qoruq \u0130dar\u0259sinin (DTMQ\u0130) r\u0259isi \u018fsg\u0259r \u018fl\u0259kb\u0259rov bu il N\u0259siminin 650 illik yubileyi qeyd olundu\u011funu bildirib:<\/p>\n<p>\u201cBu g\u00fcn \u201cEl s\u0259n\u0259ti\u201d I Bak\u0131 Beyn\u0259lxalq \u018fn\u0259n\u0259vi S\u0259n\u0259tkarl\u0131q Festival\u0131 \u00f6z\u00fc \u201cN\u0259simi Festival\u0131\u201d\u00a0\u00e7\u0259r\u00e7iv\u0259sind\u0259 t\u0259\u015fkil olunub. Festivala 30 m\u00fcs\u0259lman \u00f6lk\u0259sind\u0259n 50-d\u0259n \u00e7ox s\u0259n\u0259tkar qat\u0131l\u0131b. Biz \u00fcmid edirik ki, bu festival \u0130slam \u00f6lk\u0259l\u0259rinin \u0259laq\u0259l\u0259rinin g\u00fccl\u0259ndirilm\u0259sind\u0259 \u00e7ox m\u00fch\u00fcm rol oyanayacaq\u201d.<\/p>\n<p>\u015eeyx\u00fclislam Allah\u015f\u00fck\u00fcr Pa\u015fazad\u0259 is\u0259 festivallar\u0131n insanlar\u0131 bir-birin\u0259 daha da yax\u0131nla\u015fd\u0131rd\u0131\u011f\u0131n\u0131 diqq\u0259t\u0259 \u00e7atd\u0131r\u0131b:<\/p>\n<p>\u201cM\u0259n bir \u015feyx kimi \u0130\u00e7\u0259ri\u015f\u0259h\u0259rin d\u00fcn\u0259ni v\u0259 bu g\u00fcn\u00fcn\u00fc g\u00f6r\u00fcr\u0259m. M\u0259n \u0130slam\u0131 t\u0259msil edir\u0259m v\u0259 d\u00fc\u015f\u00fcn\u00fcr\u0259m ki, m\u00fcst\u0259qillik ill\u0259rind\u0259 \u0130slama \u00e7ox b\u00f6y\u00fck d\u0259y\u0259r verilib. Buna g\u00f6r\u0259 d\u0259 m\u0259n, ilk n\u00f6vb\u0259d\u0259, \u00f6lk\u0259 ba\u015f\u00e7\u0131s\u0131 \u0130lham \u018fliyeva, sonra is\u0259 Heyd\u0259r \u018fliyev Fondunun prezidenti, Birinci vitse-prezident Mehriban \u018fliyevaya t\u0259\u015f\u0259kk\u00fcr\u00fcm\u00fc bildirir\u0259m. \u0130lham \u018fliyev N\u0259simiy\u0259 Az\u0259rbaycan pasportu verdi, onu b\u00fct\u00fcn d\u00fcnyada tan\u0131td\u0131\u201d.<\/p>\n<p>M\u0259d\u0259niyy\u0259t naziri \u018fb\u00fclf\u0259s Qarayev is\u0259 Bak\u0131n\u0131n n\u00f6vb\u0259ti\u00a0 festivala ev sahibliyi etm\u0259sin\u0259 \u015fad oldu\u011funu dil\u0259 g\u0259tirib:<\/p>\n<p>\u201cSon g\u00fcnl\u0259r paytaxt Bakda bir s\u0131ra bir-birind\u0259n maraql\u0131 v\u0259 \u00f6n\u0259mli festivallar, t\u0259dbirl\u0259r t\u0259\u015fkil olunur. Bu g\u00fcn is\u0259 Bak\u0131\u00a0\u201cEl s\u0259n\u0259ti\u201d I Bak\u0131 Beyn\u0259lxalq \u018fn\u0259n\u0259vi S\u0259n\u0259tkarl\u0131q Festival\u0131na ev sahibliyi edir.<\/p>\n<p>50 il \u00f6nc\u0259 Heyd\u0259r \u018fliyev N\u0259siminin 600 illik yubileyinin ke\u00e7irilm\u0259si bar\u0259d\u0259 s\u0259r\u0259ncam vermi\u015fdi. 50 ild\u0259n sonra is\u0259 onun n\u0259v\u0259si Leyla \u018fliyeva \u201cN\u0259simi Festival\u0131\u201dn\u0131 ke\u00e7irir. Bu is\u0259 xalq\u0131m\u0131z\u0131n uzun ill\u0259r sonra bel\u0259 \u00f6z \u0259n\u0259n\u0259sin\u0259 sadiq qald\u0131\u011f\u0131n\u0131 g\u00f6st\u0259rir\u201d.<\/p>\n<p>\u00c7\u0131x\u0131\u015flardan sonra festival i\u015ftirak\u00e7\u0131lar\u0131 s\u0259n\u0259tkarl\u0131q n\u00fcmun\u0259l\u0259ri il\u0259 tan\u0131\u015f olublar.<\/p>\n<p>Festival oktyabr\u0131n 4-d\u0259k davam ed\u0259c\u0259k.<\/p>\n<div class=\"gallery\">\n<div class=\"gallery-i\"><img src=\"https:\/\/assets.oxu.az\/uploads\/W1siZiIsIjIwMTkvMDkvMjgvMTMvMDMvMjAvMjg4ZjZhZDMtYjUzNS00ZTAyLWFmYWMtMjNkMjAyNzBkZmQ3LzcyMjkxMzMyXzQ0MDIxMDg2OTkzMTE2Nl81OTQzNzQ1MjIzMDYxNDA1Njk2X24uanBnIl0sWyJwIiwiZW5jb2RlIiwianBnIiwiLXF1YWxpdHkgODAiXSxbInAiLCJ0aHVtYiIsIjU5MHg1OTBcdTAwM2UiXV0?sha=73a2a7b1b954596b\" alt=\"\" \/><\/div>\n<div class=\"gallery-i\"><img src=\"https:\/\/assets.oxu.az\/uploads\/W1siZiIsIjIwMTkvMDkvMjgvMTMvMDMvMzkvZWI4NGYxMmEtZTYzZi00MWJiLTk5Y2UtZGFkMTg5NjIzYjliLzcxMTA0NjczXzQ5MDY1MDgzMTc3MzAzMV80MDIwOTYxMzE0NjYxNzI4MjU2X24uanBnIl0sWyJwIiwiZW5jb2RlIiwianBnIiwiLXF1YWxpdHkgODAiXSxbInAiLCJ0aHVtYiIsIjU5MHg1OTBcdTAwM2UiXV0?sha=4b48cffa62a99973\" alt=\"\" \/><\/div>\n<div class=\"gallery-i\"><img src=\"https:\/\/assets.oxu.az\/uploads\/W1siZiIsIjIwMTkvMDkvMjgvMTMvMDMvNDIvNjZlMDlkMDAtMDFmNy00M2RlLWI5ZGUtMDAxYzEwMTU5ZDU2LzcxNjc0MDQ3XzQ0NjcwMjQyNjE5NjY2MV8zNzUyODU2ODI4ODQxNTU4MDE2X24uanBnIl0sWyJwIiwiZW5jb2RlIiwianBnIiwiLXF1YWxpdHkgODAiXSxbInAiLCJ0aHVtYiIsIjU5MHg1OTBcdTAwM2UiXV0?sha=9b84ffb43df70354\" alt=\"\" \/><\/div>\n<div class=\"gallery-i\"><img src=\"https:\/\/assets.oxu.az\/uploads\/W1siZiIsIjIwMTkvMDkvMjgvMTMvMDQvMDAvMzBlMmYyYWUtNzNkZS00ZTdiLWI0NWMtYzNlNjRhZmM3ZGEyLzcxNTIwNDY0XzQyNzkwMzE2MTE3MzQzNl80MDgwOTk1NjkzMjE1MzUwNzg0X24uanBnIl0sWyJwIiwiZW5jb2RlIiwianBnIiwiLXF1YWxpdHkgODAiXSxbInAiLCJ0aHVtYiIsIjU5MHg1OTBcdTAwM2UiXV0?sha=73abe0f34429c190\" alt=\"\" \/><\/div>\n<div class=\"gallery-i\"><img src=\"https:\/\/assets.oxu.az\/uploads\/W1siZiIsIjIwMTkvMDkvMjgvMTMvMDQvMDQvMDhkYTY4NzMtNDBlMy00ODIxLWIwMzItZmMxNGExOTY2ZTZlLzcxNzAzNTQ1XzM2OTExODg4NzI5ODIyMV84NzYxODYzMTkzNzE1ODAyMTEyX24uanBnIl0sWyJwIiwiZW5jb2RlIiwianBnIiwiLXF1YWxpdHkgODAiXSxbInAiLCJ0aHVtYiIsIjU5MHg1OTBcdTAwM2UiXV0?sha=0cdd60825ebb0e68\" alt=\"\" \/><\/div>\n<div class=\"gallery-i\"><img src=\"https:\/\/assets.oxu.az\/uploads\/W1siZiIsIjIwMTkvMDkvMjgvMTMvMDQvMTgvYTVlMWFkMTYtMWIwZi00YmIxLThiYjMtOGJhYzUyNWY1NGRhLzcxNjc0MDQ3XzQ0NjcwMjQyNjE5NjY2MV8zNzUyODU2ODI4ODQxNTU4MDE2X24gKDEpLmpwZyJdLFsicCIsImVuY29kZSIsImpwZyIsIi1xdWFsaXR5IDgwIl0sWyJwIiwidGh1bWIiLCI1OTB4NTkwXHUwMDNlIl1d?sha=df7f83cf330ab87b\" alt=\"\" \/><\/div>\n<\/div>\n<div>oxu.az<\/div>\n","protected":false},"excerpt":{"rendered":"<p>\u201cEl s\u0259n\u0259ti\u201d I Bak\u0131 Beyn\u0259lxalq \u018fn\u0259n\u0259vi S\u0259n\u0259tkarl\u0131q Festival\u0131n\u0131n a\u00e7\u0131l\u0131\u015f m\u0259rasimi ke\u00e7irilib. ARANTV.AZ\u00a0\u00a0x\u0259b\u0259r verir ki, a\u00e7\u0131l\u0131\u015f m\u0259rasimind\u0259 M\u0259d\u0259niyy\u0259t naziri \u018fb\u00fclf\u0259z Qarayev, \u201c\u0130\u00e7\u0259ri\u015f\u0259h\u0259r\u201d D\u00f6vl\u0259t Tarix-Memarl\u0131q Qoruq \u0130dar\u0259sinin (DTMQ\u0130) r\u0259isi \u018fsg\u0259r \u018fl\u0259kb\u0259rov, Qafqaz M\u00fcs\u0259lmanlar\u0131 \u0130dar\u0259sinin (QM\u0130) s\u0259dri \u015eeyx\u00fclislam Allah\u015f\u00fck\u00fcr Pa\u015fazad\u0259, T\u00fcrkiy\u0259nin Az\u0259rbaycandak\u0131 s\u0259firi Erkan \u00d6zoral v\u0259 bir \u00e7ox h\u00f6kum\u0259t r\u0259smil\u0259ri il\u0259 yana\u015f\u0131, daha 35 m\u00fcs\u0259lman \u00f6lk\u0259sind\u0259n n\u00fcmay\u0259nd\u0259 hey\u0259ti i\u015ftirak edibl\u0259r. \u201c\u0130\u00e7\u0259ri\u015f\u0259h\u0259r\u201d D\u00f6vl\u0259t Tarix-Memarl\u0131q Qoruq \u0130dar\u0259sinin (DTMQ\u0130) r\u0259isi \u018fsg\u0259r \u018fl\u0259kb\u0259rov bu il N\u0259siminin 650 illik yubileyi qeyd olundu\u011funu bildirib: \u201cBu g\u00fcn \u201cEl s\u0259n\u0259ti\u201d I Bak\u0131 Beyn\u0259lxalq \u018fn\u0259n\u0259vi S\u0259n\u0259tkarl\u0131q Festival\u0131 \u00f6z\u00fc \u201cN\u0259simi Festival\u0131\u201d\u00a0\u00e7\u0259r\u00e7iv\u0259sind\u0259 t\u0259\u015fkil olunub.&hellip;<\/p>\n","protected":false},"author":2,"featured_media":82195,"comment_status":"closed","ping_status":"closed","sticky":false,"template":"","format":"standard","meta":{"om_disable_all_campaigns":false,"_monsterinsights_skip_tracking":false,"_monsterinsights_sitenote_active":false,"_monsterinsights_sitenote_note":"","_monsterinsights_sitenote_category":0},"categories":[1],"tags":[],"aioseo_notices":[],"gutentor_comment":0,"rttpg_featured_image_url":{"full":["https:\/\/arantv.az\/wp-content\/uploads\/2019\/09\/71674047_446702426196661_3752856828841558016_n.jpg",620,413,false],"landscape":["https:\/\/arantv.az\/wp-content\/uploads\/2019\/09\/71674047_446702426196661_3752856828841558016_n.jpg",620,413,false],"portraits":["https:\/\/arantv.az\/wp-content\/uploads\/2019\/09\/71674047_446702426196661_3752856828841558016_n.jpg",620,413,false],"thumbnail":["https:\/\/arantv.az\/wp-content\/uploads\/2019\/09\/71674047_446702426196661_3752856828841558016_n-150x150.jpg",150,150,true],"medium":["https:\/\/arantv.az\/wp-content\/uploads\/2019\/09\/71674047_446702426196661_3752856828841558016_n-300x200.jpg",300,200,true],"large":["https:\/\/arantv.az\/wp-content\/uploads\/2019\/09\/71674047_446702426196661_3752856828841558016_n.jpg",620,413,false],"1536x1536":["https:\/\/arantv.az\/wp-content\/uploads\/2019\/09\/71674047_446702426196661_3752856828841558016_n.jpg",620,413,false],"2048x2048":["https:\/\/arantv.az\/wp-content\/uploads\/2019\/09\/71674047_446702426196661_3752856828841558016_n.jpg",620,413,false],"post-thumbnail":["https:\/\/arantv.az\/wp-content\/uploads\/2019\/09\/71674047_446702426196661_3752856828841558016_n-240x172.jpg",240,172,true],"advps-thumb-one":["https:\/\/arantv.az\/wp-content\/uploads\/2019\/09\/71674047_446702426196661_3752856828841558016_n.jpg",620,413,false]},"rttpg_author":{"display_name":"V\u00fcsal Rafiqo\u011flu","author_link":"https:\/\/arantv.az\/?author=2"},"rttpg_comment":0,"rttpg_category":"<a href=\"https:\/\/arantv.az\/?cat=1\" rel=\"category\">C\u0259miyy\u0259t<\/a>","rttpg_excerpt":"\u201cEl s\u0259n\u0259ti\u201d I Bak\u0131 Beyn\u0259lxalq \u018fn\u0259n\u0259vi S\u0259n\u0259tkarl\u0131q Festival\u0131n\u0131n a\u00e7\u0131l\u0131\u015f m\u0259rasimi ke\u00e7irilib. ARANTV.AZ\u00a0\u00a0x\u0259b\u0259r verir ki, a\u00e7\u0131l\u0131\u015f m\u0259rasimind\u0259 M\u0259d\u0259niyy\u0259t naziri \u018fb\u00fclf\u0259z Qarayev, \u201c\u0130\u00e7\u0259ri\u015f\u0259h\u0259r\u201d D\u00f6vl\u0259t Tarix-Memarl\u0131q Qoruq \u0130dar\u0259sinin (DTMQ\u0130) r\u0259isi \u018fsg\u0259r \u018fl\u0259kb\u0259rov, Qafqaz M\u00fcs\u0259lmanlar\u0131 \u0130dar\u0259sinin (QM\u0130) s\u0259dri \u015eeyx\u00fclislam Allah\u015f\u00fck\u00fcr Pa\u015fazad\u0259, T\u00fcrkiy\u0259nin Az\u0259rbaycandak\u0131 s\u0259firi Erkan \u00d6zoral v\u0259 bir \u00e7ox h\u00f6kum\u0259t r\u0259smil\u0259ri il\u0259 yana\u015f\u0131, daha 35 m\u00fcs\u0259lman \u00f6lk\u0259sind\u0259n n\u00fcmay\u0259nd\u0259 hey\u0259ti&hellip;","_links":{"self":[{"href":"https:\/\/arantv.az\/index.php?rest_route=\/wp\/v2\/posts\/82194"}],"collection":[{"href":"https:\/\/arantv.az\/index.php?rest_route=\/wp\/v2\/posts"}],"about":[{"href":"https:\/\/arantv.az\/index.php?rest_route=\/wp\/v2\/types\/post"}],"author":[{"embeddable":true,"href":"https:\/\/arantv.az\/index.php?rest_route=\/wp\/v2\/users\/2"}],"replies":[{"embeddable":true,"href":"https:\/\/arantv.az\/index.php?rest_route=%2Fwp%2Fv2%2Fcomments&post=82194"}],"version-history":[{"count":0,"href":"https:\/\/arantv.az\/index.php?rest_route=\/wp\/v2\/posts\/82194\/revisions"}],"wp:featuredmedia":[{"embeddable":true,"href":"https:\/\/arantv.az\/index.php?rest_route=\/wp\/v2\/media\/82195"}],"wp:attachment":[{"href":"https:\/\/arantv.az\/index.php?rest_route=%2Fwp%2Fv2%2Fmedia&parent=82194"}],"wp:term":[{"taxonomy":"category","embeddable":true,"href":"https:\/\/arantv.az\/index.php?rest_route=%2Fwp%2Fv2%2Fcategories&post=82194"},{"taxonomy":"post_tag","embeddable":true,"href":"https:\/\/arantv.az\/index.php?rest_route=%2Fwp%2Fv2%2Ftags&post=82194"}],"curies":[{"name":"wp","href":"https:\/\/api.w.org\/{rel}","templated":true}]}}