{"id":82215,"date":"2019-09-28T14:42:37","date_gmt":"2019-09-28T11:42:37","guid":{"rendered":"http:\/\/arantv.az\/?p=82215"},"modified":"2019-09-28T14:42:37","modified_gmt":"2019-09-28T11:42:37","slug":"prezident-elman-rust%c9%99movu-t%c9%99ltif-etdi","status":"publish","type":"post","link":"https:\/\/arantv.az\/?p=82215","title":{"rendered":"Prezident Elman R\u00fcst\u0259movu t\u0259ltif etdi"},"content":{"rendered":"<p>Az\u0259rbaycan Prezidenti \u0130lham \u018fliyev M\u0259rk\u0259zi Bank\u0131n s\u0259dri Elman R\u00fcst\u0259movu t\u0259ltif edib.<\/p>\n<div id=\"AdviadNativeVideo0\" class=\"AdviadNativeVideo\"><\/div>\n<p><strong>ARANTV.AZ<\/strong> x\u0259b\u0259r verir ki, s\u0259r\u0259ncama \u0259sas\u0259n, Az\u0259rbaycanda m\u0259rk\u0259zi bank\u00e7\u0131l\u0131\u011f\u0131n yaranmas\u0131n\u0131n 100 illiyi m\u00fcnasib\u0259til\u0259 v\u0259 bank i\u015finin inki\u015faf etdirilm\u0259sind\u0259ki xidm\u0259tl\u0259rin\u0259 g\u00f6r\u0259 R\u00fcst\u0259mov Elman Sirac o\u011flu 1-ci d\u0259r\u0259c\u0259li \u201cV\u0259t\u0259n\u0259 xidm\u0259t\u0259 g\u00f6r\u0259\u201d ordeni il\u0259 t\u0259ltif olunub.<\/p>\n<p>Xat\u0131rladaq ki, E.R\u00fcst\u0259mov 2010 v\u0259 2015-ci ill\u0259rd\u0259 be\u015f\u00a0il m\u00fcdd\u0259tin\u0259 Az\u0259rbaycan Respublikas\u0131 M\u0259rk\u0259zi Bank\u0131n S\u0259dri v\u0259zif\u0259sin\u0259 t\u0259yin edilib.AZ\u018fRTAC<\/p>\n","protected":false},"excerpt":{"rendered":"<p>Az\u0259rbaycan Prezidenti \u0130lham \u018fliyev M\u0259rk\u0259zi Bank\u0131n s\u0259dri Elman R\u00fcst\u0259movu t\u0259ltif edib. ARANTV.AZ x\u0259b\u0259r verir ki, s\u0259r\u0259ncama \u0259sas\u0259n, Az\u0259rbaycanda m\u0259rk\u0259zi bank\u00e7\u0131l\u0131\u011f\u0131n yaranmas\u0131n\u0131n 100 illiyi m\u00fcnasib\u0259til\u0259 v\u0259 bank i\u015finin inki\u015faf etdirilm\u0259sind\u0259ki xidm\u0259tl\u0259rin\u0259 g\u00f6r\u0259 R\u00fcst\u0259mov Elman Sirac o\u011flu 1-ci d\u0259r\u0259c\u0259li \u201cV\u0259t\u0259n\u0259 xidm\u0259t\u0259 g\u00f6r\u0259\u201d ordeni il\u0259 t\u0259ltif olunub. Xat\u0131rladaq ki, E.R\u00fcst\u0259mov 2010 v\u0259 2015-ci ill\u0259rd\u0259 be\u015f\u00a0il m\u00fcdd\u0259tin\u0259 Az\u0259rbaycan Respublikas\u0131 M\u0259rk\u0259zi Bank\u0131n S\u0259dri v\u0259zif\u0259sin\u0259 t\u0259yin edilib.AZ\u018fRTAC<\/p>\n","protected":false},"author":2,"featured_media":82216,"comment_status":"closed","ping_status":"closed","sticky":false,"template":"","format":"standard","meta":{"om_disable_all_campaigns":false,"_monsterinsights_skip_tracking":false,"_monsterinsights_sitenote_active":false,"_monsterinsights_sitenote_note":"","_monsterinsights_sitenote_category":0},"categories":[4],"tags":[],"aioseo_notices":[],"gutentor_comment":0,"rttpg_featured_image_url":{"full":["https:\/\/arantv.az\/wp-content\/uploads\/2019\/09\/elman.jpg",620,413,false],"landscape":["https:\/\/arantv.az\/wp-content\/uploads\/2019\/09\/elman.jpg",620,413,false],"portraits":["https:\/\/arantv.az\/wp-content\/uploads\/2019\/09\/elman.jpg",620,413,false],"thumbnail":["https:\/\/arantv.az\/wp-content\/uploads\/2019\/09\/elman-150x150.jpg",150,150,true],"medium":["https:\/\/arantv.az\/wp-content\/uploads\/2019\/09\/elman-300x200.jpg",300,200,true],"large":["https:\/\/arantv.az\/wp-content\/uploads\/2019\/09\/elman.jpg",620,413,false],"1536x1536":["https:\/\/arantv.az\/wp-content\/uploads\/2019\/09\/elman.jpg",620,413,false],"2048x2048":["https:\/\/arantv.az\/wp-content\/uploads\/2019\/09\/elman.jpg",620,413,false],"post-thumbnail":["https:\/\/arantv.az\/wp-content\/uploads\/2019\/09\/elman-240x172.jpg",240,172,true],"advps-thumb-one":["https:\/\/arantv.az\/wp-content\/uploads\/2019\/09\/elman.jpg",620,413,false]},"rttpg_author":{"display_name":"V\u00fcsal Rafiqo\u011flu","author_link":"https:\/\/arantv.az\/?author=2"},"rttpg_comment":0,"rttpg_category":"<a href=\"https:\/\/arantv.az\/?cat=4\" rel=\"category\">Siyas\u0259t<\/a>","rttpg_excerpt":"Az\u0259rbaycan Prezidenti \u0130lham \u018fliyev M\u0259rk\u0259zi Bank\u0131n s\u0259dri Elman R\u00fcst\u0259movu t\u0259ltif edib. ARANTV.AZ x\u0259b\u0259r verir ki, s\u0259r\u0259ncama \u0259sas\u0259n, Az\u0259rbaycanda m\u0259rk\u0259zi bank\u00e7\u0131l\u0131\u011f\u0131n yaranmas\u0131n\u0131n 100 illiyi m\u00fcnasib\u0259til\u0259 v\u0259 bank i\u015finin inki\u015faf etdirilm\u0259sind\u0259ki xidm\u0259tl\u0259rin\u0259 g\u00f6r\u0259 R\u00fcst\u0259mov Elman Sirac o\u011flu 1-ci d\u0259r\u0259c\u0259li \u201cV\u0259t\u0259n\u0259 xidm\u0259t\u0259 g\u00f6r\u0259\u201d ordeni il\u0259 t\u0259ltif olunub. Xat\u0131rladaq ki, E.R\u00fcst\u0259mov 2010 v\u0259 2015-ci ill\u0259rd\u0259 be\u015f\u00a0il m\u00fcdd\u0259tin\u0259 Az\u0259rbaycan Respublikas\u0131&hellip;","_links":{"self":[{"href":"https:\/\/arantv.az\/index.php?rest_route=\/wp\/v2\/posts\/82215"}],"collection":[{"href":"https:\/\/arantv.az\/index.php?rest_route=\/wp\/v2\/posts"}],"about":[{"href":"https:\/\/arantv.az\/index.php?rest_route=\/wp\/v2\/types\/post"}],"author":[{"embeddable":true,"href":"https:\/\/arantv.az\/index.php?rest_route=\/wp\/v2\/users\/2"}],"replies":[{"embeddable":true,"href":"https:\/\/arantv.az\/index.php?rest_route=%2Fwp%2Fv2%2Fcomments&post=82215"}],"version-history":[{"count":0,"href":"https:\/\/arantv.az\/index.php?rest_route=\/wp\/v2\/posts\/82215\/revisions"}],"wp:featuredmedia":[{"embeddable":true,"href":"https:\/\/arantv.az\/index.php?rest_route=\/wp\/v2\/media\/82216"}],"wp:attachment":[{"href":"https:\/\/arantv.az\/index.php?rest_route=%2Fwp%2Fv2%2Fmedia&parent=82215"}],"wp:term":[{"taxonomy":"category","embeddable":true,"href":"https:\/\/arantv.az\/index.php?rest_route=%2Fwp%2Fv2%2Fcategories&post=82215"},{"taxonomy":"post_tag","embeddable":true,"href":"https:\/\/arantv.az\/index.php?rest_route=%2Fwp%2Fv2%2Ftags&post=82215"}],"curies":[{"name":"wp","href":"https:\/\/api.w.org\/{rel}","templated":true}]}}