{"id":822258,"date":"2025-08-23T11:34:36","date_gmt":"2025-08-23T07:34:36","guid":{"rendered":"https:\/\/arantv.az\/?p=822258"},"modified":"2025-08-23T11:34:36","modified_gmt":"2025-08-23T07:34:36","slug":"naxcivanda-xtq-veteranlari-s%c9%99hid-ail%c9%99l%c9%99ri-il%c9%99-isin-gucl%c9%99ndirilm%c9%99si-forumu-kecirildifoto","status":"publish","type":"post","link":"https:\/\/arantv.az\/?p=822258","title":{"rendered":"Nax\u00e7\u0131vanda \u201cXTQ veteranlar\u0131, \u015f\u0259hid ail\u0259l\u0259ri il\u0259 i\u015fin g\u00fccl\u0259ndirilm\u0259si\u201d Forumu ke\u00e7irildiFOTO"},"content":{"rendered":"<div class=\"text-content\" data-id=\"\" data-url=\"\">\n<p>22 avqust 2025-ci il tarixind\u0259 Nax\u00e7\u0131van \u015f\u0259h\u0259rind\u0259 Az\u0259rbaycan Respublikas\u0131n\u0131n Qeyri-H\u00f6kum\u0259t T\u0259\u015fkilatlar\u0131na D\u00f6vl\u0259t D\u0259st\u0259yi Agentliyinin maliyy\u0259 d\u0259st\u0259yi, \u201cX\u00fcsusi T\u0259yinatl\u0131lar\u0131n Qazil\u0259ri, \u015e\u0259hid Ail\u0259l\u0259ri v\u0259 Veteranlar\u0131\u201d \u0130ctimai Birliyinin t\u0259\u015fkilat\u00e7\u0131l\u0131\u011f\u0131 il\u0259 \u201c<strong>XTQ veteranlar\u0131, \u015f\u0259hid ail\u0259l\u0259ri il\u0259 i\u015fin g\u00fccl\u0259ndirilm\u0259si<\/strong>\u201d adl\u0131 forum u\u011furla ba\u015f tutdu. T\u0259dbir Az\u0259rbaycan v\u0259 T\u00fcrkiy\u0259d\u0259n olan qazi v\u0259 \u015f\u0259hid ail\u0259l\u0259rinin i\u015ftirak\u0131 il\u0259 h\u0259yata ke\u00e7irildi.<\/p>\n<p>Forum Az\u0259rbaycan v\u0259 T\u00fcrkiy\u0259 d\u00f6vl\u0259t himnl\u0259rinin s\u0259sl\u0259ndirilm\u0259si v\u0259 \u015f\u0259hidl\u0259rin \u0259ziz xatir\u0259sinin bir d\u0259qiq\u0259lik s\u00fckutla yad edilm\u0259si il\u0259 ba\u015flad\u0131. Ard\u0131nca t\u0259dbir \u00e7\u0259r\u00e7iv\u0259sind\u0259 d\u00f6vl\u0259t r\u0259smil\u0259ri, qazi v\u0259 \u015f\u0259hid ail\u0259l\u0259rinin n\u00fcmay\u0259nd\u0259l\u0259ri \u00e7\u0131x\u0131\u015f ed\u0259r\u0259k iki qarda\u015f xalq\u0131n birliyinin, h\u0259mr\u0259yliyinin v\u0259 f\u0259dakarl\u0131\u011f\u0131n\u0131n \u0259h\u0259miyy\u0259tini vur\u011fulad\u0131lar.<\/p>\n<p><strong>XTQ Qazil\u0259ri, \u015e\u0259hid Ail\u0259l\u0259ri v\u0259 Veteranlar\u0131 \u0130ctimai Birliyinin s\u0259dri B\u0259hruz M\u0259mm\u0259dzad\u0259<\/strong>\u00a0\u00e7\u0131x\u0131\u015f\u0131nda bildirdi ki, \u201cBu forum d\u00f6vl\u0259timizin d\u0259st\u0259yi il\u0259 bizim birliyimizin s\u0259sini d\u00fcnyaya \u00e7atd\u0131rmaq, \u015f\u0259hidl\u0259rimizin m\u00fcq\u0259dd\u0259s xatir\u0259sini ya\u015fatmaq v\u0259 qazil\u0259rimizin yan\u0131m\u0131zda oldu\u011funu g\u00f6st\u0259rm\u0259k bax\u0131m\u0131ndan m\u00fch\u00fcm \u0259h\u0259miyy\u0259t da\u015f\u0131y\u0131r. Biz inan\u0131r\u0131q ki, bu kimi t\u0259dbirl\u0259r g\u0259l\u0259c\u0259kd\u0259 daha g\u00fccl\u00fc h\u0259mr\u0259ylik v\u0259 sosial d\u0259st\u0259k mexanizml\u0259rinin qurulmas\u0131na yol a\u00e7acaq.\u201d<\/p>\n<p><strong>Milli M\u0259clisin deputat\u0131 V\u00fcqar R\u0259himzad\u0259<\/strong>\u00a0vur\u011fulad\u0131 ki, \u201c\u015e\u0259hidl\u0259rimizin v\u0259 qazil\u0259rimizin q\u0259hr\u0259manl\u0131\u011f\u0131 Az\u0259rbaycan d\u00f6vl\u0259tinin v\u0259 xalq\u0131n\u0131n g\u00fcc\u00fcn\u00fcn \u0259sas daya\u011f\u0131d\u0131r. Bu forum da h\u0259min d\u0259y\u0259rl\u0259rin ya\u015fad\u0131lmas\u0131 \u00fc\u00e7\u00fcn vacib add\u0131md\u0131r. Biz onlar\u0131n q\u0259hr\u0259manl\u0131\u011f\u0131n\u0131 yaln\u0131z xat\u0131rlamamal\u0131, h\u0259m d\u0259 g\u00fcnd\u0259lik h\u0259yat\u0131m\u0131zda g\u0259nc n\u0259sl\u0259 \u00f6t\u00fcrm\u0259liyik.\u201d<\/p>\n<p><strong>T\u00fcrkiy\u0259 Respublikas\u0131n\u0131n Nax\u00e7\u0131vandak\u0131 Ba\u015f konsulu Asip Kaya<\/strong>\u00a0qeyd etdi ki, \u201cT\u00fcrkiy\u0259 v\u0259 Az\u0259rbaycan aras\u0131ndak\u0131 qarda\u015fl\u0131q, x\u00fcsus\u0259n d\u0259 \u015f\u0259hid ail\u0259l\u0259ri v\u0259 qazil\u0259rimizin birliyi \u00fcz\u0259rind\u0259 daha da m\u00f6hk\u0259ml\u0259nir. Bu forum qarda\u015f \u00f6lk\u0259l\u0259rimiz aras\u0131ndak\u0131 sars\u0131lmaz ba\u011flar\u0131n bariz n\u00fcmun\u0259sidir.\u201d<\/p>\n<p><strong>Milli M\u0259clisin deputat\u0131 El\u00e7in Mirz\u0259b\u0259yli<\/strong>\u00a0bildirdi ki, \u201cBizim borcumuz \u015f\u0259hidl\u0259rin ail\u0259l\u0259rin\u0259 v\u0259 qazil\u0259rimiz\u0259 sahib \u00e7\u0131xmaqd\u0131r. Onlar\u0131n f\u0259dakarl\u0131\u011f\u0131 m\u00fcst\u0259qilliyimizin t\u0259minat\u0131d\u0131r. D\u00f6vl\u0259t v\u0259 c\u0259miyy\u0259t olaraq bu d\u0259y\u0259rl\u0259r\u0259 sahib \u00e7\u0131xmaq g\u0259l\u0259c\u0259k \u00fc\u00e7\u00fcn \u0259n b\u00f6y\u00fck z\u0259man\u0259tdir.\u201d<\/p>\n<p><strong>Nax\u00e7\u0131van qazil\u0259ri \u0130B s\u0259dri, qazi T\u0259briz Zeynalov<\/strong>\u00a0dedi ki, \u201cQazil\u0259r olaraq bu forumda i\u015ftirak etm\u0259k biz\u0259 g\u00fcc v\u0259 stimul verir. Bizim birliyimiz h\u0259mr\u0259yliyimizdir v\u0259 bu h\u0259mr\u0259ylik bizi h\u0259r zaman daha da m\u00f6hk\u0259ml\u0259ndirir.\u201d<\/p>\n<p><strong>Qars \u015e\u0259hid v\u0259 Qazil\u0259r D\u0259rn\u0259yinin ba\u015fqan\u0131 Muhsin A\u011f\u00e7ay<\/strong>\u00a0\u00e7\u0131x\u0131\u015f\u0131nda bildirdi ki, \u201cAz\u0259rbaycan v\u0259 T\u00fcrkiy\u0259 \u015f\u0259hidl\u0259rinin qan\u0131 bu torpaqlarda qarda\u015fl\u0131\u011f\u0131m\u0131z\u0131 \u0259b\u0259di olaraq m\u00f6h\u00fcrl\u0259yib. Bu birlik g\u0259l\u0259c\u0259k n\u0259sill\u0259r\u0259 miras qoyaca\u011f\u0131m\u0131z \u0259n b\u00f6y\u00fck d\u0259y\u0259rdir.\u201d<\/p>\n<p><strong>\u015e\u0259hid P\u0259nc\u0259li Teymurovun anas\u0131 Vahim\u0259 ana<\/strong>\u00a0g\u00f6z ya\u015flar\u0131 i\u00e7ind\u0259 bildirdi ki, \u201c\u015e\u0259hid analar\u0131 olaraq q\u00fcrurluyuq. \u00d6vladlar\u0131m\u0131z\u0131 V\u0259t\u0259n \u00fc\u00e7\u00fcn qurban verdik, bu birlik biz\u0259 t\u0259s\u0259lli verir. Bizim ac\u0131m\u0131z b\u00f6y\u00fckd\u00fcr, amma bu kimi t\u0259dbirl\u0259r o d\u0259rdi y\u00fcng\u00fcll\u0259\u015fdirir.\u201d<\/p>\n<p><strong>Nax\u00e7\u0131van \u015e\u0259hid Ail\u0259l\u0259ri \u0130B s\u0259dri, \u015f\u0259hid atas\u0131 Mais G\u00fclm\u0259mm\u0259dov<\/strong>\u00a0qeyd etdi ki, \u201c\u015e\u0259hid ail\u0259l\u0259rinin yan\u0131nda olmaq, onlar\u0131n d\u0259rdini b\u00f6l\u00fc\u015fm\u0259k ham\u0131m\u0131z\u0131n m\u0259n\u0259vi borcudur. Biz bu birliyi ya\u015fatd\u0131qca \u00f6vladlar\u0131m\u0131z\u0131n xatir\u0259si d\u0259 daim ya\u015fayacaq.\u201d<\/p>\n<p><strong>Ali M\u0259clisin deputat\u0131, \u015f\u0259hid qarda\u015f\u0131 \u00dczeyir M\u0259mm\u0259dov<\/strong>\u00a0dedi ki, \u201c\u015e\u0259hid qarda\u015f\u0131 olmaq m\u0259suliyy\u0259tdir. Bu m\u0259suliyy\u0259t bizi h\u0259r zaman xalq\u0131m\u0131za xidm\u0259t\u0259 s\u00f6vq edir v\u0259 bu yolda f\u0259dakarl\u0131qdan \u00e7\u0259kinmirik.\u201d<\/p>\n<p><strong>Nax\u00e7\u0131van Muxtar Respublikas\u0131 M\u0259d\u0259niyy\u0259t Nazirliyinin \u0259m\u0259kda\u015f\u0131 Piri Na\u011f\u0131yev<\/strong>\u00a0\u00e7\u0131x\u0131\u015f\u0131nda qeyd etdi ki,\u00a0<em>\u201cM\u0259d\u0259niyy\u0259t xalq\u0131n yadda\u015f\u0131 v\u0259 ruhudur. Bu forum bir daha g\u00f6st\u0259rir ki, \u015f\u0259hidl\u0259rimizin v\u0259 qazil\u0259rimizin irsi yaln\u0131z tarixd\u0259 deyil, h\u0259m d\u0259 m\u0259d\u0259niyy\u0259timizd\u0259, g\u00fcnd\u0259lik h\u0259yat\u0131m\u0131zda ya\u015fay\u0131r. Biz m\u0259d\u0259niyy\u0259t vasit\u0259sil\u0259 h\u0259m onlar\u0131n xatir\u0259sini ya\u015fad\u0131r, h\u0259m d\u0259 g\u0259l\u0259c\u0259k n\u0259sill\u0259r\u0259 q\u0259hr\u0259manl\u0131q n\u00fcmun\u0259sini \u00f6t\u00fcr\u00fcr\u00fck.\u201d<\/em><\/p>\n<p><strong>\u0130ki \u00f6vlad\u0131n\u0131 V\u0259t\u0259n u\u011frunda qurban ver\u0259n \u015f\u0259hid anas\u0131 Ziba xan\u0131m<\/strong>\u00a0\u00e7\u0131x\u0131\u015f\u0131nda bildirdi ki,\u00a0<em>\u201cM\u0259nim iki o\u011flum V\u0259t\u0259n u\u011frunda canlar\u0131n\u0131 f\u0259da edib. Onlar\u0131n itkisi a\u011f\u0131r d\u0259rd olsa da, V\u0259t\u0259nimizin azadl\u0131\u011f\u0131 v\u0259 b\u00fct\u00f6vl\u00fcy\u00fc \u00fc\u00e7\u00fcn bu qurban\u0131 verm\u0259kd\u0259n q\u00fcrur duyuram. Bu kimi t\u0259dbirl\u0259r \u015f\u0259hid analar\u0131n\u0131n s\u0259sini duyurur, d\u0259rdimizi payla\u015f\u0131r v\u0259 biz\u0259 t\u0259s\u0259lli verir. M\u0259n b\u00fct\u00fcn \u015f\u0259hid analar\u0131 ad\u0131ndan bu birliy\u0259 g\u00f6r\u0259 t\u0259\u015f\u0259kk\u00fcr edir\u0259m.\u201d<\/em><\/p>\n<p><strong>T\u00fcrkiy\u0259 M\u00fcharib\u0259 Qazil\u0259ri D\u0259rn\u0259yi, Do\u011fu Beyazit \u015f\u00f6b\u0259sinin s\u0259dri R\u0259sul \u0130lhan<\/strong>\u00a0bildirdi ki, \u201cBu forum h\u0259m qarda\u015fl\u0131\u011f\u0131m\u0131z\u0131n, h\u0259m d\u0259 birg\u0259 g\u0259l\u0259c\u0259yimizin m\u00f6hk\u0259ml\u0259ndirilm\u0259sind\u0259 m\u00fch\u00fcm rol oynay\u0131r. Qazil\u0259r olaraq bu birliyin davaml\u0131 olmas\u0131na d\u0259st\u0259k verm\u0259y\u0259 haz\u0131r\u0131q.\u201d<\/p>\n<p>T\u0259dbir \u00e7\u0259r\u00e7iv\u0259sind\u0259 plaketl\u0259rin t\u0259qdimat\u0131, xatir\u0259 fotosu, m\u0259d\u0259niyy\u0259t proqram\u0131 v\u0259 nahar m\u0259rasimi t\u0259\u015fkil olundu. Forum i\u015ftirak\u00e7\u0131lar aras\u0131nda dostluq, h\u0259mr\u0259ylik v\u0259 qar\u015f\u0131l\u0131ql\u0131 d\u0259st\u0259k m\u00fcnasib\u0259tl\u0259rinin daha da g\u00fccl\u0259ndirilm\u0259si il\u0259 yadda qald\u0131.<\/p>\n<p>M\u0259lumat \u00fc\u00e7\u00fcn bildiririk ki, 23 avqust tarixind\u0259 Az\u0259rbaycan v\u0259 T\u00fcrkiy\u0259d\u0259n olan \u015f\u0259hid v\u0259 qazi ail\u0259l\u0259ri \u00fc\u00e7\u00fcn Nax\u00e7\u0131van \u015f\u0259h\u0259rinin m\u0259d\u0259ni abid\u0259l\u0259rin\u0259 infotur t\u0259\u015fkil olunacaq.<\/p>\n<div id=\"jwplayer_video_1\" class=\"jwplayer jw-reset jw-state-idle jw-skin-seven jw-stretch-uniform jw-breakpoint-4 jw-flag-user-inactive\" tabindex=\"0\">\n<div class=\"jw-media jw-reset\"><\/div>\n<div class=\"jw-preview jw-reset\"><\/div>\n<div class=\"jw-overlays jw-reset\">\n<div id=\"jwplayer_video_1_jwpsrv\" class=\"jw-plugin jw-reset\"><\/div>\n<div id=\"jwplayer_video_1_related\" class=\"jw-plugin jw-reset jw-plugin-related\"><\/div>\n<\/div>\n<div class=\"jw-controls jw-reset\">\n<div class=\"jw-display-icon-container jw-background-color jw-reset\">\n<div class=\"jw-icon jw-icon-display jw-button-color jw-reset\" tabindex=\"0\" role=\"button\" aria-label=\"Start playback\"><\/div>\n<\/div>\n<div class=\"jw-controls-right jw-reset\">\n<div class=\"jw-dock jw-reset\"><\/div>\n<\/div>\n<div class=\"jw-nextup-container jw-reset\">\n<div class=\"jw-nextup jw-reset\">\n<div class=\"jw-nextup-tooltip jw-reset\">\n<div class=\"jw-nextup-header jw-reset\"><\/div>\n<div class=\"jw-nextup-body jw-background-color jw-reset\">\n<div class=\"jw-nextup-title jw-reset\"><\/div>\n<\/div>\n<\/div>\n<p><button class=\"jw-nextup-close\" aria-label=\"Next Up Close\"><\/button><\/div>\n<\/div>\n<\/div>\n<div class=\"afs_ads\"><\/div>\n<\/div>\n<\/div>\n<div>\n<div class=\"form-group\"><img class=\"img-responsive\" src=\"https:\/\/cdn.musavat.com\/news\/images\/TURAN%20ORUC\/2e1e3d62-252a-4b0b-8309-a7eff4ba7190.jpg\" \/><\/div>\n<div class=\"form-group\"><img class=\"img-responsive\" src=\"https:\/\/cdn.musavat.com\/news\/images\/TURAN%20ORUC\/64cb5f13-a229-46b3-8cba-4cc08683450b.jpg\" \/><\/div>\n<div class=\"form-group\"><img class=\"img-responsive\" src=\"https:\/\/cdn.musavat.com\/news\/images\/TURAN%20ORUC\/aca31bc1-51d1-406f-b694-66c9203e8762.jpg\" \/><\/div>\n<div class=\"form-group\"><img class=\"img-responsive\" src=\"https:\/\/cdn.musavat.com\/news\/images\/TURAN%20ORUC\/ff394ca0-b294-410f-a885-99830b0aae4a.jpg\" \/><\/div>\n<div class=\"form-group\"><img class=\"img-responsive\" src=\"https:\/\/cdn.musavat.com\/news\/images\/TURAN%20ORUC\/aa720998-2f99-432c-ae46-958b840245c9.jpg\" \/><\/div>\n<div class=\"form-group\"><img class=\"img-responsive\" src=\"https:\/\/cdn.musavat.com\/news\/images\/TURAN%20ORUC\/f330b427-b18c-4fbe-ba4e-45cd5f69a918.jpg\" \/><\/div>\n<div class=\"form-group\"><img class=\"img-responsive\" src=\"https:\/\/cdn.musavat.com\/news\/images\/TURAN%20ORUC\/da0239c3-1cfd-4443-9ef4-b7b1112105e0.jpg\" \/><\/div>\n<div class=\"form-group\"><img class=\"img-responsive\" src=\"https:\/\/cdn.musavat.com\/news\/images\/TURAN%20ORUC\/2a324d5f-b366-489d-8dd9-bbfa2dc1fea4.jpg\" \/><\/div>\n<div class=\"form-group\"><img class=\"img-responsive\" src=\"https:\/\/cdn.musavat.com\/news\/images\/TURAN%20ORUC\/3dc5a6da-44a1-4355-a18a-9deb044743c5.jpg\" \/><\/div>\n<div class=\"form-group\"><img class=\"img-responsive\" src=\"https:\/\/cdn.musavat.com\/news\/images\/TURAN%20ORUC\/0f5d4408-3109-4b80-94da-58873988cd3e.jpg\" \/><\/div>\n<div class=\"form-group\"><img class=\"img-responsive\" src=\"https:\/\/cdn.musavat.com\/news\/images\/TURAN%20ORUC\/6b516846-0e18-442c-a32d-9cef31710184.jpg\" \/><\/div>\n<div class=\"form-group\"><img class=\"img-responsive\" src=\"https:\/\/cdn.musavat.com\/news\/images\/TURAN%20ORUC\/f9e8c156-320d-4902-81b3-f0df3d3e767a.jpg\" \/><\/div>\n<div class=\"form-group\"><img class=\"img-responsive\" src=\"https:\/\/cdn.musavat.com\/news\/images\/TURAN%20ORUC\/975d0b2a-2163-4b54-b2e2-a57252e24521.jpg\" \/><\/div>\n<div class=\"form-group\"><img class=\"img-responsive\" src=\"https:\/\/cdn.musavat.com\/news\/images\/TURAN%20ORUC\/34bb58f8-58bc-4994-858c-45d84a4b1393.jpg\" \/><\/div>\n<div class=\"form-group\"><img class=\"img-responsive\" src=\"https:\/\/cdn.musavat.com\/news\/images\/TURAN%20ORUC\/1cb91f03-5ef8-4805-8317-7f643dc11e68.jpg\" \/><\/div>\n<div class=\"form-group\"><img class=\"img-responsive\" src=\"https:\/\/cdn.musavat.com\/news\/images\/TURAN%20ORUC\/af53aca2-2714-4a12-b1cf-40202ae9ae3f.jpg\" \/><\/div>\n<div class=\"form-group\"><img class=\"img-responsive\" src=\"https:\/\/cdn.musavat.com\/news\/images\/TURAN%20ORUC\/615178fa-4db6-423c-9da8-3c02ce09e33d.jpg\" \/><\/div>\n<div class=\"form-group\"><img class=\"img-responsive\" src=\"https:\/\/cdn.musavat.com\/news\/images\/TURAN%20ORUC\/a173cd18-28d5-4ca9-8b65-35ac4efda73b.jpg\" \/><\/div>\n<div class=\"form-group\"><img class=\"img-responsive\" src=\"https:\/\/cdn.musavat.com\/news\/images\/TURAN%20ORUC\/b97ca3f1-56f2-4d63-912b-087dd3975968.jpg\" \/><\/div>\n<div class=\"form-group\"><img class=\"img-responsive\" src=\"https:\/\/cdn.musavat.com\/news\/images\/TURAN%20ORUC\/8a682baf-45da-4f8c-8a1b-7bad8b70118c.jpg\" \/><\/div>\n<div class=\"form-group\"><img class=\"img-responsive\" src=\"https:\/\/cdn.musavat.com\/news\/images\/TURAN%20ORUC\/697d6a91-54bb-4c61-b600-a6bdb2860478.jpg\" \/><\/div>\n<div class=\"form-group\"><img class=\"img-responsive\" src=\"https:\/\/cdn.musavat.com\/news\/images\/TURAN%20ORUC\/d8cd13ac-581a-495e-a1d5-8946879f4518.jpg\" \/><\/div>\n<div class=\"form-group\"><img class=\"img-responsive\" src=\"https:\/\/cdn.musavat.com\/news\/images\/TURAN%20ORUC\/1a09d2a5-de98-4b63-97ea-f1df0cf4c9c7.jpg\" \/><\/div>\n<div class=\"form-group\"><img class=\"img-responsive\" src=\"https:\/\/cdn.musavat.com\/news\/images\/TURAN%20ORUC\/70c75962-7349-4150-a376-72cfa8195872.jpg\" \/><\/div>\n<div class=\"form-group\"><img class=\"img-responsive\" src=\"https:\/\/cdn.musavat.com\/news\/images\/TURAN%20ORUC\/5b2f4b0e-0bbf-4aff-b710-a7f81c393a6b.jpg\" \/><\/div>\n<div class=\"form-group\"><img class=\"img-responsive\" src=\"https:\/\/cdn.musavat.com\/news\/images\/TURAN%20ORUC\/0939a442-4caf-4989-b102-df3466e11ca2.jpg\" \/><\/div>\n<\/div>\n","protected":false},"excerpt":{"rendered":"<p>22 avqust 2025-ci il tarixind\u0259 Nax\u00e7\u0131van \u015f\u0259h\u0259rind\u0259 Az\u0259rbaycan Respublikas\u0131n\u0131n Qeyri-H\u00f6kum\u0259t T\u0259\u015fkilatlar\u0131na D\u00f6vl\u0259t D\u0259st\u0259yi Agentliyinin maliyy\u0259 d\u0259st\u0259yi, \u201cX\u00fcsusi T\u0259yinatl\u0131lar\u0131n Qazil\u0259ri, \u015e\u0259hid Ail\u0259l\u0259ri v\u0259 Veteranlar\u0131\u201d \u0130ctimai Birliyinin t\u0259\u015fkilat\u00e7\u0131l\u0131\u011f\u0131 il\u0259 \u201cXTQ veteranlar\u0131, \u015f\u0259hid ail\u0259l\u0259ri il\u0259 i\u015fin g\u00fccl\u0259ndirilm\u0259si\u201d adl\u0131 forum u\u011furla ba\u015f tutdu. T\u0259dbir Az\u0259rbaycan v\u0259 T\u00fcrkiy\u0259d\u0259n olan qazi v\u0259 \u015f\u0259hid ail\u0259l\u0259rinin i\u015ftirak\u0131 il\u0259 h\u0259yata ke\u00e7irildi. Forum Az\u0259rbaycan v\u0259 T\u00fcrkiy\u0259 d\u00f6vl\u0259t himnl\u0259rinin s\u0259sl\u0259ndirilm\u0259si v\u0259 \u015f\u0259hidl\u0259rin \u0259ziz xatir\u0259sinin bir d\u0259qiq\u0259lik s\u00fckutla yad edilm\u0259si il\u0259 ba\u015flad\u0131. Ard\u0131nca t\u0259dbir \u00e7\u0259r\u00e7iv\u0259sind\u0259 d\u00f6vl\u0259t r\u0259smil\u0259ri, qazi v\u0259 \u015f\u0259hid ail\u0259l\u0259rinin n\u00fcmay\u0259nd\u0259l\u0259ri \u00e7\u0131x\u0131\u015f ed\u0259r\u0259k iki qarda\u015f xalq\u0131n birliyinin, h\u0259mr\u0259yliyinin v\u0259 f\u0259dakarl\u0131\u011f\u0131n\u0131n \u0259h\u0259miyy\u0259tini&hellip;<\/p>\n","protected":false},"author":2,"featured_media":822259,"comment_status":"closed","ping_status":"closed","sticky":false,"template":"","format":"standard","meta":{"om_disable_all_campaigns":false,"_monsterinsights_skip_tracking":false,"_monsterinsights_sitenote_active":false,"_monsterinsights_sitenote_note":"","_monsterinsights_sitenote_category":0},"categories":[1],"tags":[],"aioseo_notices":[],"gutentor_comment":0,"rttpg_featured_image_url":{"full":["https:\/\/arantv.az\/wp-content\/uploads\/2025\/08\/2b4efcacb4b31f4565f4c45e3c84d840.jpg",870,500,false],"landscape":["https:\/\/arantv.az\/wp-content\/uploads\/2025\/08\/2b4efcacb4b31f4565f4c45e3c84d840.jpg",870,500,false],"portraits":["https:\/\/arantv.az\/wp-content\/uploads\/2025\/08\/2b4efcacb4b31f4565f4c45e3c84d840.jpg",870,500,false],"thumbnail":["https:\/\/arantv.az\/wp-content\/uploads\/2025\/08\/2b4efcacb4b31f4565f4c45e3c84d840-500x280.jpg",500,280,true],"medium":["https:\/\/arantv.az\/wp-content\/uploads\/2025\/08\/2b4efcacb4b31f4565f4c45e3c84d840-635x365.jpg",635,365,true],"large":["https:\/\/arantv.az\/wp-content\/uploads\/2025\/08\/2b4efcacb4b31f4565f4c45e3c84d840-840x483.jpg",640,368,true],"1536x1536":["https:\/\/arantv.az\/wp-content\/uploads\/2025\/08\/2b4efcacb4b31f4565f4c45e3c84d840.jpg",870,500,false],"2048x2048":["https:\/\/arantv.az\/wp-content\/uploads\/2025\/08\/2b4efcacb4b31f4565f4c45e3c84d840.jpg",870,500,false],"post-thumbnail":["https:\/\/arantv.az\/wp-content\/uploads\/2025\/08\/2b4efcacb4b31f4565f4c45e3c84d840-240x172.jpg",240,172,true],"advps-thumb-one":["https:\/\/arantv.az\/wp-content\/uploads\/2025\/08\/2b4efcacb4b31f4565f4c45e3c84d840.jpg",870,500,false]},"rttpg_author":{"display_name":"V\u00fcsal Rafiqo\u011flu","author_link":"https:\/\/arantv.az\/?author=2"},"rttpg_comment":0,"rttpg_category":"<a href=\"https:\/\/arantv.az\/?cat=1\" rel=\"category\">C\u0259miyy\u0259t<\/a>","rttpg_excerpt":"22 avqust 2025-ci il tarixind\u0259 Nax\u00e7\u0131van \u015f\u0259h\u0259rind\u0259 Az\u0259rbaycan Respublikas\u0131n\u0131n Qeyri-H\u00f6kum\u0259t T\u0259\u015fkilatlar\u0131na D\u00f6vl\u0259t D\u0259st\u0259yi Agentliyinin maliyy\u0259 d\u0259st\u0259yi, \u201cX\u00fcsusi T\u0259yinatl\u0131lar\u0131n Qazil\u0259ri, \u015e\u0259hid Ail\u0259l\u0259ri v\u0259 Veteranlar\u0131\u201d \u0130ctimai Birliyinin t\u0259\u015fkilat\u00e7\u0131l\u0131\u011f\u0131 il\u0259 \u201cXTQ veteranlar\u0131, \u015f\u0259hid ail\u0259l\u0259ri il\u0259 i\u015fin g\u00fccl\u0259ndirilm\u0259si\u201d adl\u0131 forum u\u011furla ba\u015f tutdu. T\u0259dbir Az\u0259rbaycan v\u0259 T\u00fcrkiy\u0259d\u0259n olan qazi v\u0259 \u015f\u0259hid ail\u0259l\u0259rinin i\u015ftirak\u0131 il\u0259 h\u0259yata ke\u00e7irildi. Forum Az\u0259rbaycan v\u0259&hellip;","_links":{"self":[{"href":"https:\/\/arantv.az\/index.php?rest_route=\/wp\/v2\/posts\/822258"}],"collection":[{"href":"https:\/\/arantv.az\/index.php?rest_route=\/wp\/v2\/posts"}],"about":[{"href":"https:\/\/arantv.az\/index.php?rest_route=\/wp\/v2\/types\/post"}],"author":[{"embeddable":true,"href":"https:\/\/arantv.az\/index.php?rest_route=\/wp\/v2\/users\/2"}],"replies":[{"embeddable":true,"href":"https:\/\/arantv.az\/index.php?rest_route=%2Fwp%2Fv2%2Fcomments&post=822258"}],"version-history":[{"count":2,"href":"https:\/\/arantv.az\/index.php?rest_route=\/wp\/v2\/posts\/822258\/revisions"}],"predecessor-version":[{"id":822261,"href":"https:\/\/arantv.az\/index.php?rest_route=\/wp\/v2\/posts\/822258\/revisions\/822261"}],"wp:featuredmedia":[{"embeddable":true,"href":"https:\/\/arantv.az\/index.php?rest_route=\/wp\/v2\/media\/822259"}],"wp:attachment":[{"href":"https:\/\/arantv.az\/index.php?rest_route=%2Fwp%2Fv2%2Fmedia&parent=822258"}],"wp:term":[{"taxonomy":"category","embeddable":true,"href":"https:\/\/arantv.az\/index.php?rest_route=%2Fwp%2Fv2%2Fcategories&post=822258"},{"taxonomy":"post_tag","embeddable":true,"href":"https:\/\/arantv.az\/index.php?rest_route=%2Fwp%2Fv2%2Ftags&post=822258"}],"curies":[{"name":"wp","href":"https:\/\/api.w.org\/{rel}","templated":true}]}}