{"id":822265,"date":"2025-08-23T11:36:47","date_gmt":"2025-08-23T07:36:47","guid":{"rendered":"https:\/\/arantv.az\/?p=822265"},"modified":"2025-08-23T11:36:47","modified_gmt":"2025-08-23T07:36:47","slug":"bu-gun-dovl%c9%99t-muhafiz%c9%99si-sah%c9%99sind%c9%99-calisan-%c9%99m%c9%99kdaslarin-pes%c9%99-bayramidir","status":"publish","type":"post","link":"https:\/\/arantv.az\/?p=822265","title":{"rendered":"Bu g\u00fcn d\u00f6vl\u0259t m\u00fchafiz\u0259si sah\u0259sind\u0259 \u00e7al\u0131\u015fan \u0259m\u0259kda\u015flar\u0131n pe\u015f\u0259 bayram\u0131d\u0131r"},"content":{"rendered":"<p>1993-c\u00fc ild\u0259 \u00dcmummilli Lider Heyd\u0259r \u018fliyevin m\u00fcvafiq F\u0259rman\u0131 il\u0259 Ali D\u00f6vl\u0259t Hakimiyy\u0259t v\u0259 \u0130dar\u0259etm\u0259 Orqanlar\u0131 Ba\u015f M\u00fchafiz\u0259 \u0130dar\u0259sinin yarad\u0131ld\u0131\u011f\u0131 g\u00fcn &#8211; avqustun 23-\u00fc \u00f6lk\u0259mizd\u0259 d\u00f6vl\u0259t m\u00fchafiz\u0259si sah\u0259sind\u0259 \u00e7al\u0131\u015fan \u0259m\u0259kda\u015flar\u0131n pe\u015f\u0259 bayram\u0131 g\u00fcn\u00fc kimi qeyd olunur.<\/p>\n<p><strong>ARANTV.AZ\u00a0 x\u0259b\u0259r verir ki,<\/strong>\u00a0Ulu \u00d6nd\u0259r Heyd\u0259r \u018fliyevin \u00f6lk\u0259mizd\u0259 d\u00f6vl\u0259t m\u00fchafiz\u0259 sistemi il\u0259 ba\u011fl\u0131 siyas\u0259tinin Prezident \u0130lham \u018fliyev t\u0259r\u0259find\u0259n u\u011furla davam etdirilm\u0259si n\u0259tic\u0259sind\u0259 bu sah\u0259 s\u00fcr\u0259tl\u0259 inki\u015faf edib.<\/p>\n<p>Prezident \u0130lham \u018fliyev 2025-ci il avqustun 22-d\u0259 \u201cAz\u0259rbaycan Respublikas\u0131 D\u00f6vl\u0259t M\u00fchafiz\u0259 Xidm\u0259tinin h\u0259rbi qulluq\u00e7ular\u0131n\u0131n t\u0259ltif edilm\u0259si haqq\u0131nda\u201d S\u0259r\u0259ncam imzalay\u0131b. S\u0259r\u0259ncama \u0259sas\u0259n, xidm\u0259ti v\u0259zif\u0259l\u0259rini yerin\u0259 yetir\u0259rk\u0259n f\u0259rql\u0259ndikl\u0259rin\u0259 g\u00f6r\u0259 3 n\u0259f\u0259r \u201cV\u0259t\u0259n u\u011frunda\u201d, 6 n\u0259f\u0259r \u201c\u0130gidliy\u0259 g\u00f6r\u0259\u201d, 27 n\u0259f\u0259r is\u0259 \u201cH\u0259rbi xidm\u0259tl\u0259r\u0259 g\u00f6r\u0259\u201d medal\u0131 il\u0259 t\u0259ltif olunub.<\/p>\n<p>Az\u0259rbaycan bir \u00e7ox \u0259sas t\u0259hl\u00fck\u0259sizlik parametrl\u0259rin\u0259 g\u00f6r\u0259 \u00f6nc\u00fcl m\u00f6vqey\u0259 y\u00fcks\u0259lib. D\u00f6vl\u0259t m\u00fchafiz\u0259 sah\u0259sinin \u00e7oxminli kollektivi onlara g\u00f6st\u0259ril\u0259n ali etimad\u0131 n\u00fcmun\u0259vi xidm\u0259tl\u0259ri il\u0259 daim \u0259n y\u00fcks\u0259k s\u0259viyy\u0259d\u0259 do\u011frultma\u011fa \u00e7al\u0131\u015f\u0131r, \u00f6lk\u0259mizin t\u0259hl\u00fck\u0259sizliyinin t\u0259min olunmas\u0131na \u00f6n\u0259mli t\u00f6hf\u0259l\u0259r verirl\u0259r. Onlar\u0131 pe\u015f\u0259 bayramlar\u0131 m\u00fcnasib\u0259til\u0259 t\u0259brik edir, u\u011furlu xidm\u0259t arzulay\u0131r\u0131q.<\/p>\n","protected":false},"excerpt":{"rendered":"<p>1993-c\u00fc ild\u0259 \u00dcmummilli Lider Heyd\u0259r \u018fliyevin m\u00fcvafiq F\u0259rman\u0131 il\u0259 Ali D\u00f6vl\u0259t Hakimiyy\u0259t v\u0259 \u0130dar\u0259etm\u0259 Orqanlar\u0131 Ba\u015f M\u00fchafiz\u0259 \u0130dar\u0259sinin yarad\u0131ld\u0131\u011f\u0131 g\u00fcn &#8211; avqustun 23-\u00fc \u00f6lk\u0259mizd\u0259 d\u00f6vl\u0259t m\u00fchafiz\u0259si sah\u0259sind\u0259 \u00e7al\u0131\u015fan \u0259m\u0259kda\u015flar\u0131n pe\u015f\u0259 bayram\u0131 g\u00fcn\u00fc kimi qeyd olunur. ARANTV.AZ\u00a0 x\u0259b\u0259r verir ki,\u00a0Ulu \u00d6nd\u0259r Heyd\u0259r \u018fliyevin \u00f6lk\u0259mizd\u0259 d\u00f6vl\u0259t m\u00fchafiz\u0259 sistemi il\u0259 ba\u011fl\u0131 siyas\u0259tinin Prezident \u0130lham \u018fliyev t\u0259r\u0259find\u0259n u\u011furla davam etdirilm\u0259si n\u0259tic\u0259sind\u0259 bu sah\u0259 s\u00fcr\u0259tl\u0259 inki\u015faf edib. Prezident \u0130lham \u018fliyev 2025-ci il avqustun 22-d\u0259 \u201cAz\u0259rbaycan Respublikas\u0131 D\u00f6vl\u0259t M\u00fchafiz\u0259 Xidm\u0259tinin h\u0259rbi qulluq\u00e7ular\u0131n\u0131n t\u0259ltif edilm\u0259si haqq\u0131nda\u201d S\u0259r\u0259ncam imzalay\u0131b. S\u0259r\u0259ncama \u0259sas\u0259n, xidm\u0259ti v\u0259zif\u0259l\u0259rini yerin\u0259 yetir\u0259rk\u0259n f\u0259rql\u0259ndikl\u0259rin\u0259 g\u00f6r\u0259 3&hellip;<\/p>\n","protected":false},"author":2,"featured_media":822266,"comment_status":"closed","ping_status":"closed","sticky":false,"template":"","format":"standard","meta":{"om_disable_all_campaigns":false,"_monsterinsights_skip_tracking":false,"_monsterinsights_sitenote_active":false,"_monsterinsights_sitenote_note":"","_monsterinsights_sitenote_category":0},"categories":[1],"tags":[],"aioseo_notices":[],"gutentor_comment":0,"rttpg_featured_image_url":{"full":["https:\/\/arantv.az\/wp-content\/uploads\/2025\/08\/03492e99175592989297021889610922557.jpg",975,540,false],"landscape":["https:\/\/arantv.az\/wp-content\/uploads\/2025\/08\/03492e99175592989297021889610922557.jpg",975,540,false],"portraits":["https:\/\/arantv.az\/wp-content\/uploads\/2025\/08\/03492e99175592989297021889610922557.jpg",975,540,false],"thumbnail":["https:\/\/arantv.az\/wp-content\/uploads\/2025\/08\/03492e99175592989297021889610922557-500x280.jpg",500,280,true],"medium":["https:\/\/arantv.az\/wp-content\/uploads\/2025\/08\/03492e99175592989297021889610922557-660x365.jpg",660,365,true],"large":["https:\/\/arantv.az\/wp-content\/uploads\/2025\/08\/03492e99175592989297021889610922557-840x465.jpg",640,354,true],"1536x1536":["https:\/\/arantv.az\/wp-content\/uploads\/2025\/08\/03492e99175592989297021889610922557.jpg",975,540,false],"2048x2048":["https:\/\/arantv.az\/wp-content\/uploads\/2025\/08\/03492e99175592989297021889610922557.jpg",975,540,false],"post-thumbnail":["https:\/\/arantv.az\/wp-content\/uploads\/2025\/08\/03492e99175592989297021889610922557-240x172.jpg",240,172,true],"advps-thumb-one":["https:\/\/arantv.az\/wp-content\/uploads\/2025\/08\/03492e99175592989297021889610922557.jpg",975,540,false]},"rttpg_author":{"display_name":"V\u00fcsal Rafiqo\u011flu","author_link":"https:\/\/arantv.az\/?author=2"},"rttpg_comment":0,"rttpg_category":"<a href=\"https:\/\/arantv.az\/?cat=1\" rel=\"category\">C\u0259miyy\u0259t<\/a>","rttpg_excerpt":"1993-c\u00fc ild\u0259 \u00dcmummilli Lider Heyd\u0259r \u018fliyevin m\u00fcvafiq F\u0259rman\u0131 il\u0259 Ali D\u00f6vl\u0259t Hakimiyy\u0259t v\u0259 \u0130dar\u0259etm\u0259 Orqanlar\u0131 Ba\u015f M\u00fchafiz\u0259 \u0130dar\u0259sinin yarad\u0131ld\u0131\u011f\u0131 g\u00fcn &#8211; avqustun 23-\u00fc \u00f6lk\u0259mizd\u0259 d\u00f6vl\u0259t m\u00fchafiz\u0259si sah\u0259sind\u0259 \u00e7al\u0131\u015fan \u0259m\u0259kda\u015flar\u0131n pe\u015f\u0259 bayram\u0131 g\u00fcn\u00fc kimi qeyd olunur. ARANTV.AZ\u00a0 x\u0259b\u0259r verir ki,\u00a0Ulu \u00d6nd\u0259r Heyd\u0259r \u018fliyevin \u00f6lk\u0259mizd\u0259 d\u00f6vl\u0259t m\u00fchafiz\u0259 sistemi il\u0259 ba\u011fl\u0131 siyas\u0259tinin Prezident \u0130lham \u018fliyev t\u0259r\u0259find\u0259n u\u011furla davam&hellip;","_links":{"self":[{"href":"https:\/\/arantv.az\/index.php?rest_route=\/wp\/v2\/posts\/822265"}],"collection":[{"href":"https:\/\/arantv.az\/index.php?rest_route=\/wp\/v2\/posts"}],"about":[{"href":"https:\/\/arantv.az\/index.php?rest_route=\/wp\/v2\/types\/post"}],"author":[{"embeddable":true,"href":"https:\/\/arantv.az\/index.php?rest_route=\/wp\/v2\/users\/2"}],"replies":[{"embeddable":true,"href":"https:\/\/arantv.az\/index.php?rest_route=%2Fwp%2Fv2%2Fcomments&post=822265"}],"version-history":[{"count":1,"href":"https:\/\/arantv.az\/index.php?rest_route=\/wp\/v2\/posts\/822265\/revisions"}],"predecessor-version":[{"id":822267,"href":"https:\/\/arantv.az\/index.php?rest_route=\/wp\/v2\/posts\/822265\/revisions\/822267"}],"wp:featuredmedia":[{"embeddable":true,"href":"https:\/\/arantv.az\/index.php?rest_route=\/wp\/v2\/media\/822266"}],"wp:attachment":[{"href":"https:\/\/arantv.az\/index.php?rest_route=%2Fwp%2Fv2%2Fmedia&parent=822265"}],"wp:term":[{"taxonomy":"category","embeddable":true,"href":"https:\/\/arantv.az\/index.php?rest_route=%2Fwp%2Fv2%2Fcategories&post=822265"},{"taxonomy":"post_tag","embeddable":true,"href":"https:\/\/arantv.az\/index.php?rest_route=%2Fwp%2Fv2%2Ftags&post=822265"}],"curies":[{"name":"wp","href":"https:\/\/api.w.org\/{rel}","templated":true}]}}