{"id":822268,"date":"2025-08-23T11:37:33","date_gmt":"2025-08-23T07:37:33","guid":{"rendered":"https:\/\/arantv.az\/?p=822268"},"modified":"2025-08-23T11:37:33","modified_gmt":"2025-08-23T07:37:33","slug":"il-beyn%c9%99lxalq-multikulturalizm-g%c9%99ncl%c9%99r-forumunun-istirakcilari-ulu-ond%c9%99rin-m%c9%99zarini-v%c9%99-s%c9%99hidl%c9%99r-xiyabanini-ziyar%c9%99t-edibl%c9%99r","status":"publish","type":"post","link":"https:\/\/arantv.az\/?p=822268","title":{"rendered":"Il Beyn\u0259lxalq Multikulturalizm G\u0259ncl\u0259r Forumunun i\u015ftirak\u00e7\u0131lar\u0131 Ulu \u00d6nd\u0259rin m\u0259zar\u0131n\u0131 v\u0259 \u015e\u0259hidl\u0259r xiyaban\u0131n\u0131 ziyar\u0259t edibl\u0259r"},"content":{"rendered":"<p>Bak\u0131 Beyn\u0259lxalq Multikulturalizm M\u0259rk\u0259zinin II Beyn\u0259lxalq Multikulturalizm G\u0259ncl\u0259r Forumunun i\u015ftirak\u00e7\u0131lar\u0131 avqustun 23-d\u0259 Ulu \u00d6nd\u0259r Heyd\u0259r \u018fliyevin m\u0259zar\u0131n\u0131 v\u0259 \u015e\u0259hidl\u0259r xiyaban\u0131n\u0131 ziyar\u0259t edibl\u0259r.<\/p>\n<p><strong>ARANTV.AZ\u00a0 x\u0259b\u0259r verir ki,<\/strong>\u00a0i\u015ftirak\u00e7\u0131lar \u0259vv\u0259lc\u0259 F\u0259xri xiyabana g\u0259l\u0259r\u0259k xalq\u0131m\u0131z\u0131n \u00dcmummilli Lideri, m\u00fcasir m\u00fcst\u0259qil Az\u0259rbaycan d\u00f6vl\u0259tinin memar\u0131 v\u0259 qurucusu Heyd\u0259r \u018fliyevin xatir\u0259sini d\u0259rin ehtiramla yad edib, m\u0259zar\u0131 \u00f6n\u00fcn\u0259 t\u0259r g\u00fcll\u0259r d\u00fcz\u00fcbl\u0259r.<\/p>\n<p>Sonra Ulu \u00d6nd\u0259rin \u00f6m\u00fcr-g\u00fcn yolda\u015f\u0131, oftalmoloq-alim, akademik Z\u0259rif\u0259 xan\u0131m \u018fliyevan\u0131n, g\u00f6rk\u0259mli d\u00f6vl\u0259t xadimi \u018fziz \u018fliyevin v\u0259 tan\u0131nm\u0131\u015f h\u0259kim, alim Tamerlan \u018fliyevin m\u0259zarlar\u0131n\u0131 ziyar\u0259t edib v\u0259 g\u00fcl d\u0259st\u0259l\u0259ri qoyublar.<\/p>\n<p>Beyn\u0259lxalq Multikulturalizm G\u0259ncl\u0259r Forumunun i\u015ftirak\u00e7\u0131lar\u0131, h\u0259m\u00e7inin \u015e\u0259hidl\u0259r xiyaban\u0131n\u0131 ziyar\u0259t edib, \u00f6lk\u0259mizin azadl\u0131\u011f\u0131 v\u0259 suverenliyi u\u011frunda m\u00fcbariz\u0259d\u0259 canlar\u0131ndan ke\u00e7mi\u015f q\u0259hr\u0259man V\u0259t\u0259n \u00f6vladlar\u0131n\u0131n xatir\u0259sini h\u00f6rm\u0259tl\u0259 an\u0131b, m\u0259zarlar\u0131 \u00fcz\u0259rin\u0259 t\u0259r \u00e7i\u00e7\u0259kl\u0259r qoyublar.<\/p>\n<p>Qeyd ed\u0259k ki, Bak\u0131 Beyn\u0259lxalq Multikulturalizm M\u0259rk\u0259zi ICESCO il\u0259 birg\u0259 avqustun 22-27-d\u0259 II Beyn\u0259lxalq Multikulturalizm G\u0259ncl\u0259r Forumunu ke\u00e7irir. Foruma d\u00fcnyan\u0131n 50-d\u0259n \u00e7ox \u00f6lk\u0259sind\u0259n 70-d\u0259k i\u015ftirak\u00e7\u0131 qat\u0131l\u0131b. Bak\u0131, Xank\u0259ndi v\u0259 \u015eu\u015fa \u015f\u0259h\u0259rl\u0259rind\u0259 ke\u00e7iril\u0259n Forum \u00e7\u0259r\u00e7iv\u0259sind\u0259 panel m\u00fczakir\u0259l\u0259ri, interaktiv sessiyalar v\u0259 t\u0259lim proqramlar\u0131n\u0131n t\u0259\u015fkili n\u0259z\u0259rd\u0259 tutulur. \u0130\u015ftirak\u00e7\u0131lar, eyni zamanda, Az\u0259rbaycan\u0131n i\u015f\u011faldan azad edil\u0259n tarixi torpaqlar\u0131nda m\u0259d\u0259ni irsin v\u0259ziyy\u0259ti v\u0259 apar\u0131lan quruculuq i\u015fl\u0259ri il\u0259 yax\u0131ndan tan\u0131\u015f olacaqlar.<\/p>\n","protected":false},"excerpt":{"rendered":"<p>Bak\u0131 Beyn\u0259lxalq Multikulturalizm M\u0259rk\u0259zinin II Beyn\u0259lxalq Multikulturalizm G\u0259ncl\u0259r Forumunun i\u015ftirak\u00e7\u0131lar\u0131 avqustun 23-d\u0259 Ulu \u00d6nd\u0259r Heyd\u0259r \u018fliyevin m\u0259zar\u0131n\u0131 v\u0259 \u015e\u0259hidl\u0259r xiyaban\u0131n\u0131 ziyar\u0259t edibl\u0259r. ARANTV.AZ\u00a0 x\u0259b\u0259r verir ki,\u00a0i\u015ftirak\u00e7\u0131lar \u0259vv\u0259lc\u0259 F\u0259xri xiyabana g\u0259l\u0259r\u0259k xalq\u0131m\u0131z\u0131n \u00dcmummilli Lideri, m\u00fcasir m\u00fcst\u0259qil Az\u0259rbaycan d\u00f6vl\u0259tinin memar\u0131 v\u0259 qurucusu Heyd\u0259r \u018fliyevin xatir\u0259sini d\u0259rin ehtiramla yad edib, m\u0259zar\u0131 \u00f6n\u00fcn\u0259 t\u0259r g\u00fcll\u0259r d\u00fcz\u00fcbl\u0259r. Sonra Ulu \u00d6nd\u0259rin \u00f6m\u00fcr-g\u00fcn yolda\u015f\u0131, oftalmoloq-alim, akademik Z\u0259rif\u0259 xan\u0131m \u018fliyevan\u0131n, g\u00f6rk\u0259mli d\u00f6vl\u0259t xadimi \u018fziz \u018fliyevin v\u0259 tan\u0131nm\u0131\u015f h\u0259kim, alim Tamerlan \u018fliyevin m\u0259zarlar\u0131n\u0131 ziyar\u0259t edib v\u0259 g\u00fcl d\u0259st\u0259l\u0259ri qoyublar. Beyn\u0259lxalq Multikulturalizm G\u0259ncl\u0259r Forumunun i\u015ftirak\u00e7\u0131lar\u0131, h\u0259m\u00e7inin \u015e\u0259hidl\u0259r xiyaban\u0131n\u0131 ziyar\u0259t edib,&hellip;<\/p>\n","protected":false},"author":2,"featured_media":822269,"comment_status":"closed","ping_status":"closed","sticky":false,"template":"","format":"standard","meta":{"om_disable_all_campaigns":false,"_monsterinsights_skip_tracking":false,"_monsterinsights_sitenote_active":false,"_monsterinsights_sitenote_note":"","_monsterinsights_sitenote_category":0},"categories":[1],"tags":[],"aioseo_notices":[],"gutentor_comment":0,"rttpg_featured_image_url":{"full":["https:\/\/arantv.az\/wp-content\/uploads\/2025\/08\/4dcae38e15638763516792357701092391.jpg",975,540,false],"landscape":["https:\/\/arantv.az\/wp-content\/uploads\/2025\/08\/4dcae38e15638763516792357701092391.jpg",975,540,false],"portraits":["https:\/\/arantv.az\/wp-content\/uploads\/2025\/08\/4dcae38e15638763516792357701092391.jpg",975,540,false],"thumbnail":["https:\/\/arantv.az\/wp-content\/uploads\/2025\/08\/4dcae38e15638763516792357701092391-500x280.jpg",500,280,true],"medium":["https:\/\/arantv.az\/wp-content\/uploads\/2025\/08\/4dcae38e15638763516792357701092391-660x365.jpg",660,365,true],"large":["https:\/\/arantv.az\/wp-content\/uploads\/2025\/08\/4dcae38e15638763516792357701092391-840x465.jpg",640,354,true],"1536x1536":["https:\/\/arantv.az\/wp-content\/uploads\/2025\/08\/4dcae38e15638763516792357701092391.jpg",975,540,false],"2048x2048":["https:\/\/arantv.az\/wp-content\/uploads\/2025\/08\/4dcae38e15638763516792357701092391.jpg",975,540,false],"post-thumbnail":["https:\/\/arantv.az\/wp-content\/uploads\/2025\/08\/4dcae38e15638763516792357701092391-240x172.jpg",240,172,true],"advps-thumb-one":["https:\/\/arantv.az\/wp-content\/uploads\/2025\/08\/4dcae38e15638763516792357701092391.jpg",975,540,false]},"rttpg_author":{"display_name":"V\u00fcsal Rafiqo\u011flu","author_link":"https:\/\/arantv.az\/?author=2"},"rttpg_comment":0,"rttpg_category":"<a href=\"https:\/\/arantv.az\/?cat=1\" rel=\"category\">C\u0259miyy\u0259t<\/a>","rttpg_excerpt":"Bak\u0131 Beyn\u0259lxalq Multikulturalizm M\u0259rk\u0259zinin II Beyn\u0259lxalq Multikulturalizm G\u0259ncl\u0259r Forumunun i\u015ftirak\u00e7\u0131lar\u0131 avqustun 23-d\u0259 Ulu \u00d6nd\u0259r Heyd\u0259r \u018fliyevin m\u0259zar\u0131n\u0131 v\u0259 \u015e\u0259hidl\u0259r xiyaban\u0131n\u0131 ziyar\u0259t edibl\u0259r. ARANTV.AZ\u00a0 x\u0259b\u0259r verir ki,\u00a0i\u015ftirak\u00e7\u0131lar \u0259vv\u0259lc\u0259 F\u0259xri xiyabana g\u0259l\u0259r\u0259k xalq\u0131m\u0131z\u0131n \u00dcmummilli Lideri, m\u00fcasir m\u00fcst\u0259qil Az\u0259rbaycan d\u00f6vl\u0259tinin memar\u0131 v\u0259 qurucusu Heyd\u0259r \u018fliyevin xatir\u0259sini d\u0259rin ehtiramla yad edib, m\u0259zar\u0131 \u00f6n\u00fcn\u0259 t\u0259r g\u00fcll\u0259r d\u00fcz\u00fcbl\u0259r. Sonra Ulu \u00d6nd\u0259rin&hellip;","_links":{"self":[{"href":"https:\/\/arantv.az\/index.php?rest_route=\/wp\/v2\/posts\/822268"}],"collection":[{"href":"https:\/\/arantv.az\/index.php?rest_route=\/wp\/v2\/posts"}],"about":[{"href":"https:\/\/arantv.az\/index.php?rest_route=\/wp\/v2\/types\/post"}],"author":[{"embeddable":true,"href":"https:\/\/arantv.az\/index.php?rest_route=\/wp\/v2\/users\/2"}],"replies":[{"embeddable":true,"href":"https:\/\/arantv.az\/index.php?rest_route=%2Fwp%2Fv2%2Fcomments&post=822268"}],"version-history":[{"count":1,"href":"https:\/\/arantv.az\/index.php?rest_route=\/wp\/v2\/posts\/822268\/revisions"}],"predecessor-version":[{"id":822270,"href":"https:\/\/arantv.az\/index.php?rest_route=\/wp\/v2\/posts\/822268\/revisions\/822270"}],"wp:featuredmedia":[{"embeddable":true,"href":"https:\/\/arantv.az\/index.php?rest_route=\/wp\/v2\/media\/822269"}],"wp:attachment":[{"href":"https:\/\/arantv.az\/index.php?rest_route=%2Fwp%2Fv2%2Fmedia&parent=822268"}],"wp:term":[{"taxonomy":"category","embeddable":true,"href":"https:\/\/arantv.az\/index.php?rest_route=%2Fwp%2Fv2%2Fcategories&post=822268"},{"taxonomy":"post_tag","embeddable":true,"href":"https:\/\/arantv.az\/index.php?rest_route=%2Fwp%2Fv2%2Ftags&post=822268"}],"curies":[{"name":"wp","href":"https:\/\/api.w.org\/{rel}","templated":true}]}}