{"id":823037,"date":"2025-08-28T08:11:06","date_gmt":"2025-08-28T04:11:06","guid":{"rendered":"https:\/\/arantv.az\/?p=823037"},"modified":"2025-08-28T08:11:06","modified_gmt":"2025-08-28T04:11:06","slug":"affa-prezidenti-qarabag-futbol-klubuna-yeni-q%c9%99l%c9%99b%c9%99l%c9%99r-dil%c9%99yir%c9%99m","status":"publish","type":"post","link":"https:\/\/arantv.az\/?p=823037","title":{"rendered":"AFFA prezidenti: &#8220;Qaraba\u011f&#8221; futbol klubuna yeni q\u0259l\u0259b\u0259l\u0259r dil\u0259yir\u0259m"},"content":{"rendered":"<p>AFFA prezidenti R\u00f6v\u015f\u0259n N\u0259c\u0259f &#8220;Qaraba\u011f&#8221;\u0131 UEFA \u00c7empionlar Liqas\u0131n\u0131n Liqa m\u0259rh\u0259l\u0259sin\u0259 v\u0259siq\u0259 qazanmas\u0131 m\u00fcnasib\u0259ti il\u0259 t\u0259brik edib.<\/p>\n<p>&#8220;Report&#8221; x\u0259b\u0259r verir ki, milli assosiasiyan\u0131n r\u0259hb\u0259ri bu bar\u0259d\u0259 sosial \u015f\u0259b\u0259k\u0259 hesab\u0131nda yaz\u0131b.<\/p>\n<p>&#8220;Qaraba\u011f&#8221; futbol klubunu tarixind\u0259 ikinci d\u0259f\u0259 UEFA \u00c7empionlar Liqas\u0131n\u0131n \u0259sas m\u0259rh\u0259l\u0259sind\u0259 i\u015ftirak haqq\u0131 qazanmas\u0131 m\u00fcnasib\u0259til\u0259 \u00fcr\u0259kd\u0259n t\u0259brik edir, yeni q\u0259l\u0259b\u0259l\u0259r dil\u0259yir\u0259m&#8221;, &#8211; qurumun prezidenti qeyd edib.<\/p>\n","protected":false},"excerpt":{"rendered":"<p>AFFA prezidenti R\u00f6v\u015f\u0259n N\u0259c\u0259f &#8220;Qaraba\u011f&#8221;\u0131 UEFA \u00c7empionlar Liqas\u0131n\u0131n Liqa m\u0259rh\u0259l\u0259sin\u0259 v\u0259siq\u0259 qazanmas\u0131 m\u00fcnasib\u0259ti il\u0259 t\u0259brik edib. &#8220;Report&#8221; x\u0259b\u0259r verir ki, milli assosiasiyan\u0131n r\u0259hb\u0259ri bu bar\u0259d\u0259 sosial \u015f\u0259b\u0259k\u0259 hesab\u0131nda yaz\u0131b. &#8220;Qaraba\u011f&#8221; futbol klubunu tarixind\u0259 ikinci d\u0259f\u0259 UEFA \u00c7empionlar Liqas\u0131n\u0131n \u0259sas m\u0259rh\u0259l\u0259sind\u0259 i\u015ftirak haqq\u0131 qazanmas\u0131 m\u00fcnasib\u0259til\u0259 \u00fcr\u0259kd\u0259n t\u0259brik edir, yeni q\u0259l\u0259b\u0259l\u0259r dil\u0259yir\u0259m&#8221;, &#8211; qurumun prezidenti qeyd edib.<\/p>\n","protected":false},"author":2,"featured_media":823038,"comment_status":"closed","ping_status":"closed","sticky":false,"template":"","format":"standard","meta":{"om_disable_all_campaigns":false,"_monsterinsights_skip_tracking":false,"_monsterinsights_sitenote_active":false,"_monsterinsights_sitenote_note":"","_monsterinsights_sitenote_category":0},"categories":[6],"tags":[],"aioseo_notices":[],"gutentor_comment":0,"rttpg_featured_image_url":{"full":["https:\/\/arantv.az\/wp-content\/uploads\/2025\/08\/98665a790266cd8e2a51badfcfb71362.jpg",824,500,false],"landscape":["https:\/\/arantv.az\/wp-content\/uploads\/2025\/08\/98665a790266cd8e2a51badfcfb71362.jpg",824,500,false],"portraits":["https:\/\/arantv.az\/wp-content\/uploads\/2025\/08\/98665a790266cd8e2a51badfcfb71362.jpg",824,500,false],"thumbnail":["https:\/\/arantv.az\/wp-content\/uploads\/2025\/08\/98665a790266cd8e2a51badfcfb71362-500x280.jpg",500,280,true],"medium":["https:\/\/arantv.az\/wp-content\/uploads\/2025\/08\/98665a790266cd8e2a51badfcfb71362-602x365.jpg",602,365,true],"large":["https:\/\/arantv.az\/wp-content\/uploads\/2025\/08\/98665a790266cd8e2a51badfcfb71362.jpg",640,388,false],"1536x1536":["https:\/\/arantv.az\/wp-content\/uploads\/2025\/08\/98665a790266cd8e2a51badfcfb71362.jpg",824,500,false],"2048x2048":["https:\/\/arantv.az\/wp-content\/uploads\/2025\/08\/98665a790266cd8e2a51badfcfb71362.jpg",824,500,false],"post-thumbnail":["https:\/\/arantv.az\/wp-content\/uploads\/2025\/08\/98665a790266cd8e2a51badfcfb71362-240x172.jpg",240,172,true],"advps-thumb-one":["https:\/\/arantv.az\/wp-content\/uploads\/2025\/08\/98665a790266cd8e2a51badfcfb71362.jpg",824,500,false]},"rttpg_author":{"display_name":"V\u00fcsal Rafiqo\u011flu","author_link":"https:\/\/arantv.az\/?author=2"},"rttpg_comment":0,"rttpg_category":"<a href=\"https:\/\/arantv.az\/?cat=6\" rel=\"category\">\u0130dman<\/a>","rttpg_excerpt":"AFFA prezidenti R\u00f6v\u015f\u0259n N\u0259c\u0259f &#8220;Qaraba\u011f&#8221;\u0131 UEFA \u00c7empionlar Liqas\u0131n\u0131n Liqa m\u0259rh\u0259l\u0259sin\u0259 v\u0259siq\u0259 qazanmas\u0131 m\u00fcnasib\u0259ti il\u0259 t\u0259brik edib. &#8220;Report&#8221; x\u0259b\u0259r verir ki, milli assosiasiyan\u0131n r\u0259hb\u0259ri bu bar\u0259d\u0259 sosial \u015f\u0259b\u0259k\u0259 hesab\u0131nda yaz\u0131b. &#8220;Qaraba\u011f&#8221; futbol klubunu tarixind\u0259 ikinci d\u0259f\u0259 UEFA \u00c7empionlar Liqas\u0131n\u0131n \u0259sas m\u0259rh\u0259l\u0259sind\u0259 i\u015ftirak haqq\u0131 qazanmas\u0131 m\u00fcnasib\u0259til\u0259 \u00fcr\u0259kd\u0259n t\u0259brik edir, yeni q\u0259l\u0259b\u0259l\u0259r dil\u0259yir\u0259m&#8221;, &#8211; qurumun prezidenti qeyd edib.","_links":{"self":[{"href":"https:\/\/arantv.az\/index.php?rest_route=\/wp\/v2\/posts\/823037"}],"collection":[{"href":"https:\/\/arantv.az\/index.php?rest_route=\/wp\/v2\/posts"}],"about":[{"href":"https:\/\/arantv.az\/index.php?rest_route=\/wp\/v2\/types\/post"}],"author":[{"embeddable":true,"href":"https:\/\/arantv.az\/index.php?rest_route=\/wp\/v2\/users\/2"}],"replies":[{"embeddable":true,"href":"https:\/\/arantv.az\/index.php?rest_route=%2Fwp%2Fv2%2Fcomments&post=823037"}],"version-history":[{"count":1,"href":"https:\/\/arantv.az\/index.php?rest_route=\/wp\/v2\/posts\/823037\/revisions"}],"predecessor-version":[{"id":823039,"href":"https:\/\/arantv.az\/index.php?rest_route=\/wp\/v2\/posts\/823037\/revisions\/823039"}],"wp:featuredmedia":[{"embeddable":true,"href":"https:\/\/arantv.az\/index.php?rest_route=\/wp\/v2\/media\/823038"}],"wp:attachment":[{"href":"https:\/\/arantv.az\/index.php?rest_route=%2Fwp%2Fv2%2Fmedia&parent=823037"}],"wp:term":[{"taxonomy":"category","embeddable":true,"href":"https:\/\/arantv.az\/index.php?rest_route=%2Fwp%2Fv2%2Fcategories&post=823037"},{"taxonomy":"post_tag","embeddable":true,"href":"https:\/\/arantv.az\/index.php?rest_route=%2Fwp%2Fv2%2Ftags&post=823037"}],"curies":[{"name":"wp","href":"https:\/\/api.w.org\/{rel}","templated":true}]}}