{"id":823040,"date":"2025-08-28T08:12:15","date_gmt":"2025-08-28T04:12:15","guid":{"rendered":"https:\/\/arantv.az\/?p=823040"},"modified":"2025-08-28T08:12:15","modified_gmt":"2025-08-28T04:12:15","slug":"qurban-qurbanov-qarabagin-q%c9%99l%c9%99b%c9%99sini-%c9%99n-cox-azarkesl%c9%99r-haqq-edirdil%c9%99r","status":"publish","type":"post","link":"https:\/\/arantv.az\/?p=823040","title":{"rendered":"Qurban Qurbanov: &#8220;Qaraba\u011f&#8221;\u0131n q\u0259l\u0259b\u0259sini \u0259n \u00e7ox azarke\u015fl\u0259r haqq edirdil\u0259r&#8221;"},"content":{"rendered":"<div class=\"text-content\" data-id=\"\" data-url=\"\">\n<p><strong>&#8220;Qaraba\u011f&#8221;\u0131n q\u0259l\u0259b\u0259sini \u0259n \u00e7ox azarke\u015fl\u0259r haqq edirdil\u0259r.<\/strong><\/p>\n<p>&#8220;Report&#8221; x\u0259b\u0259r verir ki, bunu &#8220;Qaraba\u011f&#8221;\u0131n ba\u015f m\u0259\u015fq\u00e7isi Qurban Qurbanov UEFA \u00c7empionlar Liqas\u0131n\u0131n pley-off m\u0259rh\u0259l\u0259sind\u0259 &#8220;Ferentsvaro\u015f&#8221;a (Macarstan) qar\u015f\u0131 ke\u00e7irdikl\u0259ri cavab oyundan sonra m\u0259tbuat konfrans\u0131nda deyib.<\/p>\n<p><strong>T\u0259cr\u00fcb\u0259li m\u00fct\u0259x\u0259ssis Liqa m\u0259rh\u0259l\u0259sin\u0259 yolland\u0131qlar\u0131 \u00fc\u00e7\u00fcn h\u0259dsiz sevincli olduqlar\u0131n\u0131 s\u00f6yl\u0259yib:<\/strong><\/p>\n<p>&#8220;G\u0259rgin oyuna \u015fahidlik etdik. Futbol\u00e7ular\u0131m b\u00f6y\u00fck nailiyy\u0259t t\u0259brik edir\u0259m. Sanki \u00e7oxdand\u0131r stadionda bu c\u00fcr atmosfer\u0259 \u015fahidlik etmirdim. Bu qalibiyy\u0259ti \u0259n \u00e7ox azarke\u015fl\u0259rimiz haqq edirdil\u0259r&#8221;.<\/p>\n<p><strong>O, Prezident \u0130lham \u018fliyevin t\u0259brikini sevincl\u0259 qar\u015f\u0131lad\u0131\u011f\u0131n\u0131 bildirib:<\/strong><\/p>\n<p>&#8220;Prezident \u0130lham \u018fliyev &#8220;Qaraba\u011f&#8221;\u0131 t\u0259brik edib. Bunu q\u00fcrur hissi il\u0259 qar\u015f\u0131lay\u0131ram. Bir daha g\u00f6rd\u00fck ki, \u00f6lk\u0259 ba\u015f\u00e7\u0131s\u0131 oyunlar\u0131m\u0131z\u0131 izl\u0259yir v\u0259 biz\u0259 d\u0259st\u0259k olur. M\u0259n d\u0259 \u00f6z n\u00f6vb\u0259md\u0259 bu q\u0259l\u0259b\u0259 m\u00fcnasib\u0259ti il\u0259 Prezident \u0130lham \u018fliyevi v\u0259 ail\u0259sini t\u0259brik edir\u0259m&#8221;.<\/p>\n<p><strong>Qurban Qurbanov Liqa m\u0259rh\u0259l\u0259sinin oyunlar\u0131n\u0131 Bak\u0131 Olimpiya Stadionunda ke\u00e7ir\u0259c\u0259kl\u0259rini istisna etm\u0259yib:<\/strong><\/p>\n<p>&#8220;Liqa m\u0259rh\u0259l\u0259sinin oyunlar\u0131n\u0131 hans\u0131 stadionda ke\u00e7ir\u0259c\u0259yimiz\u0259 q\u0259rar verm\u0259mi\u015fik. Mat\u00e7lar\u0131m\u0131z\u0131 Tofiq B\u0259hramov ad\u0131na Respublika stadionunda da davam etdir\u0259 bil\u0259rik. Lakin m\u0259sl\u0259h\u0259t olarsa Bak\u0131 Olimpiya Stadionundan da istifad\u0259 etm\u0259k m\u00fcmk\u00fcnd\u00fcr&#8221;.<\/p>\n<p><strong>Ba\u015f m\u0259\u015fq\u00e7i &#8220;Qaraba\u011f&#8221; futbol\u00e7ular\u0131n\u0131n oyundan \u00f6nc\u0259 g\u0259rgin olduqlar\u0131n\u0131 vur\u011fulay\u0131b:<\/strong><\/p>\n<p>&#8220;Son 3 g\u00fcn idi ki, futbol\u00e7ular\u0131n yan\u0131nda idim. onlar\u0131n nec\u0259 g\u0259rgin olduqlar\u0131n\u0131 hiss edirdim. H\u0259tta, futbol\u00e7ular\u0131ma soyuqqanl\u0131 olma\u011f\u0131 tap\u015f\u0131rm\u0131\u015fd\u0131m. Baxmayaraq ki, m\u0259nim \u00f6z\u00fcmd\u0259 d\u0259 g\u0259rginlik hiss olunurdu. \u015e\u00fck\u00fcrl\u0259r olsun ki, bu g\u00fcn onlar \u015firin m\u0259\u011flubiyy\u0259t ald\u0131lar. Onlar\u0131n h\u0259r birini ba\u011fr\u0131ma bas\u0131ram. Futbol\u00e7ular\u0131m\u0131z Liqa m\u0259rh\u0259l\u0259sind\u0259 oynama\u011f\u0131 tam haqq edirdil\u0259r&#8221;.<\/p>\n<p>Qeyd ed\u0259k ki, &#8220;Qaraba\u011f&#8221; &#8211; &#8221; Ferentsvaro\u015f &#8221; oyunu qonaqlar\u0131n 3:2 hesabl\u0131 q\u0259l\u0259b\u0259si il\u0259 bitib. S\u0259f\u0259rd\u0259ki ilk mat\u00e7da A\u011fdam t\u0259msil\u00e7isi 3:1 hesabl\u0131 q\u0259l\u0259b\u0259y\u0259 sevinmi\u015fdi.<\/p>\n<\/div>\n<div><\/div>\n<div><\/div>\n<div class=\"inner-social-box\">\n<div class=\"subs-in-social subs-whatsapp\"><\/div>\n<\/div>\n","protected":false},"excerpt":{"rendered":"<p>&#8220;Qaraba\u011f&#8221;\u0131n q\u0259l\u0259b\u0259sini \u0259n \u00e7ox azarke\u015fl\u0259r haqq edirdil\u0259r. &#8220;Report&#8221; x\u0259b\u0259r verir ki, bunu &#8220;Qaraba\u011f&#8221;\u0131n ba\u015f m\u0259\u015fq\u00e7isi Qurban Qurbanov UEFA \u00c7empionlar Liqas\u0131n\u0131n pley-off m\u0259rh\u0259l\u0259sind\u0259 &#8220;Ferentsvaro\u015f&#8221;a (Macarstan) qar\u015f\u0131 ke\u00e7irdikl\u0259ri cavab oyundan sonra m\u0259tbuat konfrans\u0131nda deyib. T\u0259cr\u00fcb\u0259li m\u00fct\u0259x\u0259ssis Liqa m\u0259rh\u0259l\u0259sin\u0259 yolland\u0131qlar\u0131 \u00fc\u00e7\u00fcn h\u0259dsiz sevincli olduqlar\u0131n\u0131 s\u00f6yl\u0259yib: &#8220;G\u0259rgin oyuna \u015fahidlik etdik. Futbol\u00e7ular\u0131m b\u00f6y\u00fck nailiyy\u0259t t\u0259brik edir\u0259m. Sanki \u00e7oxdand\u0131r stadionda bu c\u00fcr atmosfer\u0259 \u015fahidlik etmirdim. Bu qalibiyy\u0259ti \u0259n \u00e7ox azarke\u015fl\u0259rimiz haqq edirdil\u0259r&#8221;. O, Prezident \u0130lham \u018fliyevin t\u0259brikini sevincl\u0259 qar\u015f\u0131lad\u0131\u011f\u0131n\u0131 bildirib: &#8220;Prezident \u0130lham \u018fliyev &#8220;Qaraba\u011f&#8221;\u0131 t\u0259brik edib. Bunu q\u00fcrur hissi il\u0259 qar\u015f\u0131lay\u0131ram. Bir daha g\u00f6rd\u00fck ki, \u00f6lk\u0259&hellip;<\/p>\n","protected":false},"author":2,"featured_media":823041,"comment_status":"closed","ping_status":"closed","sticky":false,"template":"","format":"standard","meta":{"om_disable_all_campaigns":false,"_monsterinsights_skip_tracking":false,"_monsterinsights_sitenote_active":false,"_monsterinsights_sitenote_note":"","_monsterinsights_sitenote_category":0},"categories":[6],"tags":[],"aioseo_notices":[],"gutentor_comment":0,"rttpg_featured_image_url":{"full":["https:\/\/arantv.az\/wp-content\/uploads\/2025\/08\/c7963665d2d2b72a23088103f5f51dc0.jpg",856,500,false],"landscape":["https:\/\/arantv.az\/wp-content\/uploads\/2025\/08\/c7963665d2d2b72a23088103f5f51dc0.jpg",856,500,false],"portraits":["https:\/\/arantv.az\/wp-content\/uploads\/2025\/08\/c7963665d2d2b72a23088103f5f51dc0.jpg",856,500,false],"thumbnail":["https:\/\/arantv.az\/wp-content\/uploads\/2025\/08\/c7963665d2d2b72a23088103f5f51dc0-500x280.jpg",500,280,true],"medium":["https:\/\/arantv.az\/wp-content\/uploads\/2025\/08\/c7963665d2d2b72a23088103f5f51dc0-625x365.jpg",625,365,true],"large":["https:\/\/arantv.az\/wp-content\/uploads\/2025\/08\/c7963665d2d2b72a23088103f5f51dc0-840x491.jpg",640,374,true],"1536x1536":["https:\/\/arantv.az\/wp-content\/uploads\/2025\/08\/c7963665d2d2b72a23088103f5f51dc0.jpg",856,500,false],"2048x2048":["https:\/\/arantv.az\/wp-content\/uploads\/2025\/08\/c7963665d2d2b72a23088103f5f51dc0.jpg",856,500,false],"post-thumbnail":["https:\/\/arantv.az\/wp-content\/uploads\/2025\/08\/c7963665d2d2b72a23088103f5f51dc0-240x172.jpg",240,172,true],"advps-thumb-one":["https:\/\/arantv.az\/wp-content\/uploads\/2025\/08\/c7963665d2d2b72a23088103f5f51dc0.jpg",856,500,false]},"rttpg_author":{"display_name":"V\u00fcsal Rafiqo\u011flu","author_link":"https:\/\/arantv.az\/?author=2"},"rttpg_comment":0,"rttpg_category":"<a href=\"https:\/\/arantv.az\/?cat=6\" rel=\"category\">\u0130dman<\/a>","rttpg_excerpt":"&#8220;Qaraba\u011f&#8221;\u0131n q\u0259l\u0259b\u0259sini \u0259n \u00e7ox azarke\u015fl\u0259r haqq edirdil\u0259r. &#8220;Report&#8221; x\u0259b\u0259r verir ki, bunu &#8220;Qaraba\u011f&#8221;\u0131n ba\u015f m\u0259\u015fq\u00e7isi Qurban Qurbanov UEFA \u00c7empionlar Liqas\u0131n\u0131n pley-off m\u0259rh\u0259l\u0259sind\u0259 &#8220;Ferentsvaro\u015f&#8221;a (Macarstan) qar\u015f\u0131 ke\u00e7irdikl\u0259ri cavab oyundan sonra m\u0259tbuat konfrans\u0131nda deyib. T\u0259cr\u00fcb\u0259li m\u00fct\u0259x\u0259ssis Liqa m\u0259rh\u0259l\u0259sin\u0259 yolland\u0131qlar\u0131 \u00fc\u00e7\u00fcn h\u0259dsiz sevincli olduqlar\u0131n\u0131 s\u00f6yl\u0259yib: &#8220;G\u0259rgin oyuna \u015fahidlik etdik. Futbol\u00e7ular\u0131m b\u00f6y\u00fck nailiyy\u0259t t\u0259brik edir\u0259m. Sanki \u00e7oxdand\u0131r stadionda bu&hellip;","_links":{"self":[{"href":"https:\/\/arantv.az\/index.php?rest_route=\/wp\/v2\/posts\/823040"}],"collection":[{"href":"https:\/\/arantv.az\/index.php?rest_route=\/wp\/v2\/posts"}],"about":[{"href":"https:\/\/arantv.az\/index.php?rest_route=\/wp\/v2\/types\/post"}],"author":[{"embeddable":true,"href":"https:\/\/arantv.az\/index.php?rest_route=\/wp\/v2\/users\/2"}],"replies":[{"embeddable":true,"href":"https:\/\/arantv.az\/index.php?rest_route=%2Fwp%2Fv2%2Fcomments&post=823040"}],"version-history":[{"count":1,"href":"https:\/\/arantv.az\/index.php?rest_route=\/wp\/v2\/posts\/823040\/revisions"}],"predecessor-version":[{"id":823042,"href":"https:\/\/arantv.az\/index.php?rest_route=\/wp\/v2\/posts\/823040\/revisions\/823042"}],"wp:featuredmedia":[{"embeddable":true,"href":"https:\/\/arantv.az\/index.php?rest_route=\/wp\/v2\/media\/823041"}],"wp:attachment":[{"href":"https:\/\/arantv.az\/index.php?rest_route=%2Fwp%2Fv2%2Fmedia&parent=823040"}],"wp:term":[{"taxonomy":"category","embeddable":true,"href":"https:\/\/arantv.az\/index.php?rest_route=%2Fwp%2Fv2%2Fcategories&post=823040"},{"taxonomy":"post_tag","embeddable":true,"href":"https:\/\/arantv.az\/index.php?rest_route=%2Fwp%2Fv2%2Ftags&post=823040"}],"curies":[{"name":"wp","href":"https:\/\/api.w.org\/{rel}","templated":true}]}}