{"id":823046,"date":"2025-08-28T08:14:18","date_gmt":"2025-08-28T04:14:18","guid":{"rendered":"https:\/\/arantv.az\/?p=823046"},"modified":"2025-08-28T08:14:18","modified_gmt":"2025-08-28T04:14:18","slug":"ilham-%c9%99liyev-qarabagi-t%c9%99brik-edib-foto","status":"publish","type":"post","link":"https:\/\/arantv.az\/?p=823046","title":{"rendered":"\u0130lham \u018fliyev &#8220;Qaraba\u011f&#8221;\u0131 t\u0259brik edib &#8211; FOTO"},"content":{"rendered":"<p><strong>Az\u0259rbaycan Respublikas\u0131n\u0131n Prezidenti \u0130lham \u018fliyev sosial \u015f\u0259b\u0259k\u0259 hesablar\u0131nda &#8220;Qaraba\u011f&#8221; futbol klubunun q\u0259l\u0259b\u0259si il\u0259 ba\u011fl\u0131 payla\u015f\u0131m edib.<\/strong><\/p>\n<p>Musavat.com-un m\u0259lumat\u0131na g\u00f6r\u0259, payla\u015f\u0131mda deyilir:<\/p>\n<p>&#8220;Az\u0259rbaycan\u0131n &#8220;Qaraba\u011f&#8221; klubu UEFA \u00c7empionlar Liqas\u0131n\u0131n \u0259sas m\u0259rh\u0259l\u0259sin\u0259 v\u0259siq\u0259 qazanaraq futbol tariximizd\u0259 yeni bir s\u0259hif\u0259 yazd\u0131!<br \/>\n&#8220;Qaraba\u011f&#8221; klubunun b\u00fct\u00fcn komanda hey\u0259tini v\u0259 azarke\u015fl\u0259ri t\u0259brik edir\u0259m!&#8221;<\/p>\n<p>&nbsp;<\/p>\n<p><strong>Musavat.com<\/strong><\/p>\n<p><strong><img loading=\"lazy\" src=\"https:\/\/cdn.musavat.com\/news\/thumbnails\/962b4be0d4a6e5cbc79e73e42424c09e.jpg\" alt=\"photo_2025-08-27_23-37-58.jpg (78 KB)\" width=\"600\" height=\"1041\" \/><\/strong><\/p>\n","protected":false},"excerpt":{"rendered":"<p>Az\u0259rbaycan Respublikas\u0131n\u0131n Prezidenti \u0130lham \u018fliyev sosial \u015f\u0259b\u0259k\u0259 hesablar\u0131nda &#8220;Qaraba\u011f&#8221; futbol klubunun q\u0259l\u0259b\u0259si il\u0259 ba\u011fl\u0131 payla\u015f\u0131m edib. Musavat.com-un m\u0259lumat\u0131na g\u00f6r\u0259, payla\u015f\u0131mda deyilir: &#8220;Az\u0259rbaycan\u0131n &#8220;Qaraba\u011f&#8221; klubu UEFA \u00c7empionlar Liqas\u0131n\u0131n \u0259sas m\u0259rh\u0259l\u0259sin\u0259 v\u0259siq\u0259 qazanaraq futbol tariximizd\u0259 yeni bir s\u0259hif\u0259 yazd\u0131! &#8220;Qaraba\u011f&#8221; klubunun b\u00fct\u00fcn komanda hey\u0259tini v\u0259 azarke\u015fl\u0259ri t\u0259brik edir\u0259m!&#8221; &nbsp; Musavat.com<\/p>\n","protected":false},"author":2,"featured_media":823047,"comment_status":"closed","ping_status":"closed","sticky":false,"template":"","format":"standard","meta":{"om_disable_all_campaigns":false,"_monsterinsights_skip_tracking":false,"_monsterinsights_sitenote_active":false,"_monsterinsights_sitenote_note":"","_monsterinsights_sitenote_category":0},"categories":[6],"tags":[],"aioseo_notices":[],"gutentor_comment":0,"rttpg_featured_image_url":{"full":["https:\/\/arantv.az\/wp-content\/uploads\/2025\/08\/b422d142bdb4ad1129b0ce9e9ccb5afd.jpg",700,394,false],"landscape":["https:\/\/arantv.az\/wp-content\/uploads\/2025\/08\/b422d142bdb4ad1129b0ce9e9ccb5afd.jpg",700,394,false],"portraits":["https:\/\/arantv.az\/wp-content\/uploads\/2025\/08\/b422d142bdb4ad1129b0ce9e9ccb5afd.jpg",700,394,false],"thumbnail":["https:\/\/arantv.az\/wp-content\/uploads\/2025\/08\/b422d142bdb4ad1129b0ce9e9ccb5afd-500x280.jpg",500,280,true],"medium":["https:\/\/arantv.az\/wp-content\/uploads\/2025\/08\/b422d142bdb4ad1129b0ce9e9ccb5afd-648x365.jpg",648,365,true],"large":["https:\/\/arantv.az\/wp-content\/uploads\/2025\/08\/b422d142bdb4ad1129b0ce9e9ccb5afd.jpg",640,360,false],"1536x1536":["https:\/\/arantv.az\/wp-content\/uploads\/2025\/08\/b422d142bdb4ad1129b0ce9e9ccb5afd.jpg",700,394,false],"2048x2048":["https:\/\/arantv.az\/wp-content\/uploads\/2025\/08\/b422d142bdb4ad1129b0ce9e9ccb5afd.jpg",700,394,false],"post-thumbnail":["https:\/\/arantv.az\/wp-content\/uploads\/2025\/08\/b422d142bdb4ad1129b0ce9e9ccb5afd-240x172.jpg",240,172,true],"advps-thumb-one":["https:\/\/arantv.az\/wp-content\/uploads\/2025\/08\/b422d142bdb4ad1129b0ce9e9ccb5afd.jpg",700,394,false]},"rttpg_author":{"display_name":"V\u00fcsal Rafiqo\u011flu","author_link":"https:\/\/arantv.az\/?author=2"},"rttpg_comment":0,"rttpg_category":"<a href=\"https:\/\/arantv.az\/?cat=6\" rel=\"category\">\u0130dman<\/a>","rttpg_excerpt":"Az\u0259rbaycan Respublikas\u0131n\u0131n Prezidenti \u0130lham \u018fliyev sosial \u015f\u0259b\u0259k\u0259 hesablar\u0131nda &#8220;Qaraba\u011f&#8221; futbol klubunun q\u0259l\u0259b\u0259si il\u0259 ba\u011fl\u0131 payla\u015f\u0131m edib. Musavat.com-un m\u0259lumat\u0131na g\u00f6r\u0259, payla\u015f\u0131mda deyilir: &#8220;Az\u0259rbaycan\u0131n &#8220;Qaraba\u011f&#8221; klubu UEFA \u00c7empionlar Liqas\u0131n\u0131n \u0259sas m\u0259rh\u0259l\u0259sin\u0259 v\u0259siq\u0259 qazanaraq futbol tariximizd\u0259 yeni bir s\u0259hif\u0259 yazd\u0131! &#8220;Qaraba\u011f&#8221; klubunun b\u00fct\u00fcn komanda hey\u0259tini v\u0259 azarke\u015fl\u0259ri t\u0259brik edir\u0259m!&#8221; &nbsp; Musavat.com","_links":{"self":[{"href":"https:\/\/arantv.az\/index.php?rest_route=\/wp\/v2\/posts\/823046"}],"collection":[{"href":"https:\/\/arantv.az\/index.php?rest_route=\/wp\/v2\/posts"}],"about":[{"href":"https:\/\/arantv.az\/index.php?rest_route=\/wp\/v2\/types\/post"}],"author":[{"embeddable":true,"href":"https:\/\/arantv.az\/index.php?rest_route=\/wp\/v2\/users\/2"}],"replies":[{"embeddable":true,"href":"https:\/\/arantv.az\/index.php?rest_route=%2Fwp%2Fv2%2Fcomments&post=823046"}],"version-history":[{"count":1,"href":"https:\/\/arantv.az\/index.php?rest_route=\/wp\/v2\/posts\/823046\/revisions"}],"predecessor-version":[{"id":823048,"href":"https:\/\/arantv.az\/index.php?rest_route=\/wp\/v2\/posts\/823046\/revisions\/823048"}],"wp:featuredmedia":[{"embeddable":true,"href":"https:\/\/arantv.az\/index.php?rest_route=\/wp\/v2\/media\/823047"}],"wp:attachment":[{"href":"https:\/\/arantv.az\/index.php?rest_route=%2Fwp%2Fv2%2Fmedia&parent=823046"}],"wp:term":[{"taxonomy":"category","embeddable":true,"href":"https:\/\/arantv.az\/index.php?rest_route=%2Fwp%2Fv2%2Fcategories&post=823046"},{"taxonomy":"post_tag","embeddable":true,"href":"https:\/\/arantv.az\/index.php?rest_route=%2Fwp%2Fv2%2Ftags&post=823046"}],"curies":[{"name":"wp","href":"https:\/\/api.w.org\/{rel}","templated":true}]}}