{"id":823058,"date":"2025-08-28T08:19:16","date_gmt":"2025-08-28T04:19:16","guid":{"rendered":"https:\/\/arantv.az\/?p=823058"},"modified":"2025-08-28T08:19:16","modified_gmt":"2025-08-28T04:19:16","slug":"azad-edilmis-%c9%99razil%c9%99rin-inkisaf-modeli-k%c9%99lb%c9%99c%c9%99r-numun%c9%99si","status":"publish","type":"post","link":"https:\/\/arantv.az\/?p=823058","title":{"rendered":"Azad edilmi\u015f \u0259razil\u0259rin inki\u015faf modeli: K\u0259lb\u0259c\u0259r n\u00fcmun\u0259si"},"content":{"rendered":"<div class=\"content lead font-weight-normal\">\n<p><em><strong>Art\u0131q be\u015f ildir d\u00fcnyaya s\u0259s salan tarixi Z\u0259f\u0259rimizd\u0259n v\u0259 onun yaratd\u0131\u011f\u0131 reall\u0131qlardan b\u0259hs edirik. D\u00f6vl\u0259t ba\u015f\u00e7\u0131s\u0131, M\u00fcz\u0259ff\u0259r Ali Ba\u015f Komandan \u0130lham \u018fliyevin q\u0259tiyy\u0259ti, Ordumuzun g\u00fcc\u00fc, q\u00fcdr\u0259ti say\u0259sind\u0259 44 g\u00fcnl\u00fck V\u0259t\u0259n m\u00fcharib\u0259sinin h\u0259r g\u00fcn\u00fc tariximiz\u0259 Q\u0259l\u0259b\u0259 s\u0259hif\u0259si kimi yaz\u0131ld\u0131. H\u0259r g\u00fcn bir rayonun, \u015f\u0259h\u0259rin, k\u0259nd v\u0259 q\u0259s\u0259b\u0259nun i\u015f\u011faldan azad edildiyini \u00f6z\u00fcnd\u0259 ehtiva edir.<\/strong><\/em><\/p>\n<p>10 noyabr 2020-ci ild\u0259 Az\u0259rbaycan\u0131n h\u0259rbi-siyasi Q\u0259l\u0259b\u0259sinin v\u0259 Erm\u0259nistan\u0131n kapitulyasiyas\u0131n\u0131n t\u0259sdiqi olaraq imzalanan \u00fc\u00e7t\u0259r\u0259fli B\u0259yanat\u0131n \u0259sas m\u00fcdd\u0259alardan biri A\u011fdam, K\u0259lb\u0259c\u0259r v\u0259 La\u00e7\u0131n\u0131n qrafik \u0259sas\u0131nda Az\u0259rbaycana qaytar\u0131lmas\u0131d\u0131r. Bu B\u0259yanat\u0131n \u015f\u0259rtl\u0259rin\u0259 \u0259sas\u0259n 2020-ci ilin 25 noyabr tarixind\u0259 K\u0259lb\u0259c\u0259r rayonu Az\u0259rbaycana t\u0259hvil verildi.<\/p>\n<p>M\u00fcz\u0259ff\u0259r Ali Ba\u015f Komandan \u0130lham \u018fliyevin g\u00f6st\u0259ri\u015fi il\u0259 \u0130kinci Qaraba\u011f m\u00fcharib\u0259si bitdikd\u0259n d\u0259rhal sonra m\u0259nfur d\u00fc\u015fm\u0259nin da\u011f\u0131td\u0131\u011f\u0131, yerl\u0259-yeksan etdiyi torpaqlar\u0131m\u0131zda geni\u015fmiqyasl\u0131 b\u0259rpa-quruculuq i\u015fl\u0259ri ba\u015flad\u0131. D\u00f6vl\u0259t ba\u015f\u00e7\u0131s\u0131 \u0130lham \u018fliyev v\u0259 birinci xan\u0131m Mehriban \u018fliyeva avqustun 21-d\u0259 azad Qaraba\u011fa s\u0259f\u0259r \u00e7\u0259r\u00e7iv\u0259sind\u0259 K\u0259lb\u0259c\u0259r v\u0259 A\u011fd\u0259r\u0259 rayonlar\u0131nda oldular. Bir s\u0131ra sosial obyektl\u0259rin a\u00e7\u0131l\u0131\u015f\u0131 v\u0259 t\u0259m\u0259lqoyma m\u0259rasiml\u0259rind\u0259 i\u015ftirak ed\u0259n c\u0259nab \u0130lham \u018fliyev v\u0259 birinci xan\u0131m Mehriban \u018fliyeva K\u0259lb\u0259c\u0259r \u015f\u0259h\u0259rin\u0259 qay\u0131dan sakinl\u0259rl\u0259 g\u00f6r\u00fc\u015fd\u00fcl\u0259r. G\u00f6r\u00fc\u015fd\u0259ki \u00e7\u0131x\u0131\u015f\u0131nda 21 avqustu tarixi g\u00fcn kimi qiym\u0259tl\u0259ndir\u0259n d\u00f6vl\u0259t ba\u015f\u00e7\u0131s\u0131 \u0130lham \u018fliyev onu da vur\u011fulad\u0131 ki, \u00f6lk\u0259mizin \u0259n b\u00f6y\u00fck rayonu olan K\u0259lb\u0259c\u0259r v\u0259 onun \u015f\u0259h\u0259ri art\u0131q canlan\u0131r, buraya h\u0259yat qay\u0131d\u0131r v\u0259 \u0259min\u0259m ki, burada rahat ya\u015fayacaqs\u0131n\u0131z. Siz buna layiqsiniz. Uzun ill\u0259r \u0259rzind\u0259 a\u011f\u0131r \u015f\u0259raitd\u0259 &#8211; \u00e7ad\u0131rlarda, uy\u011funla\u015fd\u0131r\u0131lm\u0131\u015f binalarda, u\u015faq ba\u011f\u00e7alar\u0131nda, yataqxanalarda, m\u00fcxt\u0259lif yerl\u0259rd\u0259 ya\u015fam\u0131s\u0131n\u0131z, h\u0259yat\u0131n\u0131z \u00e7ox a\u011f\u0131r olub.<\/p>\n<p>K\u0259lb\u0259c\u0259rin i\u015f\u011fal\u0131 b\u00fct\u00fcn ba\u015fqa ya\u015fay\u0131\u015f m\u0259nt\u0259q\u0259l\u0259rimizin i\u015f\u011fal\u0131 kimi b\u00f6y\u00fck faci\u0259 idi. Ancaq K\u0259lb\u0259c\u0259rin i\u015f\u011fal\u0131 strateji n\u00f6qteyi-n\u0259z\u0259rd\u0259n Az\u0259rbaycan \u00fc\u00e7\u00fcn \u00e7ox b\u00f6y\u00fck probleml\u0259r yarad\u0131rd\u0131. \u00c7\u00fcnki Erm\u0259nistanla ovaxtk\u0131 Da\u011fl\u0131q Qaraba\u011f Muxtar Vilay\u0259ti aras\u0131nda co\u011frafi ba\u011flant\u0131 yarad\u0131l\u0131rd\u0131. 1992-ci ilin may ay\u0131nda \u015eu\u015fa v\u0259 La\u00e7\u0131n\u0131n i\u015f\u011fal alt\u0131na d\u00fc\u015fm\u0259si art\u0131q o ba\u011flant\u0131n\u0131 yaratm\u0131\u015fd\u0131 v\u0259 o vaxt \u201cLa\u00e7\u0131n d\u0259hlizi\u201d adland\u0131r\u0131lan yol faktiki olaraq torpaqlar\u0131m\u0131z\u0131n g\u0259l\u0259c\u0259k i\u015f\u011fal\u0131na yol a\u00e7m\u0131\u015fd\u0131. K\u0259lb\u0259c\u0259rin i\u015f\u011fal\u0131 is\u0259 \u00e7ox b\u00f6y\u00fck bir co\u011frafi \u0259razi \u00fczr\u0259 Erm\u0259nistanla ke\u00e7mi\u015f \u201cDa\u011fl\u0131q Qaraba\u011f\u201d aras\u0131nda co\u011frafi ba\u011flant\u0131 yaratm\u0131\u015fd\u0131r v\u0259 bel\u0259likl\u0259, dig\u0259r torpaqlar\u0131m\u0131z\u0131n i\u015f\u011fal\u0131na yol a\u00e7m\u0131\u015fd\u0131r. Ovaxtk\u0131 Az\u0259rbaycan r\u0259hb\u0259rliyi x\u0259yan\u0259tkarl\u0131q v\u0259 satq\u0131nl\u0131q siyas\u0259ti apararaq do\u011fma diyar\u0131m\u0131z\u0131 qoruya bilm\u0259mi\u015fdir. H\u0259l\u0259 1992-ci ilin may ay\u0131nda \u015eu\u015fa v\u0259 La\u00e7\u0131n\u0131n i\u015f\u011fal alt\u0131na d\u00fc\u015fm\u0259si o vaxt hakimiyy\u0259t\u0259 can atan AXC-M\u00fcsavat c\u00fctl\u00fcy\u00fcn\u00fcn x\u0259yan\u0259ti n\u0259tic\u0259sind\u0259 m\u00fcmk\u00fcn olmu\u015fdur. Al\u0131nmaz qalam\u0131z \u015eu\u015fa erm\u0259nil\u0259r\u0259 t\u0259hvil verilmi\u015fdir. M\u0259nfur c\u00fctl\u00fck bundan istifad\u0259 ed\u0259r\u0259k bir ay sonra m\u0259hz \u015eu\u015fa v\u0259 La\u00e7\u0131n faci\u0259si \u00fcz\u0259rind\u0259 hakimiyy\u0259t\u0259 g\u0259ldi, do\u011fma diyar\u0131n\u0131z\u0131 qoruya bilm\u0259di, ya da qorumaq ist\u0259m\u0259di.<\/p>\n<p>K\u0259lb\u0259c\u0259rin 1993-c\u00fc il aprelin \u0259vv\u0259lind\u0259 i\u015f\u011fal alt\u0131na d\u00fc\u015fm\u0259si m\u0259hz ovaxtk\u0131 x\u0259yan\u0259tkar r\u0259hb\u0259rliyin b\u0259d \u0259m\u0259ll\u0259rinin n\u0259tic\u0259si olmu\u015fdur. Ondan sonrak\u0131 d\u00f6vr m\u0259lumdur. Uzun s\u00fcr\u0259n dan\u0131\u015f\u0131qlar he\u00e7 bir n\u0259tic\u0259 verm\u0259di. ver\u0259 d\u0259 bilm\u0259zdi. \u00c7\u00fcnki Erm\u0259nistan bir qar\u0131\u015f torpaq qaytarmaq fikrind\u0259 deyildi. Dan\u0131\u015f\u0131qlarda, sad\u0259c\u0259 olaraq, g\u00f6r\u00fcnt\u00fc yaratmaq namin\u0259 i\u015ftirak edirdi. Bu m\u0259s\u0259l\u0259 il\u0259 m\u0259\u015f\u011ful olmal\u0131 olan \u00fc\u00e7 \u00f6lk\u0259 &#8211; Fransa, Rusiya v\u0259 Amerika m\u0259s\u0259l\u0259ni h\u0259ll etm\u0259k \u0259v\u0259zin\u0259, m\u00fcnaqi\u015f\u0259ni dondurmaq istiqam\u0259tind\u0259 i\u015fl\u0259r apar\u0131rd\u0131 v\u0259 faktiki olaraq erm\u0259ni i\u015f\u011fal\u0131na h\u00fcquqi don geyindirm\u0259k \u00fc\u00e7\u00fcn d\u0259rid\u0259n-qab\u0131qdan \u00e7\u0131x\u0131rd\u0131. M\u0259hz buna g\u00f6r\u0259 m\u00fcnaqi\u015f\u0259 s\u00fclh yolu il\u0259 h\u0259ll olunmad\u0131. \u018fg\u0259r Erm\u0259nistana qar\u015f\u0131 o vaxt ciddi sanksiyalar t\u0259tbiq edils\u0259ydi, i\u015f\u011fal\u00e7\u0131 d\u00f6vl\u0259t b\u00f6y\u00fck d\u00f6vl\u0259tl\u0259r t\u0259r\u0259find\u0259n c\u0259zaland\u0131r\u0131lsayd\u0131, \u0259lb\u0259tt\u0259, Erm\u0259nistan torpaqlar\u0131m\u0131z\u0131 s\u00fclh yolu il\u0259 qaytara bil\u0259rdi v\u0259 qaytaracaqd\u0131. Sad\u0259c\u0259 olaraq, onlara qar\u015f\u0131 z\u0259rr\u0259 q\u0259d\u0259r t\u0259zyiq g\u00f6st\u0259rilm\u0259di, \u0259ksin\u0259, onlar \u00fc\u00e7\u00fcn b\u00fct\u00fcn imkanlar a\u00e7\u0131lm\u0131\u015fd\u0131. B\u0259zi \u00f6lk\u0259l\u0259r onlara milyardlarla dollar d\u0259y\u0259rind\u0259 pulsuz silahlar verirdi. \u0130kinci Qaraba\u011f m\u00fcharib\u0259si v\u0259 antiterror \u0259m\u0259liyyat\u0131 n\u0259tic\u0259sind\u0259 m\u0259hv etdiyimiz v\u0259 h\u0259rbi q\u0259nim\u0259t kimi g\u00f6t\u00fcrd\u00fcy\u00fcm\u00fcz Erm\u0259nistan ordusuna xaricd\u0259n veril\u0259n silahlar\u0131n qiym\u0259ti t\u0259qrib\u0259n 5-6 milyard dollar d\u0259y\u0259rind\u0259dir. Erm\u0259nistan\u0131n bu q\u0259d\u0259r silah almaq \u00fc\u00e7\u00fcn pulu yox idi. B\u00fct\u00fcn bu silahlar onlara pulsuz verilirdi. M\u0259qs\u0259d i\u015f\u011fal\u0131n davam etm\u0259si, az\u0259rbaycanl\u0131lar\u0131n he\u00e7 vaxt \u00f6z d\u0259d\u0259-baba torpaqlar\u0131na qay\u0131tmamalar\u0131, Erm\u0259nistanla Az\u0259rbaycan aras\u0131nda m\u00fcnaqi\u015f\u0259 s\u00fclh yolu il\u0259 h\u0259ll olunmas\u0131n. Bu m\u0259s\u0259l\u0259ni h\u0259ll etm\u0259k mandat\u0131 olan \u00f6lk\u0259l\u0259r faktiki olaraq i\u015f\u011fal\u0131 \u0259b\u0259di etm\u0259k ist\u0259yirl\u0259r. Biri silahlar, biri siyasi d\u0259st\u0259k, biri is\u0259 dig\u0259r imtiyazlar verirdi. M\u0259hz buna g\u00f6r\u0259 m\u0259s\u0259l\u0259 \u00f6z h\u0259llini tapm\u0131rd\u0131.<\/p>\n<p>2003-c\u00fc ild\u0259n sonrak\u0131 d\u00f6vr\u00fcn reall\u0131qlar\u0131 g\u00f6z qaba\u011f\u0131ndad\u0131r. H\u0259r g\u00fcn, h\u0259r saat m\u00fcq\u0259dd\u0259s Z\u0259f\u0259r g\u00fcn\u00fcm\u00fcz\u00fc yax\u0131nla\u015fd\u0131r\u0131rd\u0131q. G\u00fccl\u00fc iqtisadiyyat qurduq, beyn\u0259lxalq m\u00fcst\u0259vid\u0259 Erm\u0259nistan\u0131 i\u015f\u011fal\u00e7\u0131 d\u00f6vl\u0259t kimi if\u015fa etdik. Bir \u00e7ox apar\u0131c\u0131 beyn\u0259lxalq t\u0259\u015fkilatlar s\u0259yl\u0259rimiz n\u0259tic\u0259sind\u0259 m\u00f6vqeyimizi q\u0259bul etm\u0259y\u0259 m\u0259cbur olmu\u015fdur. G\u00fccl\u00fc ordu yaratd\u0131q, \u0259n m\u00fcasir silahlar ald\u0131q v\u0259 g\u0259nc n\u0259sil yeti\u015fdirdik. O g\u0259nc n\u0259sil ki, V\u0259t\u0259n m\u00fcharib\u0259sind\u0259 sin\u0259sini qaba\u011fa verib torpaqlar\u0131m\u0131z\u0131 d\u00fc\u015fm\u0259nd\u0259n azad etdi.<\/p>\n<p>\u0130\u015f\u011faldan azad edilmi\u015f \u0259razil\u0259rimizin b\u0259rpas\u0131 v\u0259 yenid\u0259n qurulmas\u0131 d\u00f6vl\u0259timizin iqtisadi siyas\u0259tinin \u0259sas t\u0259rkib hiss\u0259sidir. Bu m\u0259qs\u0259dl\u0259 d\u00f6vl\u0259t b\u00fcdc\u0259sind\u0259n ayr\u0131lan v\u0259sait\u0259, h\u0259m\u00e7inin imzalanan F\u0259rman v\u0259 s\u0259r\u0259ncamlara, t\u0259sdiql\u0259n\u0259n D\u00f6vl\u0259t proqramlar\u0131 v\u0259 Milli Prioritetl\u0259r\u0259 diqq\u0259t yetirm\u0259k kifay\u0259tdir. \u201cAz\u0259rbaycan 2030: sosial-iqtisadi inki\u015fafa dair Milli Prioritetl\u0259r\u201d t\u0259sdiql\u0259nib, Prezident \u0130lham \u018fliyevin F\u0259rman\u0131 il\u0259 iqtisadi rayonlar\u0131n yeni b\u00f6lg\u00fcs\u00fc apar\u0131l\u0131b. \u0130\u015f\u011faldan azad edilmi\u015f \u0259razil\u0259r\u0259 B\u00f6y\u00fck Qay\u0131d\u0131\u015f Az\u0259rbaycan\u0131n 2030-cu il\u0259d\u0259k be\u015f Milli Prioritetl\u0259rind\u0259n biri kimi m\u00fc\u0259yy\u0259n olunub. Bug\u00fcn\u00fcm\u00fcz\u00fcn reall\u0131qlar\u0131 \u00dcmummilli Lider Heyd\u0259r \u018fliyevin vaxtil\u0259 i\u015f\u011fal alt\u0131nda olan \u0259razil\u0259rimiz haqq\u0131nda s\u00f6yl\u0259diyi \u201cArzu edir\u0259m ki, sizinl\u0259 birlikd\u0259 ged\u0259k \u015eu\u015faya. Ged\u0259c\u0259yik, inan\u0131n ki, ged\u0259c\u0259yik. \u015eu\u015fa Az\u0259rbaycan\u0131n g\u00f6z\u00fcd\u00fcr, h\u0259r bir az\u0259rbaycanl\u0131 \u00fc\u00e7\u00fcn bu, iftixar m\u0259nb\u0259yidir. \u015eu\u015fa bizim m\u0259d\u0259niyy\u0259timizin, tariximizin r\u0259mzidir. \u015eu\u015fa ham\u0131 \u00fc\u00e7\u00fcn \u0259zizdir. Amma t\u0259k \u015eu\u015fa yox, La\u00e7\u0131n da\u011flar\u0131 da bel\u0259 \u0259zizdir. He\u00e7 vaxt biz La\u00e7\u0131ns\u0131z ya\u015faya bilm\u0259rik. A\u011fdam kimi g\u00f6z\u0259l bir \u015f\u0259h\u0259r, F\u00fczuli, C\u0259bray\u0131l, Z\u0259ngilan, Qubadl\u0131, K\u0259lb\u0259c\u0259rin o bulaqlar\u0131, K\u0259lb\u0259c\u0259rin o \u0130sti suyu. Biz onlars\u0131z ya\u015faya bilm\u0259rik\u201d fikirl\u0259rinin t\u0259sdiqidir<\/p>\n<p><strong>Nihad P\u0259nahov,<\/strong><br \/>\n<em>YAP Tovuz rayon t\u0259\u015fkilat\u0131n\u0131n s\u0259dri<\/em><\/p>\n<div class=\"clearfix\"><\/div>\n<\/div>\n<div class=\"fotorama--hidden\"><\/div>\n<div id=\"galleryList\" class=\"fotorama fotorama1756354696581\" data-nav=\"thumbs\" data-width=\"100%\" data-thumbwidth=\"90\" data-thumbheight=\"60\" data-allowfullscreen=\"true\" data-autoplay=\"3000\" data-ratio=\"1.5\" data-keyboard=\"true\" data-fit=\"contain\">\n<div class=\"fotorama__wrap fotorama__wrap--css3 fotorama__wrap--slide fotorama__wrap--toggle-arrows fotorama__wrap--no-controls\">\n<div class=\"fotorama__stage\">\n<div class=\"fotorama__fullscreen-icon\" tabindex=\"0\" role=\"button\"><\/div>\n<div class=\"fotorama__stage__shaft\">\n<div class=\"fotorama__stage__frame fotorama__loaded fotorama__loaded--img fotorama__active\"><img class=\"fotorama__img\" src=\"https:\/\/ikisahil.az\/photo\/0x0_2\/upload\/gallery\/2025\/08\/27\/-07d59386175630634849055771910884914.jpg\" \/><\/div>\n<\/div>\n<\/div>\n<\/div>\n<\/div>\n<div class=\"d-none d-sm-block\"><\/div>\n","protected":false},"excerpt":{"rendered":"<p>Art\u0131q be\u015f ildir d\u00fcnyaya s\u0259s salan tarixi Z\u0259f\u0259rimizd\u0259n v\u0259 onun yaratd\u0131\u011f\u0131 reall\u0131qlardan b\u0259hs edirik. D\u00f6vl\u0259t ba\u015f\u00e7\u0131s\u0131, M\u00fcz\u0259ff\u0259r Ali Ba\u015f Komandan \u0130lham \u018fliyevin q\u0259tiyy\u0259ti, Ordumuzun g\u00fcc\u00fc, q\u00fcdr\u0259ti say\u0259sind\u0259 44 g\u00fcnl\u00fck V\u0259t\u0259n m\u00fcharib\u0259sinin h\u0259r g\u00fcn\u00fc tariximiz\u0259 Q\u0259l\u0259b\u0259 s\u0259hif\u0259si kimi yaz\u0131ld\u0131. H\u0259r g\u00fcn bir rayonun, \u015f\u0259h\u0259rin, k\u0259nd v\u0259 q\u0259s\u0259b\u0259nun i\u015f\u011faldan azad edildiyini \u00f6z\u00fcnd\u0259 ehtiva edir. 10 noyabr 2020-ci ild\u0259 Az\u0259rbaycan\u0131n h\u0259rbi-siyasi Q\u0259l\u0259b\u0259sinin v\u0259 Erm\u0259nistan\u0131n kapitulyasiyas\u0131n\u0131n t\u0259sdiqi olaraq imzalanan \u00fc\u00e7t\u0259r\u0259fli B\u0259yanat\u0131n \u0259sas m\u00fcdd\u0259alardan biri A\u011fdam, K\u0259lb\u0259c\u0259r v\u0259 La\u00e7\u0131n\u0131n qrafik \u0259sas\u0131nda Az\u0259rbaycana qaytar\u0131lmas\u0131d\u0131r. Bu B\u0259yanat\u0131n \u015f\u0259rtl\u0259rin\u0259 \u0259sas\u0259n 2020-ci ilin 25 noyabr tarixind\u0259 K\u0259lb\u0259c\u0259r rayonu Az\u0259rbaycana&hellip;<\/p>\n","protected":false},"author":2,"featured_media":823059,"comment_status":"closed","ping_status":"closed","sticky":false,"template":"","format":"standard","meta":{"om_disable_all_campaigns":false,"_monsterinsights_skip_tracking":false,"_monsterinsights_sitenote_active":false,"_monsterinsights_sitenote_note":"","_monsterinsights_sitenote_category":0},"categories":[19],"tags":[],"aioseo_notices":[],"gutentor_comment":0,"rttpg_featured_image_url":{"full":["https:\/\/arantv.az\/wp-content\/uploads\/2025\/08\/3bff829d175585024456917183111095658.jpg",975,540,false],"landscape":["https:\/\/arantv.az\/wp-content\/uploads\/2025\/08\/3bff829d175585024456917183111095658.jpg",975,540,false],"portraits":["https:\/\/arantv.az\/wp-content\/uploads\/2025\/08\/3bff829d175585024456917183111095658.jpg",975,540,false],"thumbnail":["https:\/\/arantv.az\/wp-content\/uploads\/2025\/08\/3bff829d175585024456917183111095658-500x280.jpg",500,280,true],"medium":["https:\/\/arantv.az\/wp-content\/uploads\/2025\/08\/3bff829d175585024456917183111095658-660x365.jpg",660,365,true],"large":["https:\/\/arantv.az\/wp-content\/uploads\/2025\/08\/3bff829d175585024456917183111095658-840x465.jpg",640,354,true],"1536x1536":["https:\/\/arantv.az\/wp-content\/uploads\/2025\/08\/3bff829d175585024456917183111095658.jpg",975,540,false],"2048x2048":["https:\/\/arantv.az\/wp-content\/uploads\/2025\/08\/3bff829d175585024456917183111095658.jpg",975,540,false],"post-thumbnail":["https:\/\/arantv.az\/wp-content\/uploads\/2025\/08\/3bff829d175585024456917183111095658-240x172.jpg",240,172,true],"advps-thumb-one":["https:\/\/arantv.az\/wp-content\/uploads\/2025\/08\/3bff829d175585024456917183111095658.jpg",975,540,false]},"rttpg_author":{"display_name":"V\u00fcsal Rafiqo\u011flu","author_link":"https:\/\/arantv.az\/?author=2"},"rttpg_comment":0,"rttpg_category":"<a href=\"https:\/\/arantv.az\/?cat=19\" rel=\"category\">G\u00fcnd\u0259m<\/a>","rttpg_excerpt":"Art\u0131q be\u015f ildir d\u00fcnyaya s\u0259s salan tarixi Z\u0259f\u0259rimizd\u0259n v\u0259 onun yaratd\u0131\u011f\u0131 reall\u0131qlardan b\u0259hs edirik. D\u00f6vl\u0259t ba\u015f\u00e7\u0131s\u0131, M\u00fcz\u0259ff\u0259r Ali Ba\u015f Komandan \u0130lham \u018fliyevin q\u0259tiyy\u0259ti, Ordumuzun g\u00fcc\u00fc, q\u00fcdr\u0259ti say\u0259sind\u0259 44 g\u00fcnl\u00fck V\u0259t\u0259n m\u00fcharib\u0259sinin h\u0259r g\u00fcn\u00fc tariximiz\u0259 Q\u0259l\u0259b\u0259 s\u0259hif\u0259si kimi yaz\u0131ld\u0131. H\u0259r g\u00fcn bir rayonun, \u015f\u0259h\u0259rin, k\u0259nd v\u0259 q\u0259s\u0259b\u0259nun i\u015f\u011faldan azad edildiyini \u00f6z\u00fcnd\u0259 ehtiva edir. 10 noyabr 2020-ci&hellip;","_links":{"self":[{"href":"https:\/\/arantv.az\/index.php?rest_route=\/wp\/v2\/posts\/823058"}],"collection":[{"href":"https:\/\/arantv.az\/index.php?rest_route=\/wp\/v2\/posts"}],"about":[{"href":"https:\/\/arantv.az\/index.php?rest_route=\/wp\/v2\/types\/post"}],"author":[{"embeddable":true,"href":"https:\/\/arantv.az\/index.php?rest_route=\/wp\/v2\/users\/2"}],"replies":[{"embeddable":true,"href":"https:\/\/arantv.az\/index.php?rest_route=%2Fwp%2Fv2%2Fcomments&post=823058"}],"version-history":[{"count":1,"href":"https:\/\/arantv.az\/index.php?rest_route=\/wp\/v2\/posts\/823058\/revisions"}],"predecessor-version":[{"id":823060,"href":"https:\/\/arantv.az\/index.php?rest_route=\/wp\/v2\/posts\/823058\/revisions\/823060"}],"wp:featuredmedia":[{"embeddable":true,"href":"https:\/\/arantv.az\/index.php?rest_route=\/wp\/v2\/media\/823059"}],"wp:attachment":[{"href":"https:\/\/arantv.az\/index.php?rest_route=%2Fwp%2Fv2%2Fmedia&parent=823058"}],"wp:term":[{"taxonomy":"category","embeddable":true,"href":"https:\/\/arantv.az\/index.php?rest_route=%2Fwp%2Fv2%2Fcategories&post=823058"},{"taxonomy":"post_tag","embeddable":true,"href":"https:\/\/arantv.az\/index.php?rest_route=%2Fwp%2Fv2%2Ftags&post=823058"}],"curies":[{"name":"wp","href":"https:\/\/api.w.org\/{rel}","templated":true}]}}