{"id":823064,"date":"2025-08-28T08:22:04","date_gmt":"2025-08-28T04:22:04","guid":{"rendered":"https:\/\/arantv.az\/?p=823064"},"modified":"2025-08-28T08:22:04","modified_gmt":"2025-08-28T04:22:04","slug":"qurban-qurbanova-dedil%c9%99r-ki-prezident-t%c9%99brik-edib-v%c9%99-o-anin-videosu","status":"publish","type":"post","link":"https:\/\/arantv.az\/?p=823064","title":{"rendered":"Qurban Qurbanova dedil\u0259r ki, Prezident t\u0259brik edib&#8230; &#8211; V\u0259 o an\u0131n videosu"},"content":{"rendered":"<p><a title=\"xeberler son xeberler 2025\" href=\"https:\/\/big.az\/\" target=\"_blank\" rel=\"noopener\">X\u0259b\u0259r<\/a>\u00a0verdiyimiz kimi, Az\u0259rbaycan Prezidenti \u0130lham \u018fliyev &#8220;Qaraba\u011f&#8221;\u0131 \u00c7empionlar Liqas\u0131n\u0131n\u0131n \u0259sas m\u0259rh\u0259l\u0259sin\u0259 y\u00fcks\u0259lm\u0259si m\u00fcnasib\u0259til\u0259 t\u0259brik edib.<\/p>\n<p>&#8220;Qafqazinfo&#8221;nun m\u0259lumat\u0131na g\u00f6r\u0259, A\u011fdam klubunun ba\u015f m\u0259\u015fq\u00e7isi Qurban Qurbanov d\u00f6vl\u0259t ba\u015f\u00e7\u0131s\u0131n\u0131n r\u0259smi X hesab\u0131nda etdiyi t\u0259brikl\u0259 m\u0259tbuat konfrans\u0131nda tan\u0131\u015f olub.<\/p>\n<p>T\u0259cr\u00fcb\u0259li m\u00fct\u0259x\u0259ssis d\u0259 \u00f6z n\u00f6vb\u0259sind\u0259 Prezident \u0130lham \u018fliyevi t\u0259brik edib:<\/p>\n<p>&#8220;Prezident bir daha g\u00f6st\u0259rdi ki, g\u00f6z\u00fc bizim \u00fcz\u0259rind\u0259dir v\u0259 bizim m\u0259suliyy\u0259timiz daha da artd\u0131&#8221;.<\/p>\n<div class=\"embed-responsive embed-responsive-16by9\"><iframe loading=\"lazy\" id=\"nmqembedid\" class=\"embed-responsive-item\" title=\"video player\" src=\"https:\/\/qafqazinfo.bax.tv\/embed\/213218.html?utm_source=playerden&amp;utm_medium=paylasim&amp;utm_campaign=sosial-xeberler\" width=\"600\" height=\"340\" frameborder=\"0\" scrolling=\"no\" allowfullscreen=\"allowfullscreen\" data-mce-fragment=\"1\"><\/iframe><\/div>\n","protected":false},"excerpt":{"rendered":"<p>X\u0259b\u0259r\u00a0verdiyimiz kimi, Az\u0259rbaycan Prezidenti \u0130lham \u018fliyev &#8220;Qaraba\u011f&#8221;\u0131 \u00c7empionlar Liqas\u0131n\u0131n\u0131n \u0259sas m\u0259rh\u0259l\u0259sin\u0259 y\u00fcks\u0259lm\u0259si m\u00fcnasib\u0259til\u0259 t\u0259brik edib. &#8220;Qafqazinfo&#8221;nun m\u0259lumat\u0131na g\u00f6r\u0259, A\u011fdam klubunun ba\u015f m\u0259\u015fq\u00e7isi Qurban Qurbanov d\u00f6vl\u0259t ba\u015f\u00e7\u0131s\u0131n\u0131n r\u0259smi X hesab\u0131nda etdiyi t\u0259brikl\u0259 m\u0259tbuat konfrans\u0131nda tan\u0131\u015f olub. T\u0259cr\u00fcb\u0259li m\u00fct\u0259x\u0259ssis d\u0259 \u00f6z n\u00f6vb\u0259sind\u0259 Prezident \u0130lham \u018fliyevi t\u0259brik edib: &#8220;Prezident bir daha g\u00f6st\u0259rdi ki, g\u00f6z\u00fc bizim \u00fcz\u0259rind\u0259dir v\u0259 bizim m\u0259suliyy\u0259timiz daha da artd\u0131&#8221;.<\/p>\n","protected":false},"author":2,"featured_media":823065,"comment_status":"closed","ping_status":"closed","sticky":false,"template":"","format":"standard","meta":{"om_disable_all_campaigns":false,"_monsterinsights_skip_tracking":false,"_monsterinsights_sitenote_active":false,"_monsterinsights_sitenote_note":"","_monsterinsights_sitenote_category":0},"categories":[6],"tags":[],"aioseo_notices":[],"gutentor_comment":0,"rttpg_featured_image_url":{"full":["https:\/\/arantv.az\/wp-content\/uploads\/2025\/08\/qurban1_41756324486.jpg",637,400,false],"landscape":["https:\/\/arantv.az\/wp-content\/uploads\/2025\/08\/qurban1_41756324486.jpg",637,400,false],"portraits":["https:\/\/arantv.az\/wp-content\/uploads\/2025\/08\/qurban1_41756324486.jpg",637,400,false],"thumbnail":["https:\/\/arantv.az\/wp-content\/uploads\/2025\/08\/qurban1_41756324486-500x280.jpg",500,280,true],"medium":["https:\/\/arantv.az\/wp-content\/uploads\/2025\/08\/qurban1_41756324486-581x365.jpg",581,365,true],"large":["https:\/\/arantv.az\/wp-content\/uploads\/2025\/08\/qurban1_41756324486.jpg",637,400,false],"1536x1536":["https:\/\/arantv.az\/wp-content\/uploads\/2025\/08\/qurban1_41756324486.jpg",637,400,false],"2048x2048":["https:\/\/arantv.az\/wp-content\/uploads\/2025\/08\/qurban1_41756324486.jpg",637,400,false],"post-thumbnail":["https:\/\/arantv.az\/wp-content\/uploads\/2025\/08\/qurban1_41756324486-240x172.jpg",240,172,true],"advps-thumb-one":["https:\/\/arantv.az\/wp-content\/uploads\/2025\/08\/qurban1_41756324486.jpg",637,400,false]},"rttpg_author":{"display_name":"V\u00fcsal Rafiqo\u011flu","author_link":"https:\/\/arantv.az\/?author=2"},"rttpg_comment":0,"rttpg_category":"<a href=\"https:\/\/arantv.az\/?cat=6\" rel=\"category\">\u0130dman<\/a>","rttpg_excerpt":"X\u0259b\u0259r\u00a0verdiyimiz kimi, Az\u0259rbaycan Prezidenti \u0130lham \u018fliyev &#8220;Qaraba\u011f&#8221;\u0131 \u00c7empionlar Liqas\u0131n\u0131n\u0131n \u0259sas m\u0259rh\u0259l\u0259sin\u0259 y\u00fcks\u0259lm\u0259si m\u00fcnasib\u0259til\u0259 t\u0259brik edib. &#8220;Qafqazinfo&#8221;nun m\u0259lumat\u0131na g\u00f6r\u0259, A\u011fdam klubunun ba\u015f m\u0259\u015fq\u00e7isi Qurban Qurbanov d\u00f6vl\u0259t ba\u015f\u00e7\u0131s\u0131n\u0131n r\u0259smi X hesab\u0131nda etdiyi t\u0259brikl\u0259 m\u0259tbuat konfrans\u0131nda tan\u0131\u015f olub. T\u0259cr\u00fcb\u0259li m\u00fct\u0259x\u0259ssis d\u0259 \u00f6z n\u00f6vb\u0259sind\u0259 Prezident \u0130lham \u018fliyevi t\u0259brik edib: &#8220;Prezident bir daha g\u00f6st\u0259rdi ki, g\u00f6z\u00fc bizim \u00fcz\u0259rind\u0259dir v\u0259 bizim&hellip;","_links":{"self":[{"href":"https:\/\/arantv.az\/index.php?rest_route=\/wp\/v2\/posts\/823064"}],"collection":[{"href":"https:\/\/arantv.az\/index.php?rest_route=\/wp\/v2\/posts"}],"about":[{"href":"https:\/\/arantv.az\/index.php?rest_route=\/wp\/v2\/types\/post"}],"author":[{"embeddable":true,"href":"https:\/\/arantv.az\/index.php?rest_route=\/wp\/v2\/users\/2"}],"replies":[{"embeddable":true,"href":"https:\/\/arantv.az\/index.php?rest_route=%2Fwp%2Fv2%2Fcomments&post=823064"}],"version-history":[{"count":1,"href":"https:\/\/arantv.az\/index.php?rest_route=\/wp\/v2\/posts\/823064\/revisions"}],"predecessor-version":[{"id":823066,"href":"https:\/\/arantv.az\/index.php?rest_route=\/wp\/v2\/posts\/823064\/revisions\/823066"}],"wp:featuredmedia":[{"embeddable":true,"href":"https:\/\/arantv.az\/index.php?rest_route=\/wp\/v2\/media\/823065"}],"wp:attachment":[{"href":"https:\/\/arantv.az\/index.php?rest_route=%2Fwp%2Fv2%2Fmedia&parent=823064"}],"wp:term":[{"taxonomy":"category","embeddable":true,"href":"https:\/\/arantv.az\/index.php?rest_route=%2Fwp%2Fv2%2Fcategories&post=823064"},{"taxonomy":"post_tag","embeddable":true,"href":"https:\/\/arantv.az\/index.php?rest_route=%2Fwp%2Fv2%2Ftags&post=823064"}],"curies":[{"name":"wp","href":"https:\/\/api.w.org\/{rel}","templated":true}]}}