{"id":824169,"date":"2025-09-02T19:13:10","date_gmt":"2025-09-02T15:13:10","guid":{"rendered":"https:\/\/arantv.az\/?p=824169"},"modified":"2025-09-02T19:13:10","modified_gmt":"2025-09-02T15:13:10","slug":"prezident-h%c9%99mkarini-t%c9%99brik-etdi","status":"publish","type":"post","link":"https:\/\/arantv.az\/?p=824169","title":{"rendered":"Prezident h\u0259mkar\u0131n\u0131 t\u0259brik etdi"},"content":{"rendered":"<p><strong>Prezident \u0130lham \u018fliyev Vyetnam Sosialist Respublikas\u0131n\u0131n Prezidenti L\u0131onq K\u0131onqa t\u0259brik m\u0259ktubu g\u00f6nd\u0259rib.<\/strong><\/p>\n<p><strong>ARANTV.AZ <\/strong>\u00a0x\u0259b\u0259r verir ki, m\u0259ktubda deyilir:<\/p>\n<p>&#8220;H\u00f6rm\u0259tli c\u0259nab Prezident,<\/p>\n<p>Vyetnam Sosialist Respublikas\u0131n\u0131n m\u00fcst\u0259qilliyinin 80-ci ild\u00f6n\u00fcm\u00fc m\u00fcnasib\u0259til\u0259 Sizi v\u0259 Sizin siman\u0131zda dost Vyetnam xalq\u0131n\u0131 \u00f6z ad\u0131mdan v\u0259 Az\u0259rbaycan xalq\u0131 ad\u0131ndan \u00fcr\u0259kd\u0259n t\u0259brik edir v\u0259 \u0259n xo\u015f arzular\u0131m\u0131 \u00e7atd\u0131r\u0131ram.<\/p>\n<p>B\u00f6y\u00fck inki\u015faf yolu ke\u00e7mi\u015f Vyetnam bu g\u00fcn b\u00fct\u00fcn sah\u0259l\u0259rd\u0259 sanball\u0131 nailiyy\u0259tl\u0259r \u0259ld\u0259 etmi\u015f v\u0259 u\u011furlara imza atm\u0131\u015fd\u0131r.<\/p>\n<p>Xo\u015f \u0259n\u0259n\u0259l\u0259r\u0259 \u0259saslanan Az\u0259rbaycan-Vyetnam \u0259laq\u0259l\u0259rinin inki\u015faf s\u0259viyy\u0259si m\u0259mnunluq do\u011furur. May ay\u0131nda Vyetnam Kommunist Partiyas\u0131n\u0131n M\u0259rk\u0259zi Komit\u0259sinin Ba\u015f katibi c\u0259nab To Lam\u0131n Az\u0259rbaycana d\u00f6vl\u0259t s\u0259f\u0259ri ikit\u0259r\u0259fli \u0259laq\u0259l\u0259rimizin inki\u015faf\u0131 bax\u0131m\u0131ndan x\u00fcsusi \u0259h\u0259miyy\u0259t da\u015f\u0131y\u0131r. S\u0259f\u0259r \u00e7\u0259r\u00e7iv\u0259sind\u0259 bir s\u0131ra istiqam\u0259tl\u0259r \u00fczr\u0259 imzalanm\u0131\u015f s\u0259n\u0259dl\u0259r, x\u00fcsusil\u0259 d\u0259 &#8220;Az\u0259rbaycan Respublikas\u0131 il\u0259 Vyetnam Sosialist Respublikas\u0131 aras\u0131nda Strateji T\u0259r\u0259fda\u015fl\u0131\u011f\u0131n qurulmas\u0131 haqq\u0131nda Birg\u0259 B\u0259yanat&#8221; Az\u0259rbaycan-Vyetnam \u0259laq\u0259l\u0259rini daha y\u00fcks\u0259k pill\u0259y\u0259 qald\u0131rd\u0131.<\/p>\n<p>Haz\u0131rda \u00f6lk\u0259l\u0259rimiz aras\u0131nda iqtisadiyyat, ticar\u0259t, m\u0259d\u0259niyy\u0259t, t\u0259hsil, energetika, n\u0259qliyyat v\u0259 dig\u0259r sah\u0259l\u0259r \u00fczr\u0259 b\u00f6y\u00fck \u0259m\u0259kda\u015fl\u0131q potensial\u0131 m\u00f6vcuddur. Beyn\u0259lxalq t\u0259\u015fkilatlar \u00e7\u0259r\u00e7iv\u0259sind\u0259 qar\u015f\u0131l\u0131ql\u0131 etimad v\u0259 d\u0259st\u0259y\u0259 \u0259saslanan s\u0259m\u0259r\u0259li \u0259m\u0259kda\u015fl\u0131\u011f\u0131m\u0131z\u0131 x\u00fcsusi qeyd etm\u0259k ist\u0259rdim. Biz sa\u011flam t\u0259m\u0259ll\u0259r \u00fcz\u0259rind\u0259 qurulmu\u015f d\u00f6vl\u0259tl\u0259raras\u0131 \u0259laq\u0259l\u0259rimizi bundan sonra da inki\u015faf etdirm\u0259k \u0259zmind\u0259yik.<\/p>\n<p>\u018fmin\u0259m ki, dost xalqlar\u0131m\u0131z\u0131n m\u0259nafel\u0259rin\u0259 uy\u011fun olaraq Az\u0259rbaycan il\u0259 Vyetnam aras\u0131nda \u0259laq\u0259l\u0259rin m\u00f6hk\u0259ml\u0259ndirilm\u0259si, ikit\u0259r\u0259fli v\u0259 \u00e7oxt\u0259r\u0259fli \u0259m\u0259kda\u015fl\u0131\u011f\u0131m\u0131z\u0131n daha da geni\u015fl\u0259ndirilm\u0259si istiqam\u0259tind\u0259 birg\u0259 s\u0259yl\u0259rimizi bundan sonra da u\u011furla davam etdir\u0259c\u0259yik.<\/p>\n<p>Bu \u0259lam\u0259tdar g\u00fcnd\u0259 Siz\u0259 m\u00f6hk\u0259m cansa\u011fl\u0131\u011f\u0131, xo\u015fb\u0259xtlik, i\u015fl\u0259rinizd\u0259 m\u00fcv\u0259ff\u0259qiyy\u0259tl\u0259r, dost Vyetnam xalq\u0131na daim \u0259min-amanl\u0131q v\u0259 rifah dil\u0259yir\u0259m&#8221;.<\/p>\n","protected":false},"excerpt":{"rendered":"<p>Prezident \u0130lham \u018fliyev Vyetnam Sosialist Respublikas\u0131n\u0131n Prezidenti L\u0131onq K\u0131onqa t\u0259brik m\u0259ktubu g\u00f6nd\u0259rib. ARANTV.AZ \u00a0x\u0259b\u0259r verir ki, m\u0259ktubda deyilir: &#8220;H\u00f6rm\u0259tli c\u0259nab Prezident, Vyetnam Sosialist Respublikas\u0131n\u0131n m\u00fcst\u0259qilliyinin 80-ci ild\u00f6n\u00fcm\u00fc m\u00fcnasib\u0259til\u0259 Sizi v\u0259 Sizin siman\u0131zda dost Vyetnam xalq\u0131n\u0131 \u00f6z ad\u0131mdan v\u0259 Az\u0259rbaycan xalq\u0131 ad\u0131ndan \u00fcr\u0259kd\u0259n t\u0259brik edir v\u0259 \u0259n xo\u015f arzular\u0131m\u0131 \u00e7atd\u0131r\u0131ram. B\u00f6y\u00fck inki\u015faf yolu ke\u00e7mi\u015f Vyetnam bu g\u00fcn b\u00fct\u00fcn sah\u0259l\u0259rd\u0259 sanball\u0131 nailiyy\u0259tl\u0259r \u0259ld\u0259 etmi\u015f v\u0259 u\u011furlara imza atm\u0131\u015fd\u0131r. Xo\u015f \u0259n\u0259n\u0259l\u0259r\u0259 \u0259saslanan Az\u0259rbaycan-Vyetnam \u0259laq\u0259l\u0259rinin inki\u015faf s\u0259viyy\u0259si m\u0259mnunluq do\u011furur. May ay\u0131nda Vyetnam Kommunist Partiyas\u0131n\u0131n M\u0259rk\u0259zi Komit\u0259sinin Ba\u015f katibi c\u0259nab To Lam\u0131n Az\u0259rbaycana d\u00f6vl\u0259t s\u0259f\u0259ri&hellip;<\/p>\n","protected":false},"author":2,"featured_media":824170,"comment_status":"closed","ping_status":"closed","sticky":false,"template":"","format":"standard","meta":{"om_disable_all_campaigns":false,"_monsterinsights_skip_tracking":false,"_monsterinsights_sitenote_active":false,"_monsterinsights_sitenote_note":"","_monsterinsights_sitenote_category":0},"categories":[4],"tags":[],"aioseo_notices":[],"gutentor_comment":0,"rttpg_featured_image_url":{"full":["https:\/\/arantv.az\/wp-content\/uploads\/2025\/09\/ea8b6a32c4350a91c44324aeec342192.png",870,500,false],"landscape":["https:\/\/arantv.az\/wp-content\/uploads\/2025\/09\/ea8b6a32c4350a91c44324aeec342192.png",870,500,false],"portraits":["https:\/\/arantv.az\/wp-content\/uploads\/2025\/09\/ea8b6a32c4350a91c44324aeec342192.png",870,500,false],"thumbnail":["https:\/\/arantv.az\/wp-content\/uploads\/2025\/09\/ea8b6a32c4350a91c44324aeec342192-500x280.png",500,280,true],"medium":["https:\/\/arantv.az\/wp-content\/uploads\/2025\/09\/ea8b6a32c4350a91c44324aeec342192-635x365.png",635,365,true],"large":["https:\/\/arantv.az\/wp-content\/uploads\/2025\/09\/ea8b6a32c4350a91c44324aeec342192-840x483.png",640,368,true],"1536x1536":["https:\/\/arantv.az\/wp-content\/uploads\/2025\/09\/ea8b6a32c4350a91c44324aeec342192.png",870,500,false],"2048x2048":["https:\/\/arantv.az\/wp-content\/uploads\/2025\/09\/ea8b6a32c4350a91c44324aeec342192.png",870,500,false],"post-thumbnail":["https:\/\/arantv.az\/wp-content\/uploads\/2025\/09\/ea8b6a32c4350a91c44324aeec342192-240x172.png",240,172,true],"advps-thumb-one":["https:\/\/arantv.az\/wp-content\/uploads\/2025\/09\/ea8b6a32c4350a91c44324aeec342192.png",870,500,false]},"rttpg_author":{"display_name":"V\u00fcsal Rafiqo\u011flu","author_link":"https:\/\/arantv.az\/?author=2"},"rttpg_comment":0,"rttpg_category":"<a href=\"https:\/\/arantv.az\/?cat=4\" rel=\"category\">Siyas\u0259t<\/a>","rttpg_excerpt":"Prezident \u0130lham \u018fliyev Vyetnam Sosialist Respublikas\u0131n\u0131n Prezidenti L\u0131onq K\u0131onqa t\u0259brik m\u0259ktubu g\u00f6nd\u0259rib. ARANTV.AZ \u00a0x\u0259b\u0259r verir ki, m\u0259ktubda deyilir: &#8220;H\u00f6rm\u0259tli c\u0259nab Prezident, Vyetnam Sosialist Respublikas\u0131n\u0131n m\u00fcst\u0259qilliyinin 80-ci ild\u00f6n\u00fcm\u00fc m\u00fcnasib\u0259til\u0259 Sizi v\u0259 Sizin siman\u0131zda dost Vyetnam xalq\u0131n\u0131 \u00f6z ad\u0131mdan v\u0259 Az\u0259rbaycan xalq\u0131 ad\u0131ndan \u00fcr\u0259kd\u0259n t\u0259brik edir v\u0259 \u0259n xo\u015f arzular\u0131m\u0131 \u00e7atd\u0131r\u0131ram. B\u00f6y\u00fck inki\u015faf yolu ke\u00e7mi\u015f Vyetnam bu&hellip;","_links":{"self":[{"href":"https:\/\/arantv.az\/index.php?rest_route=\/wp\/v2\/posts\/824169"}],"collection":[{"href":"https:\/\/arantv.az\/index.php?rest_route=\/wp\/v2\/posts"}],"about":[{"href":"https:\/\/arantv.az\/index.php?rest_route=\/wp\/v2\/types\/post"}],"author":[{"embeddable":true,"href":"https:\/\/arantv.az\/index.php?rest_route=\/wp\/v2\/users\/2"}],"replies":[{"embeddable":true,"href":"https:\/\/arantv.az\/index.php?rest_route=%2Fwp%2Fv2%2Fcomments&post=824169"}],"version-history":[{"count":1,"href":"https:\/\/arantv.az\/index.php?rest_route=\/wp\/v2\/posts\/824169\/revisions"}],"predecessor-version":[{"id":824171,"href":"https:\/\/arantv.az\/index.php?rest_route=\/wp\/v2\/posts\/824169\/revisions\/824171"}],"wp:featuredmedia":[{"embeddable":true,"href":"https:\/\/arantv.az\/index.php?rest_route=\/wp\/v2\/media\/824170"}],"wp:attachment":[{"href":"https:\/\/arantv.az\/index.php?rest_route=%2Fwp%2Fv2%2Fmedia&parent=824169"}],"wp:term":[{"taxonomy":"category","embeddable":true,"href":"https:\/\/arantv.az\/index.php?rest_route=%2Fwp%2Fv2%2Fcategories&post=824169"},{"taxonomy":"post_tag","embeddable":true,"href":"https:\/\/arantv.az\/index.php?rest_route=%2Fwp%2Fv2%2Ftags&post=824169"}],"curies":[{"name":"wp","href":"https:\/\/api.w.org\/{rel}","templated":true}]}}