{"id":824172,"date":"2025-09-02T19:13:56","date_gmt":"2025-09-02T15:13:56","guid":{"rendered":"https:\/\/arantv.az\/?p=824172"},"modified":"2025-09-02T19:13:56","modified_gmt":"2025-09-02T15:13:56","slug":"ilham-%c9%99liyev-xi-yinfenl%c9%99-gorusdufoto","status":"publish","type":"post","link":"https:\/\/arantv.az\/?p=824172","title":{"rendered":"\u0130lham \u018fliyev X\u0131 Y\u0131nfenl\u0259 g\u00f6r\u00fc\u015fd\u00fcFOTO"},"content":{"rendered":"<div class=\"text-content\" data-id=\"\" data-url=\"\">\n<p><strong>Az\u0259rbaycan Prezidenti \u0130lham \u018fliyev sentyabr\u0131n 2-d\u0259 \u00c7inin Tiencin \u015f\u0259h\u0259rind\u0259 &#8220;Powerchina group&#8221; \u015firk\u0259tl\u0259r qrupunun icra\u00e7\u0131 vitse-prezidenti X\u0131 Y\u0131nfen il\u0259 g\u00f6r\u00fc\u015f\u00fcb.<\/strong><\/p>\n<p><strong>ARANTV.AZ <\/strong>\u00a0x\u0259b\u0259r verir ki, g\u00f6r\u00fc\u015fd\u0259 \u015firk\u0259tin Az\u0259rbaycanda u\u011furla f\u0259aliyy\u0259t g\u00f6st\u0259rdiyi qeyd olunub.<\/p>\n<p>Ya\u015f\u0131l enerji, \u0259traf m\u00fchitin m\u00fchafiz\u0259si, su resurslar\u0131n\u0131n idar\u0259olunmas\u0131, \u00e7irkab sular\u0131n t\u0259mizl\u0259nm\u0259si, elektroenergetika v\u0259 ya\u015f\u0131l hidrogen layih\u0259l\u0259ri, tikinti, avadanl\u0131q istehsal\u0131 sah\u0259l\u0259rind\u0259 \u0259m\u0259kda\u015fl\u0131q m\u0259s\u0259l\u0259l\u0259ri m\u00fczakir\u0259 edilib.<\/p>\n<p>Eyni zamanda, G\u00fcn\u0259\u015f v\u0259 k\u00fcl\u0259k elektrik stansiyalar\u0131n\u0131n in\u015fas\u0131, &#8220;a\u011f\u0131ll\u0131 enerji sisteml\u0259ri&#8221;nin inteqrasiyas\u0131 v\u0259 yerli m\u00fct\u0259x\u0259ssisl\u0259rin haz\u0131rlanmas\u0131 \u00fczr\u0259 \u0259m\u0259kda\u015fl\u0131qla ba\u011fl\u0131 perspektivl\u0259r\u0259 dair fikir m\u00fcbadil\u0259si apar\u0131l\u0131b.<\/p>\n<\/div>\n<div>\n<div class=\"form-group\"><img class=\"img-responsive\" src=\"https:\/\/cdn.musavat.com\/news\/images\/Ayten\/YINF%201.png\" \/><\/div>\n<div class=\"form-group\"><img class=\"img-responsive\" src=\"https:\/\/cdn.musavat.com\/news\/images\/Ayten\/YINF.png\" \/><\/div>\n<\/div>\n","protected":false},"excerpt":{"rendered":"<p>Az\u0259rbaycan Prezidenti \u0130lham \u018fliyev sentyabr\u0131n 2-d\u0259 \u00c7inin Tiencin \u015f\u0259h\u0259rind\u0259 &#8220;Powerchina group&#8221; \u015firk\u0259tl\u0259r qrupunun icra\u00e7\u0131 vitse-prezidenti X\u0131 Y\u0131nfen il\u0259 g\u00f6r\u00fc\u015f\u00fcb. ARANTV.AZ \u00a0x\u0259b\u0259r verir ki, g\u00f6r\u00fc\u015fd\u0259 \u015firk\u0259tin Az\u0259rbaycanda u\u011furla f\u0259aliyy\u0259t g\u00f6st\u0259rdiyi qeyd olunub. Ya\u015f\u0131l enerji, \u0259traf m\u00fchitin m\u00fchafiz\u0259si, su resurslar\u0131n\u0131n idar\u0259olunmas\u0131, \u00e7irkab sular\u0131n t\u0259mizl\u0259nm\u0259si, elektroenergetika v\u0259 ya\u015f\u0131l hidrogen layih\u0259l\u0259ri, tikinti, avadanl\u0131q istehsal\u0131 sah\u0259l\u0259rind\u0259 \u0259m\u0259kda\u015fl\u0131q m\u0259s\u0259l\u0259l\u0259ri m\u00fczakir\u0259 edilib. Eyni zamanda, G\u00fcn\u0259\u015f v\u0259 k\u00fcl\u0259k elektrik stansiyalar\u0131n\u0131n in\u015fas\u0131, &#8220;a\u011f\u0131ll\u0131 enerji sisteml\u0259ri&#8221;nin inteqrasiyas\u0131 v\u0259 yerli m\u00fct\u0259x\u0259ssisl\u0259rin haz\u0131rlanmas\u0131 \u00fczr\u0259 \u0259m\u0259kda\u015fl\u0131qla ba\u011fl\u0131 perspektivl\u0259r\u0259 dair fikir m\u00fcbadil\u0259si apar\u0131l\u0131b.<\/p>\n","protected":false},"author":2,"featured_media":824173,"comment_status":"closed","ping_status":"closed","sticky":false,"template":"","format":"standard","meta":{"om_disable_all_campaigns":false,"_monsterinsights_skip_tracking":false,"_monsterinsights_sitenote_active":false,"_monsterinsights_sitenote_note":"","_monsterinsights_sitenote_category":0},"categories":[4],"tags":[],"aioseo_notices":[],"gutentor_comment":0,"rttpg_featured_image_url":{"full":["https:\/\/arantv.az\/wp-content\/uploads\/2025\/09\/4e3784c499b38e33f62fb4579d58dbd0.jpg",824,500,false],"landscape":["https:\/\/arantv.az\/wp-content\/uploads\/2025\/09\/4e3784c499b38e33f62fb4579d58dbd0.jpg",824,500,false],"portraits":["https:\/\/arantv.az\/wp-content\/uploads\/2025\/09\/4e3784c499b38e33f62fb4579d58dbd0.jpg",824,500,false],"thumbnail":["https:\/\/arantv.az\/wp-content\/uploads\/2025\/09\/4e3784c499b38e33f62fb4579d58dbd0-500x280.jpg",500,280,true],"medium":["https:\/\/arantv.az\/wp-content\/uploads\/2025\/09\/4e3784c499b38e33f62fb4579d58dbd0-602x365.jpg",602,365,true],"large":["https:\/\/arantv.az\/wp-content\/uploads\/2025\/09\/4e3784c499b38e33f62fb4579d58dbd0.jpg",640,388,false],"1536x1536":["https:\/\/arantv.az\/wp-content\/uploads\/2025\/09\/4e3784c499b38e33f62fb4579d58dbd0.jpg",824,500,false],"2048x2048":["https:\/\/arantv.az\/wp-content\/uploads\/2025\/09\/4e3784c499b38e33f62fb4579d58dbd0.jpg",824,500,false],"post-thumbnail":["https:\/\/arantv.az\/wp-content\/uploads\/2025\/09\/4e3784c499b38e33f62fb4579d58dbd0-240x172.jpg",240,172,true],"advps-thumb-one":["https:\/\/arantv.az\/wp-content\/uploads\/2025\/09\/4e3784c499b38e33f62fb4579d58dbd0.jpg",824,500,false]},"rttpg_author":{"display_name":"V\u00fcsal Rafiqo\u011flu","author_link":"https:\/\/arantv.az\/?author=2"},"rttpg_comment":0,"rttpg_category":"<a href=\"https:\/\/arantv.az\/?cat=4\" rel=\"category\">Siyas\u0259t<\/a>","rttpg_excerpt":"Az\u0259rbaycan Prezidenti \u0130lham \u018fliyev sentyabr\u0131n 2-d\u0259 \u00c7inin Tiencin \u015f\u0259h\u0259rind\u0259 &#8220;Powerchina group&#8221; \u015firk\u0259tl\u0259r qrupunun icra\u00e7\u0131 vitse-prezidenti X\u0131 Y\u0131nfen il\u0259 g\u00f6r\u00fc\u015f\u00fcb. ARANTV.AZ \u00a0x\u0259b\u0259r verir ki, g\u00f6r\u00fc\u015fd\u0259 \u015firk\u0259tin Az\u0259rbaycanda u\u011furla f\u0259aliyy\u0259t g\u00f6st\u0259rdiyi qeyd olunub. Ya\u015f\u0131l enerji, \u0259traf m\u00fchitin m\u00fchafiz\u0259si, su resurslar\u0131n\u0131n idar\u0259olunmas\u0131, \u00e7irkab sular\u0131n t\u0259mizl\u0259nm\u0259si, elektroenergetika v\u0259 ya\u015f\u0131l hidrogen layih\u0259l\u0259ri, tikinti, avadanl\u0131q istehsal\u0131 sah\u0259l\u0259rind\u0259 \u0259m\u0259kda\u015fl\u0131q m\u0259s\u0259l\u0259l\u0259ri m\u00fczakir\u0259 edilib.&hellip;","_links":{"self":[{"href":"https:\/\/arantv.az\/index.php?rest_route=\/wp\/v2\/posts\/824172"}],"collection":[{"href":"https:\/\/arantv.az\/index.php?rest_route=\/wp\/v2\/posts"}],"about":[{"href":"https:\/\/arantv.az\/index.php?rest_route=\/wp\/v2\/types\/post"}],"author":[{"embeddable":true,"href":"https:\/\/arantv.az\/index.php?rest_route=\/wp\/v2\/users\/2"}],"replies":[{"embeddable":true,"href":"https:\/\/arantv.az\/index.php?rest_route=%2Fwp%2Fv2%2Fcomments&post=824172"}],"version-history":[{"count":1,"href":"https:\/\/arantv.az\/index.php?rest_route=\/wp\/v2\/posts\/824172\/revisions"}],"predecessor-version":[{"id":824174,"href":"https:\/\/arantv.az\/index.php?rest_route=\/wp\/v2\/posts\/824172\/revisions\/824174"}],"wp:featuredmedia":[{"embeddable":true,"href":"https:\/\/arantv.az\/index.php?rest_route=\/wp\/v2\/media\/824173"}],"wp:attachment":[{"href":"https:\/\/arantv.az\/index.php?rest_route=%2Fwp%2Fv2%2Fmedia&parent=824172"}],"wp:term":[{"taxonomy":"category","embeddable":true,"href":"https:\/\/arantv.az\/index.php?rest_route=%2Fwp%2Fv2%2Fcategories&post=824172"},{"taxonomy":"post_tag","embeddable":true,"href":"https:\/\/arantv.az\/index.php?rest_route=%2Fwp%2Fv2%2Ftags&post=824172"}],"curies":[{"name":"wp","href":"https:\/\/api.w.org\/{rel}","templated":true}]}}