{"id":824183,"date":"2025-09-02T20:12:26","date_gmt":"2025-09-02T16:12:26","guid":{"rendered":"https:\/\/arantv.az\/?p=824183"},"modified":"2025-09-02T20:12:26","modified_gmt":"2025-09-02T16:12:26","slug":"cevdet-yilmaz-az%c9%99rbaycanla-erm%c9%99nistan-arasinda-normallasma-prosesini-d%c9%99st%c9%99kl%c9%99m%c9%99y%c9%99-davam-ed%c9%99c%c9%99yik","status":"publish","type":"post","link":"https:\/\/arantv.az\/?p=824183","title":{"rendered":"Cevdet Y\u0131lmaz: Az\u0259rbaycanla Erm\u0259nistan aras\u0131nda normalla\u015fma prosesini d\u0259st\u0259kl\u0259m\u0259y\u0259 davam ed\u0259c\u0259yik"},"content":{"rendered":"<p>Regional s\u00fclh prosesini v\u0259 Az\u0259rbaycanla Erm\u0259nistan aras\u0131nda normalla\u015fma prosesini d\u0259st\u0259kl\u0259m\u0259y\u0259 davam ed\u0259c\u0259yik.<\/p>\n<p>&#8220;Report&#8221; &#8220;Anadolu&#8221;ya istinad\u0259n x\u0259b\u0259r verir ki, bunu T\u00fcrkiy\u0259nin vitse-prezidenti Cevdet Y\u0131lmaz Az\u0259rbaycan\u0131n \u0259m\u0259k v\u0259 \u0259halinin sosial m\u00fcdafi\u0259si naziri Anar \u018fliyevl\u0259 g\u00f6r\u00fc\u015f\u00fcnd\u0259n sonra \u00f6z\u00fcn\u00fcn sosial \u015f\u0259b\u0259k\u0259 hesab\u0131ndak\u0131 payla\u015f\u0131mda qeyd edib.<\/p>\n<p>&#8220;Biz birg\u0259 komissiya iclaslar\u0131 vasit\u0259sil\u0259 qarda\u015f Az\u0259rbaycanla \u0259m\u0259kda\u015fl\u0131\u011f\u0131m\u0131z\u0131 daha da g\u00fccl\u0259ndirm\u0259kd\u0259n m\u0259mnunuq. M\u00f6ht\u0259r\u0259m Prezidentl\u0259rimizin r\u0259hb\u0259rliyi alt\u0131nda \u015eu\u015fa B\u0259yannam\u0259si il\u0259 m\u00fctt\u0259fiqlik s\u0259viyy\u0259sin\u0259 y\u00fcks\u0259lmi\u015f \u0259laq\u0259l\u0259rimiz iqtisadiyyat, sosial siyas\u0259t, regional \u0259m\u0259kda\u015fl\u0131q sah\u0259l\u0259rind\u0259 yeni \u00fcf\u00fcql\u0259r a\u00e7\u0131r. Avqustun 8-d\u0259 Va\u015finqtonda at\u0131lan tarixi add\u0131mdan sonra C\u0259nubi Qafqazda davaml\u0131 s\u00fclh v\u0259 sabitliy\u0259 olan \u00fcmidl\u0259rimiz daha da artd\u0131. M\u0259qs\u0259dimiz \u00fcmumi inki\u015faf\u0131m\u0131z\u0131, b\u0259\u015f\u0259ri \u0259laq\u0259l\u0259rimizi v\u0259 qarda\u015fl\u0131\u011f\u0131m\u0131z\u0131 daha da g\u00fccl\u0259ndirm\u0259kl\u0259 regionumuzda s\u00fclh\u00fcn, sabitliyin v\u0259 rifah\u0131n h\u00f6km s\u00fcrm\u0259sin\u0259 t\u00f6hf\u0259 verm\u0259kdir&#8221;, &#8211; o bildirib.<\/p>\n<p>Qeyd ed\u0259k ki, A.\u018fliyev T\u00fcrkiy\u0259d\u0259 s\u0259f\u0259rd\u0259dir. O, Prezident \u0130qam\u0259tgah\u0131nda C.Y\u0131lmazla g\u00f6r\u00fc\u015f\u00fcb. G\u00f6r\u00fc\u015fd\u0259 T\u00fcrkiy\u0259nin \u0259m\u0259k v\u0259 sosial m\u00fcdafi\u0259 naziri Vedat I\u015f\u0131khan, nazir m\u00fcavini Adnan Ertem d\u0259 i\u015ftirak edibl\u0259r.<\/p>\n","protected":false},"excerpt":{"rendered":"<p>Regional s\u00fclh prosesini v\u0259 Az\u0259rbaycanla Erm\u0259nistan aras\u0131nda normalla\u015fma prosesini d\u0259st\u0259kl\u0259m\u0259y\u0259 davam ed\u0259c\u0259yik. &#8220;Report&#8221; &#8220;Anadolu&#8221;ya istinad\u0259n x\u0259b\u0259r verir ki, bunu T\u00fcrkiy\u0259nin vitse-prezidenti Cevdet Y\u0131lmaz Az\u0259rbaycan\u0131n \u0259m\u0259k v\u0259 \u0259halinin sosial m\u00fcdafi\u0259si naziri Anar \u018fliyevl\u0259 g\u00f6r\u00fc\u015f\u00fcnd\u0259n sonra \u00f6z\u00fcn\u00fcn sosial \u015f\u0259b\u0259k\u0259 hesab\u0131ndak\u0131 payla\u015f\u0131mda qeyd edib. &#8220;Biz birg\u0259 komissiya iclaslar\u0131 vasit\u0259sil\u0259 qarda\u015f Az\u0259rbaycanla \u0259m\u0259kda\u015fl\u0131\u011f\u0131m\u0131z\u0131 daha da g\u00fccl\u0259ndirm\u0259kd\u0259n m\u0259mnunuq. M\u00f6ht\u0259r\u0259m Prezidentl\u0259rimizin r\u0259hb\u0259rliyi alt\u0131nda \u015eu\u015fa B\u0259yannam\u0259si il\u0259 m\u00fctt\u0259fiqlik s\u0259viyy\u0259sin\u0259 y\u00fcks\u0259lmi\u015f \u0259laq\u0259l\u0259rimiz iqtisadiyyat, sosial siyas\u0259t, regional \u0259m\u0259kda\u015fl\u0131q sah\u0259l\u0259rind\u0259 yeni \u00fcf\u00fcql\u0259r a\u00e7\u0131r. Avqustun 8-d\u0259 Va\u015finqtonda at\u0131lan tarixi add\u0131mdan sonra C\u0259nubi Qafqazda davaml\u0131 s\u00fclh v\u0259 sabitliy\u0259 olan \u00fcmidl\u0259rimiz daha da&hellip;<\/p>\n","protected":false},"author":2,"featured_media":824184,"comment_status":"closed","ping_status":"closed","sticky":false,"template":"","format":"standard","meta":{"om_disable_all_campaigns":false,"_monsterinsights_skip_tracking":false,"_monsterinsights_sitenote_active":false,"_monsterinsights_sitenote_note":"","_monsterinsights_sitenote_category":0},"categories":[4],"tags":[],"aioseo_notices":[],"gutentor_comment":0,"rttpg_featured_image_url":{"full":["https:\/\/arantv.az\/wp-content\/uploads\/2025\/09\/2daaef83790238fe9186943323f158b5.jpg",824,500,false],"landscape":["https:\/\/arantv.az\/wp-content\/uploads\/2025\/09\/2daaef83790238fe9186943323f158b5.jpg",824,500,false],"portraits":["https:\/\/arantv.az\/wp-content\/uploads\/2025\/09\/2daaef83790238fe9186943323f158b5.jpg",824,500,false],"thumbnail":["https:\/\/arantv.az\/wp-content\/uploads\/2025\/09\/2daaef83790238fe9186943323f158b5-500x280.jpg",500,280,true],"medium":["https:\/\/arantv.az\/wp-content\/uploads\/2025\/09\/2daaef83790238fe9186943323f158b5-602x365.jpg",602,365,true],"large":["https:\/\/arantv.az\/wp-content\/uploads\/2025\/09\/2daaef83790238fe9186943323f158b5.jpg",640,388,false],"1536x1536":["https:\/\/arantv.az\/wp-content\/uploads\/2025\/09\/2daaef83790238fe9186943323f158b5.jpg",824,500,false],"2048x2048":["https:\/\/arantv.az\/wp-content\/uploads\/2025\/09\/2daaef83790238fe9186943323f158b5.jpg",824,500,false],"post-thumbnail":["https:\/\/arantv.az\/wp-content\/uploads\/2025\/09\/2daaef83790238fe9186943323f158b5-240x172.jpg",240,172,true],"advps-thumb-one":["https:\/\/arantv.az\/wp-content\/uploads\/2025\/09\/2daaef83790238fe9186943323f158b5.jpg",824,500,false]},"rttpg_author":{"display_name":"V\u00fcsal Rafiqo\u011flu","author_link":"https:\/\/arantv.az\/?author=2"},"rttpg_comment":0,"rttpg_category":"<a href=\"https:\/\/arantv.az\/?cat=4\" rel=\"category\">Siyas\u0259t<\/a>","rttpg_excerpt":"Regional s\u00fclh prosesini v\u0259 Az\u0259rbaycanla Erm\u0259nistan aras\u0131nda normalla\u015fma prosesini d\u0259st\u0259kl\u0259m\u0259y\u0259 davam ed\u0259c\u0259yik. &#8220;Report&#8221; &#8220;Anadolu&#8221;ya istinad\u0259n x\u0259b\u0259r verir ki, bunu T\u00fcrkiy\u0259nin vitse-prezidenti Cevdet Y\u0131lmaz Az\u0259rbaycan\u0131n \u0259m\u0259k v\u0259 \u0259halinin sosial m\u00fcdafi\u0259si naziri Anar \u018fliyevl\u0259 g\u00f6r\u00fc\u015f\u00fcnd\u0259n sonra \u00f6z\u00fcn\u00fcn sosial \u015f\u0259b\u0259k\u0259 hesab\u0131ndak\u0131 payla\u015f\u0131mda qeyd edib. &#8220;Biz birg\u0259 komissiya iclaslar\u0131 vasit\u0259sil\u0259 qarda\u015f Az\u0259rbaycanla \u0259m\u0259kda\u015fl\u0131\u011f\u0131m\u0131z\u0131 daha da g\u00fccl\u0259ndirm\u0259kd\u0259n m\u0259mnunuq. M\u00f6ht\u0259r\u0259m Prezidentl\u0259rimizin&hellip;","_links":{"self":[{"href":"https:\/\/arantv.az\/index.php?rest_route=\/wp\/v2\/posts\/824183"}],"collection":[{"href":"https:\/\/arantv.az\/index.php?rest_route=\/wp\/v2\/posts"}],"about":[{"href":"https:\/\/arantv.az\/index.php?rest_route=\/wp\/v2\/types\/post"}],"author":[{"embeddable":true,"href":"https:\/\/arantv.az\/index.php?rest_route=\/wp\/v2\/users\/2"}],"replies":[{"embeddable":true,"href":"https:\/\/arantv.az\/index.php?rest_route=%2Fwp%2Fv2%2Fcomments&post=824183"}],"version-history":[{"count":2,"href":"https:\/\/arantv.az\/index.php?rest_route=\/wp\/v2\/posts\/824183\/revisions"}],"predecessor-version":[{"id":824186,"href":"https:\/\/arantv.az\/index.php?rest_route=\/wp\/v2\/posts\/824183\/revisions\/824186"}],"wp:featuredmedia":[{"embeddable":true,"href":"https:\/\/arantv.az\/index.php?rest_route=\/wp\/v2\/media\/824184"}],"wp:attachment":[{"href":"https:\/\/arantv.az\/index.php?rest_route=%2Fwp%2Fv2%2Fmedia&parent=824183"}],"wp:term":[{"taxonomy":"category","embeddable":true,"href":"https:\/\/arantv.az\/index.php?rest_route=%2Fwp%2Fv2%2Fcategories&post=824183"},{"taxonomy":"post_tag","embeddable":true,"href":"https:\/\/arantv.az\/index.php?rest_route=%2Fwp%2Fv2%2Ftags&post=824183"}],"curies":[{"name":"wp","href":"https:\/\/api.w.org\/{rel}","templated":true}]}}