{"id":824199,"date":"2025-09-02T21:41:31","date_gmt":"2025-09-02T17:41:31","guid":{"rendered":"https:\/\/arantv.az\/?p=824199"},"modified":"2025-09-02T21:41:31","modified_gmt":"2025-09-02T17:41:31","slug":"masinlarin-yolda-alisma-s%c9%99b%c9%99bl%c9%99ri-aciqlandi","status":"publish","type":"post","link":"https:\/\/arantv.az\/?p=824199","title":{"rendered":"Ma\u015f\u0131nlar\u0131n yolda al\u0131\u015fma s\u0259b\u0259bl\u0259ri a\u00e7\u0131qland\u0131"},"content":{"rendered":"<p>Son zamanlar yanan avtomobill\u0259rin say\u0131 art\u0131b.<\/p>\n<p>Bu sah\u0259 \u00fczr\u0259 ekspert Roman Tima\u015fov gazeta.ru-ya avtomobill\u0259rin al\u0131\u015fma s\u0259b\u0259bl\u0259rini a\u00e7\u0131qlay\u0131b.<\/p>\n<p>Avtomobild\u0259 yan\u011f\u0131n \u0259sas\u0259n elektrik naqill\u0259rind\u0259 nasazl\u0131q, texniki mayel\u0259rin s\u0131zmas\u0131 v\u0259 ya m\u00fch\u0259rrik b\u00f6lm\u0259sin\u0259 yad \u0259\u015fyalar\u0131n d\u00fc\u015fm\u0259si s\u0259b\u0259bind\u0259n ba\u015f ver\u0259 bil\u0259r.<\/p>\n<p>Onun s\u00f6zl\u0259rin\u0259 g\u00f6r\u0259, naqill\u0259rin k\u00f6hn\u0259lm\u0259si, d\u00fczg\u00fcn olmayan qo\u015fulmalar v\u0259 ya uy\u011fun olmayan s\u0131\u011fortan\u0131n qura\u015fd\u0131r\u0131lmas\u0131 izolasiya \u00f6rt\u00fcy\u00fcn\u00fcn \u0259rim\u0259sin\u0259 v\u0259 yan\u011f\u0131na g\u0259tirib \u00e7\u0131xara bil\u0259r. H\u0259m\u00e7inin benzin v\u0259 ya\u011f s\u0131zmalar\u0131 da h\u0259r hans\u0131 q\u0131\u011f\u0131lc\u0131mla yan\u011f\u0131na s\u0259b\u0259b ola bil\u0259r.<\/p>\n<p>M\u00fct\u0259x\u0259ssis bildirib ki, uzun m\u00fcdd\u0259t istifad\u0259 olunmayan avtomobilin m\u00fch\u0259rrik hiss\u0259sin\u0259 qu\u015flar\u0131n yuva salmas\u0131 v\u0259 ya ma\u015f\u0131n\u0131n quru ot \u00fcz\u0259rind\u0259 park olunmas\u0131 da yan\u011f\u0131n riskini art\u0131r\u0131r.<\/p>\n<p>Ekspert s\u00fcr\u00fcc\u00fcl\u0259r\u0259 avtomobil alt\u0131nda maye l\u0259k\u0259l\u0259rin\u0259 v\u0259 salonda g\u00fccl\u00fc benzin qoxusuna diqq\u0259t etm\u0259yi t\u00f6vsiy\u0259 edib.<\/p>\n","protected":false},"excerpt":{"rendered":"<p>Son zamanlar yanan avtomobill\u0259rin say\u0131 art\u0131b. Bu sah\u0259 \u00fczr\u0259 ekspert Roman Tima\u015fov gazeta.ru-ya avtomobill\u0259rin al\u0131\u015fma s\u0259b\u0259bl\u0259rini a\u00e7\u0131qlay\u0131b. Avtomobild\u0259 yan\u011f\u0131n \u0259sas\u0259n elektrik naqill\u0259rind\u0259 nasazl\u0131q, texniki mayel\u0259rin s\u0131zmas\u0131 v\u0259 ya m\u00fch\u0259rrik b\u00f6lm\u0259sin\u0259 yad \u0259\u015fyalar\u0131n d\u00fc\u015fm\u0259si s\u0259b\u0259bind\u0259n ba\u015f ver\u0259 bil\u0259r. Onun s\u00f6zl\u0259rin\u0259 g\u00f6r\u0259, naqill\u0259rin k\u00f6hn\u0259lm\u0259si, d\u00fczg\u00fcn olmayan qo\u015fulmalar v\u0259 ya uy\u011fun olmayan s\u0131\u011fortan\u0131n qura\u015fd\u0131r\u0131lmas\u0131 izolasiya \u00f6rt\u00fcy\u00fcn\u00fcn \u0259rim\u0259sin\u0259 v\u0259 yan\u011f\u0131na g\u0259tirib \u00e7\u0131xara bil\u0259r. H\u0259m\u00e7inin benzin v\u0259 ya\u011f s\u0131zmalar\u0131 da h\u0259r hans\u0131 q\u0131\u011f\u0131lc\u0131mla yan\u011f\u0131na s\u0259b\u0259b ola bil\u0259r. M\u00fct\u0259x\u0259ssis bildirib ki, uzun m\u00fcdd\u0259t istifad\u0259 olunmayan avtomobilin m\u00fch\u0259rrik hiss\u0259sin\u0259 qu\u015flar\u0131n yuva salmas\u0131 v\u0259 ya ma\u015f\u0131n\u0131n quru ot&hellip;<\/p>\n","protected":false},"author":2,"featured_media":824200,"comment_status":"closed","ping_status":"closed","sticky":false,"template":"","format":"standard","meta":{"om_disable_all_campaigns":false,"_monsterinsights_skip_tracking":false,"_monsterinsights_sitenote_active":false,"_monsterinsights_sitenote_note":"","_monsterinsights_sitenote_category":0},"categories":[19],"tags":[],"aioseo_notices":[],"gutentor_comment":0,"rttpg_featured_image_url":{"full":["https:\/\/arantv.az\/wp-content\/uploads\/2025\/09\/ca6b85bdfda0c079c48065b3f8036ef9.jpg",870,500,false],"landscape":["https:\/\/arantv.az\/wp-content\/uploads\/2025\/09\/ca6b85bdfda0c079c48065b3f8036ef9.jpg",870,500,false],"portraits":["https:\/\/arantv.az\/wp-content\/uploads\/2025\/09\/ca6b85bdfda0c079c48065b3f8036ef9.jpg",870,500,false],"thumbnail":["https:\/\/arantv.az\/wp-content\/uploads\/2025\/09\/ca6b85bdfda0c079c48065b3f8036ef9-500x280.jpg",500,280,true],"medium":["https:\/\/arantv.az\/wp-content\/uploads\/2025\/09\/ca6b85bdfda0c079c48065b3f8036ef9-635x365.jpg",635,365,true],"large":["https:\/\/arantv.az\/wp-content\/uploads\/2025\/09\/ca6b85bdfda0c079c48065b3f8036ef9-840x483.jpg",640,368,true],"1536x1536":["https:\/\/arantv.az\/wp-content\/uploads\/2025\/09\/ca6b85bdfda0c079c48065b3f8036ef9.jpg",870,500,false],"2048x2048":["https:\/\/arantv.az\/wp-content\/uploads\/2025\/09\/ca6b85bdfda0c079c48065b3f8036ef9.jpg",870,500,false],"post-thumbnail":["https:\/\/arantv.az\/wp-content\/uploads\/2025\/09\/ca6b85bdfda0c079c48065b3f8036ef9-240x172.jpg",240,172,true],"advps-thumb-one":["https:\/\/arantv.az\/wp-content\/uploads\/2025\/09\/ca6b85bdfda0c079c48065b3f8036ef9.jpg",870,500,false]},"rttpg_author":{"display_name":"V\u00fcsal Rafiqo\u011flu","author_link":"https:\/\/arantv.az\/?author=2"},"rttpg_comment":0,"rttpg_category":"<a href=\"https:\/\/arantv.az\/?cat=19\" rel=\"category\">G\u00fcnd\u0259m<\/a>","rttpg_excerpt":"Son zamanlar yanan avtomobill\u0259rin say\u0131 art\u0131b. Bu sah\u0259 \u00fczr\u0259 ekspert Roman Tima\u015fov gazeta.ru-ya avtomobill\u0259rin al\u0131\u015fma s\u0259b\u0259bl\u0259rini a\u00e7\u0131qlay\u0131b. Avtomobild\u0259 yan\u011f\u0131n \u0259sas\u0259n elektrik naqill\u0259rind\u0259 nasazl\u0131q, texniki mayel\u0259rin s\u0131zmas\u0131 v\u0259 ya m\u00fch\u0259rrik b\u00f6lm\u0259sin\u0259 yad \u0259\u015fyalar\u0131n d\u00fc\u015fm\u0259si s\u0259b\u0259bind\u0259n ba\u015f ver\u0259 bil\u0259r. Onun s\u00f6zl\u0259rin\u0259 g\u00f6r\u0259, naqill\u0259rin k\u00f6hn\u0259lm\u0259si, d\u00fczg\u00fcn olmayan qo\u015fulmalar v\u0259 ya uy\u011fun olmayan s\u0131\u011fortan\u0131n qura\u015fd\u0131r\u0131lmas\u0131 izolasiya \u00f6rt\u00fcy\u00fcn\u00fcn \u0259rim\u0259sin\u0259 v\u0259&hellip;","_links":{"self":[{"href":"https:\/\/arantv.az\/index.php?rest_route=\/wp\/v2\/posts\/824199"}],"collection":[{"href":"https:\/\/arantv.az\/index.php?rest_route=\/wp\/v2\/posts"}],"about":[{"href":"https:\/\/arantv.az\/index.php?rest_route=\/wp\/v2\/types\/post"}],"author":[{"embeddable":true,"href":"https:\/\/arantv.az\/index.php?rest_route=\/wp\/v2\/users\/2"}],"replies":[{"embeddable":true,"href":"https:\/\/arantv.az\/index.php?rest_route=%2Fwp%2Fv2%2Fcomments&post=824199"}],"version-history":[{"count":1,"href":"https:\/\/arantv.az\/index.php?rest_route=\/wp\/v2\/posts\/824199\/revisions"}],"predecessor-version":[{"id":824201,"href":"https:\/\/arantv.az\/index.php?rest_route=\/wp\/v2\/posts\/824199\/revisions\/824201"}],"wp:featuredmedia":[{"embeddable":true,"href":"https:\/\/arantv.az\/index.php?rest_route=\/wp\/v2\/media\/824200"}],"wp:attachment":[{"href":"https:\/\/arantv.az\/index.php?rest_route=%2Fwp%2Fv2%2Fmedia&parent=824199"}],"wp:term":[{"taxonomy":"category","embeddable":true,"href":"https:\/\/arantv.az\/index.php?rest_route=%2Fwp%2Fv2%2Fcategories&post=824199"},{"taxonomy":"post_tag","embeddable":true,"href":"https:\/\/arantv.az\/index.php?rest_route=%2Fwp%2Fv2%2Ftags&post=824199"}],"curies":[{"name":"wp","href":"https:\/\/api.w.org\/{rel}","templated":true}]}}