{"id":824202,"date":"2025-09-02T21:42:17","date_gmt":"2025-09-02T17:42:17","guid":{"rendered":"https:\/\/arantv.az\/?p=824202"},"modified":"2025-09-02T21:42:17","modified_gmt":"2025-09-02T17:42:17","slug":"ara-ayvazyan-s%c9%99rs%c9%99ml%c9%99di-qarabag-m%c9%99s%c9%99l%c9%99si-h%c9%99l%c9%99-bitm%c9%99yib","status":"publish","type":"post","link":"https:\/\/arantv.az\/?p=824202","title":{"rendered":"Ara Ayvazyan s\u0259rs\u0259ml\u0259di: \u201cQaraba\u011f m\u0259s\u0259l\u0259si h\u0259l\u0259 bitm\u0259yib\u201d"},"content":{"rendered":"<p><strong>Erm\u0259nistan\u0131n ke\u00e7mi\u015f xarici i\u015fl\u0259r naziri Ara Ayvazyan \u0130r\u0259vanda Az\u0259rbaycana v\u0259 b\u00fct\u00f6vl\u00fckd\u0259 s\u00fclh prosesin\u0259 qar\u015f\u0131 ke\u00e7iril\u0259n \u201cartsax: h\u0259ll olunmam\u0131\u015f m\u00fcnaqi\u015f\u0259, geri qay\u0131tmaq h\u00fcququ\u201d adl\u0131 qondarma konfransda \u00e7\u0131x\u0131\u015f ed\u0259r\u0259k yenid\u0259n revan\u015fist m\u00f6vqeyini n\u00fcmayi\u015f etdirib.<\/strong><\/p>\n<p><strong>Musavat.com<\/strong>-un erm\u0259ni medias\u0131na istinad\u0259n x\u0259b\u0259rin\u0259 g\u00f6r\u0259, o, Az\u0259rbaycanla Erm\u0259nistan aras\u0131nda AB\u015e-\u0131n vasit\u0259\u00e7iliyi il\u0259 imzalanm\u0131\u015f Va\u015finqton sazi\u015fini h\u0259d\u0259f alaraq sazi\u015fi \u201cs\u00fclh yox, kapitulyasiya s\u0259n\u0259di\u201d kimi q\u0259l\u0259m\u0259 verib.<\/p>\n<p>Ayvazyan\u0131n s\u00f6zl\u0259rin\u0259 g\u00f6r\u0259, 8 avqust tarixli Va\u015finqton raz\u0131la\u015fmas\u0131 erm\u0259nil\u0259rin maraqlar\u0131n\u0131 t\u0259min etmir. Revan\u015fist siyas\u0259tin da\u015f\u0131y\u0131c\u0131s\u0131 olan Ara Ayvazyan \u00e7\u0131x\u0131\u015f\u0131nda \u201cQaraba\u011f m\u0259s\u0259l\u0259sinin ba\u011flanmad\u0131\u011f\u0131n\u0131\u201d iddia edib, \u201cAz\u0259rbaycan\u0131n \u0259ld\u0259 etdiyi q\u0259l\u0259b\u0259ni q\u0259bul etm\u0259m\u0259y\u0259\u201d \u00e7a\u011f\u0131r\u0131b. Onun bildirdiyin\u0259 \u0259sas\u0259n, Erm\u0259nistan c\u0259miyy\u0259ti v\u0259 siyas\u0259t\u00e7il\u0259ri h\u0259l\u0259 d\u0259 \u201cm\u0259\u011flubiyy\u0259ti udmaq\u201d fikri il\u0259 bar\u0131\u015fmaq ist\u0259mirl\u0259r.<\/p>\n<p>Ayvazyan\u0131n b\u0259yanatlar\u0131 bir daha g\u00f6st\u0259rir ki, Erm\u0259nistan\u0131n ke\u00e7mi\u015f r\u0259hb\u0259r elit t\u0259b\u0259q\u0259si regionda s\u00fclh v\u0259 sabitlik deyil, revan\u015fist ideyalar\u0131 k\u00f6r\u00fckl\u0259m\u0259kl\u0259 m\u0259\u015f\u011fuldur.<\/p>\n","protected":false},"excerpt":{"rendered":"<p>Erm\u0259nistan\u0131n ke\u00e7mi\u015f xarici i\u015fl\u0259r naziri Ara Ayvazyan \u0130r\u0259vanda Az\u0259rbaycana v\u0259 b\u00fct\u00f6vl\u00fckd\u0259 s\u00fclh prosesin\u0259 qar\u015f\u0131 ke\u00e7iril\u0259n \u201cartsax: h\u0259ll olunmam\u0131\u015f m\u00fcnaqi\u015f\u0259, geri qay\u0131tmaq h\u00fcququ\u201d adl\u0131 qondarma konfransda \u00e7\u0131x\u0131\u015f ed\u0259r\u0259k yenid\u0259n revan\u015fist m\u00f6vqeyini n\u00fcmayi\u015f etdirib. Musavat.com-un erm\u0259ni medias\u0131na istinad\u0259n x\u0259b\u0259rin\u0259 g\u00f6r\u0259, o, Az\u0259rbaycanla Erm\u0259nistan aras\u0131nda AB\u015e-\u0131n vasit\u0259\u00e7iliyi il\u0259 imzalanm\u0131\u015f Va\u015finqton sazi\u015fini h\u0259d\u0259f alaraq sazi\u015fi \u201cs\u00fclh yox, kapitulyasiya s\u0259n\u0259di\u201d kimi q\u0259l\u0259m\u0259 verib. Ayvazyan\u0131n s\u00f6zl\u0259rin\u0259 g\u00f6r\u0259, 8 avqust tarixli Va\u015finqton raz\u0131la\u015fmas\u0131 erm\u0259nil\u0259rin maraqlar\u0131n\u0131 t\u0259min etmir. Revan\u015fist siyas\u0259tin da\u015f\u0131y\u0131c\u0131s\u0131 olan Ara Ayvazyan \u00e7\u0131x\u0131\u015f\u0131nda \u201cQaraba\u011f m\u0259s\u0259l\u0259sinin ba\u011flanmad\u0131\u011f\u0131n\u0131\u201d iddia edib, \u201cAz\u0259rbaycan\u0131n \u0259ld\u0259 etdiyi q\u0259l\u0259b\u0259ni q\u0259bul etm\u0259m\u0259y\u0259\u201d \u00e7a\u011f\u0131r\u0131b. Onun&hellip;<\/p>\n","protected":false},"author":2,"featured_media":824203,"comment_status":"closed","ping_status":"closed","sticky":false,"template":"","format":"standard","meta":{"om_disable_all_campaigns":false,"_monsterinsights_skip_tracking":false,"_monsterinsights_sitenote_active":false,"_monsterinsights_sitenote_note":"","_monsterinsights_sitenote_category":0},"categories":[19],"tags":[],"aioseo_notices":[],"gutentor_comment":0,"rttpg_featured_image_url":{"full":["https:\/\/arantv.az\/wp-content\/uploads\/2025\/09\/e63fdb6a692adf34390cd125a06f593d.jpg",398,300,false],"landscape":["https:\/\/arantv.az\/wp-content\/uploads\/2025\/09\/e63fdb6a692adf34390cd125a06f593d.jpg",398,300,false],"portraits":["https:\/\/arantv.az\/wp-content\/uploads\/2025\/09\/e63fdb6a692adf34390cd125a06f593d.jpg",398,300,false],"thumbnail":["https:\/\/arantv.az\/wp-content\/uploads\/2025\/09\/e63fdb6a692adf34390cd125a06f593d-398x280.jpg",398,280,true],"medium":["https:\/\/arantv.az\/wp-content\/uploads\/2025\/09\/e63fdb6a692adf34390cd125a06f593d.jpg",398,300,false],"large":["https:\/\/arantv.az\/wp-content\/uploads\/2025\/09\/e63fdb6a692adf34390cd125a06f593d.jpg",398,300,false],"1536x1536":["https:\/\/arantv.az\/wp-content\/uploads\/2025\/09\/e63fdb6a692adf34390cd125a06f593d.jpg",398,300,false],"2048x2048":["https:\/\/arantv.az\/wp-content\/uploads\/2025\/09\/e63fdb6a692adf34390cd125a06f593d.jpg",398,300,false],"post-thumbnail":["https:\/\/arantv.az\/wp-content\/uploads\/2025\/09\/e63fdb6a692adf34390cd125a06f593d-240x172.jpg",240,172,true],"advps-thumb-one":["https:\/\/arantv.az\/wp-content\/uploads\/2025\/09\/e63fdb6a692adf34390cd125a06f593d.jpg",398,300,false]},"rttpg_author":{"display_name":"V\u00fcsal Rafiqo\u011flu","author_link":"https:\/\/arantv.az\/?author=2"},"rttpg_comment":0,"rttpg_category":"<a href=\"https:\/\/arantv.az\/?cat=19\" rel=\"category\">G\u00fcnd\u0259m<\/a>","rttpg_excerpt":"Erm\u0259nistan\u0131n ke\u00e7mi\u015f xarici i\u015fl\u0259r naziri Ara Ayvazyan \u0130r\u0259vanda Az\u0259rbaycana v\u0259 b\u00fct\u00f6vl\u00fckd\u0259 s\u00fclh prosesin\u0259 qar\u015f\u0131 ke\u00e7iril\u0259n \u201cartsax: h\u0259ll olunmam\u0131\u015f m\u00fcnaqi\u015f\u0259, geri qay\u0131tmaq h\u00fcququ\u201d adl\u0131 qondarma konfransda \u00e7\u0131x\u0131\u015f ed\u0259r\u0259k yenid\u0259n revan\u015fist m\u00f6vqeyini n\u00fcmayi\u015f etdirib. Musavat.com-un erm\u0259ni medias\u0131na istinad\u0259n x\u0259b\u0259rin\u0259 g\u00f6r\u0259, o, Az\u0259rbaycanla Erm\u0259nistan aras\u0131nda AB\u015e-\u0131n vasit\u0259\u00e7iliyi il\u0259 imzalanm\u0131\u015f Va\u015finqton sazi\u015fini h\u0259d\u0259f alaraq sazi\u015fi \u201cs\u00fclh yox, kapitulyasiya s\u0259n\u0259di\u201d&hellip;","_links":{"self":[{"href":"https:\/\/arantv.az\/index.php?rest_route=\/wp\/v2\/posts\/824202"}],"collection":[{"href":"https:\/\/arantv.az\/index.php?rest_route=\/wp\/v2\/posts"}],"about":[{"href":"https:\/\/arantv.az\/index.php?rest_route=\/wp\/v2\/types\/post"}],"author":[{"embeddable":true,"href":"https:\/\/arantv.az\/index.php?rest_route=\/wp\/v2\/users\/2"}],"replies":[{"embeddable":true,"href":"https:\/\/arantv.az\/index.php?rest_route=%2Fwp%2Fv2%2Fcomments&post=824202"}],"version-history":[{"count":2,"href":"https:\/\/arantv.az\/index.php?rest_route=\/wp\/v2\/posts\/824202\/revisions"}],"predecessor-version":[{"id":824205,"href":"https:\/\/arantv.az\/index.php?rest_route=\/wp\/v2\/posts\/824202\/revisions\/824205"}],"wp:featuredmedia":[{"embeddable":true,"href":"https:\/\/arantv.az\/index.php?rest_route=\/wp\/v2\/media\/824203"}],"wp:attachment":[{"href":"https:\/\/arantv.az\/index.php?rest_route=%2Fwp%2Fv2%2Fmedia&parent=824202"}],"wp:term":[{"taxonomy":"category","embeddable":true,"href":"https:\/\/arantv.az\/index.php?rest_route=%2Fwp%2Fv2%2Fcategories&post=824202"},{"taxonomy":"post_tag","embeddable":true,"href":"https:\/\/arantv.az\/index.php?rest_route=%2Fwp%2Fv2%2Ftags&post=824202"}],"curies":[{"name":"wp","href":"https:\/\/api.w.org\/{rel}","templated":true}]}}