{"id":824210,"date":"2025-09-02T21:51:47","date_gmt":"2025-09-02T17:51:47","guid":{"rendered":"https:\/\/arantv.az\/?p=824210"},"modified":"2025-09-02T21:51:47","modified_gmt":"2025-09-02T17:51:47","slug":"gorusm%c9%99dil%c9%99r-amma","status":"publish","type":"post","link":"https:\/\/arantv.az\/?p=824210","title":{"rendered":"G\u00f6r\u00fc\u015fm\u0259dil\u0259r, amma&#8230;"},"content":{"rendered":"<h3><em><strong>Biz ist\u0259nil\u0259n d\u00f6vl\u0259tl\u0259 konfliktl\u0259r\u0259 psixoloji c\u0259h\u0259td\u0259n haz\u0131r olmal\u0131y\u0131q, h\u0259tta b\u0259z\u0259n \u0259h\u0259miyy\u0259t verm\u0259d\u0259n, g\u00fcnd\u0259lik h\u0259yat\u0131m\u0131z\u0131n axar\u0131n\u0131 pozmadan ya\u015fama\u011fa da al\u0131\u015fmal\u0131y\u0131q<\/strong><\/em><\/h3>\n<p>\u00c7ind\u0259 Rusiya d\u00f6vl\u0259t ba\u015f\u00e7\u0131s\u0131n\u0131n v\u0259 Az\u0259rbaycan Prezidentinin ikit\u0259r\u0259fli dan\u0131\u015f\u0131qlar\u0131 olaca\u011f\u0131 bar\u0259d\u0259 iddialar \u0259vv\u0259l g\u00fcnd\u0259n bir az \u015fi\u015firdilmi\u015f kimi g\u00f6r\u00fcn\u00fcrd\u00fc. \u00c7\u00fcnki \u00f6t\u0259n ilin dekabr\u0131ndan ba\u015flam\u0131\u015f d\u00f6vl\u0259tl\u0259raras\u0131 g\u0259rginliyi yoluna qoymaq o sammit \u00e7\u0259r\u00e7iv\u0259sin\u0259 s\u0131\u011facaq i\u015f deyildi.<\/p>\n<p>Tiencin sammitind\u0259 h\u0259r iki t\u0259r\u0259f \u2013 h\u0259m Putin, h\u0259m \u018fliyev m\u00fcxt\u0259lif g\u00f6r\u00fc\u015fl\u0259r ke\u00e7irdil\u0259r \u2013 bu diplomatik dild\u0259 i\u015f\u00e7i t\u0259maslar idi, bel\u0259 t\u0259dbirl\u0259rd\u0259 bundan \u00f6t\u0259si m\u00fcmk\u00fcn d\u0259 deyil. \u015e\u018fT-in \u00f6z\u00fcn\u00fcn x\u00fcsusi proqram\u0131 vard\u0131, bura, tutaq ki, x\u00fcsusi b\u0259yanat imzalamaq v\u0259 ya ba\u011fl\u0131 qap\u0131lar arxas\u0131nda saatlarla davam ed\u0259n ikit\u0259r\u0259fli g\u00f6r\u00fc\u015fl\u0259r \u00fc\u00e7\u00fcn n\u0259 uy\u011fun m\u0259kan idi, n\u0259 d\u0259, nec\u0259 dey\u0259rl\u0259r, bunun s\u0131ras\u0131.<\/p>\n<p><img loading=\"lazy\" src=\"https:\/\/cdn.musavat.com\/news\/thumbnails\/1665fd93f86e6752fc8c764b5524e2ff.jpg\" alt=\"d0785b968f12306b3d0927bca5787a18_2976599.jpg (158 KB)\" width=\"600\" height=\"274\" \/><\/p>\n<p>Dekabrdan \u00f6t\u0259n m\u00fcdd\u0259td\u0259 iki lider aras\u0131nda iki, ya da \u00fc\u00e7 d\u0259f\u0259 telefon dan\u0131\u015f\u0131qlar\u0131 olub, amma hans\u0131sa t\u0259dbird\u0259 birg\u0259 i\u015ftirak\u00e7\u0131 olmam\u0131\u015fd\u0131lar. El\u0259 o s\u0259b\u0259bd\u0259n d\u0259 \u015e\u018fT sammitind\u0259 iki liderin m\u00fcmk\u00fcn t\u0259maslar\u0131 g\u00fcnd\u0259mi z\u0259bt etmi\u015fdi. G\u00f6r\u00fc\u015fm\u0259dil\u0259r. Y\u0259qin ki, hakimiyy\u0259td\u0259 olduqlar\u0131 m\u00fcdd\u0259td\u0259 ilk d\u0259f\u0259 idi ki, i\u015ftirak\u00e7\u0131 olduqlar\u0131 birg\u0259 t\u0259dbird\u0259 \u00fcnsiyy\u0259tsiz ke\u00e7indil\u0259r. Bunu d\u00fcnya da g\u00f6rd\u00fc. D\u00fc\u015fm\u0259n sevindi, dostlar m\u0259yus oldu. M\u0259yus olmaq \u00fc\u00e7\u00fcn s\u0259b\u0259bl\u0259r tapmaq asand\u0131r, sevinm\u0259k \u00fc\u00e7\u00fcn is\u0259 yox. Bunlar\u0131 ke\u00e7\u0259k, siyas\u0259t sentimentall\u0131\u011f\u0131 sevmir&#8230;<\/p>\n<p><img loading=\"lazy\" src=\"https:\/\/cdn.musavat.com\/news\/thumbnails\/17bc4952f4ddf8581d6afdff8613587d.jpg\" alt=\"be415cea7c3607dd73f4926d86c6a9e5_8061512.jpg (177 KB)\" width=\"600\" height=\"304\" \/><\/p>\n<p>Az\u0259rbaycan r\u0259smil\u0259ri n\u0259 sammitd\u0259n \u0259vv\u0259l, n\u0259 t\u0259dbir zaman\u0131 bu bar\u0259d\u0259 he\u00e7 bir a\u00e7\u0131qlama verm\u0259dil\u0259r. Rusiya r\u0259smil\u0259ri, konkret des\u0259k, Putinin k\u00f6m\u0259k\u00e7isi U\u015fakov v\u0259 m\u0259tbuat katibi Peskov bu m\u00f6vzuda verilmi\u015f \u00e7oxsayl\u0131 suallar\u0131 Az\u0259rbaycan\u0131n h\u0259ssasl\u0131\u011f\u0131n\u0131 n\u0259z\u0259r\u0259 alaraq cavabland\u0131rd\u0131lar. Bu \u015f\u0259xsl\u0259r Putinin orada bir ne\u00e7\u0259 d\u0259qiq\u0259 sonra kiminl\u0259 g\u00f6r\u00fc\u015f\u0259c\u0259yini \u0259n az\u0131 24 saat \u0259vv\u0259ld\u0259n bilirl\u0259r. Putinin i\u015f ota\u011f\u0131na giri\u015fi olan bu iki \u015f\u0259xsin m\u00fcmk\u00fcn g\u00f6r\u00fc\u015fl\u0259 ba\u011fl\u0131 say\u011f\u0131l\u0131 a\u00e7\u0131qlamalar\u0131ndan uzaqged\u0259n n\u0259tic\u0259l\u0259r \u00e7\u0131xarma\u011fa da ehtiyac yoxdur. Amma \u201cniy\u0259 \u00c7ind\u0259 g\u00f6r\u00fc\u015f olmad\u0131\u201d sual\u0131 \u0259traf\u0131nda versiyalar ir\u0259li s\u00fcr\u0259n yerli t\u0259hlil\u00e7il\u0259r \u00fc\u00e7\u00fcn bu a\u00e7\u0131qlamalar da ipucu ola bil\u0259r.<\/p>\n<p><img loading=\"lazy\" src=\"https:\/\/cdn.musavat.com\/news\/thumbnails\/dd4ced285b0b72e35021783776bdf33d.jpg\" alt=\"Screenshot_1.png (1.16 MB)\" width=\"800\" height=\"179\" \/><\/p>\n<h3><img loading=\"lazy\" src=\"https:\/\/cdn.musavat.com\/news\/thumbnails\/72eff101f7c5ac0d38b0278cd480ebae.jpg\" alt=\"6bbd2898-d224-3646-a2d2-45c2f034dea9_825.jpg (102 KB)\" width=\"600\" height=\"400\" \/><\/h3>\n<p>Putin \u00c7in\u0259 g\u0259lm\u0259zd\u0259n \u0259vv\u0259l T\u0259hl\u00fck\u0259sizlik \u015euras\u0131n\u0131n (T\u015e) iclas\u0131n\u0131 ke\u00e7irmi\u015fdi, orada da b\u0259zi MDB \u00f6lk\u0259l\u0259ri il\u0259 ba\u011fl\u0131 m\u0259s\u0259l\u0259l\u0259rin m\u00fczakir\u0259 edil\u0259c\u0259yini anons etmi\u015fdi. Putin Ukrayna m\u00fcharib\u0259si daxil kritik q\u0259rarlar\u0131n kollektiv m\u00fczakir\u0259sin\u0259 meyllidir, ya da c\u0259miyy\u0259td\u0259 bel\u0259 r\u0259y yarad\u0131lmas\u0131nda maraql\u0131d\u0131r. Konkret Az\u0259rbaycanla ba\u011fl\u0131 siyas\u0259td\u0259 ona T\u015e \u00fczvl\u0259ri hans\u0131 m\u0259sl\u0259h\u0259tl\u0259r ver\u0259 bil\u0259rdil\u0259r \u2013 bunu \u201cyerd\u0259 qula\u011f\u0131n olsan da\u201d \u00f6yr\u0259nm\u0259k \u00e7\u0259tindir. Amma bel\u0259 g\u00f6r\u00fcn\u00fcr ki, Rusiya Az\u0259rbaycanla xeyli ir\u0259lil\u0259mi\u015f g\u0259rginlikl\u0259 ba\u011fl\u0131 indilikd\u0259 q\u0259rar verm\u0259kd\u0259 \u00e7\u0259tinlik \u00e7\u0259kir. \u201c\u0130ndilikd\u0259\u201d Rusiyan\u0131n daha a\u011f\u0131r probleml\u0259ri var \u2013 Tramp Ukrayna dan\u0131\u015f\u0131qlar\u0131 il\u0259 ba\u011fl\u0131 Moskvan\u0131n q\u0259rar\u0131n\u0131 g\u00f6zl\u0259yir, sanksiyalarla h\u0259d\u0259l\u0259yir, Avropa Birliyi yeni anti-Rusiya planlar qurur, c\u0259bh\u0259d\u0259 v\u0259ziyy\u0259t Rusiyan\u0131n ist\u0259diyi kimi getmir v\u0259 sair\u0259. Ona g\u00f6r\u0259 m\u00fcmk\u00fcnd\u00fcr ki, Moskva Az\u0259rbaycanla ba\u011fl\u0131 \u00f6z\u00fcn\u00fcn yaratd\u0131\u011f\u0131 problemi \u201cm\u00fcharib\u0259 v\u0259ziyy\u0259ti v\u0259 ya f\u00f6vq\u0259lad\u0259 g\u0259rgin\u201d kimi d\u0259y\u0259rl\u0259ndirmir, s\u0131x g\u00fcnd\u0259m\u0259 g\u00f6r\u0259 d\u0259 \u201cikinci plana\u201d ke\u00e7irm\u0259y\u0259 m\u0259cbur olur.<\/p>\n<p><img loading=\"lazy\" src=\"https:\/\/cdn.musavat.com\/news\/thumbnails\/f38b9d3213688587f8d3c40f5a1ac892.jpg\" alt=\"scale_1200 (1).jpg (179 KB)\" width=\"600\" height=\"631\" \/><\/p>\n<p>Az\u0259rbaycan\u0131n AZAL t\u0259yyar\u0259si il\u0259 ba\u011fl\u0131 Rusiyadan t\u0259l\u0259bl\u0259ri b\u0259llidir. \u201cTop\u201d y\u0259ni \u00e7oxdan Rusiya t\u0259r\u0259fd\u0259dir. Rusiya son 8 ayda Az\u0259rbaycanla m\u00fcnasib\u0259td\u0259 ciddi \u201cqan itirdiyinin\u201d f\u0259rqind\u0259dir, bu davam da edir. Amma Az\u0259rbaycanla ba\u011fl\u0131 problemi Solovyov kimil\u0259rinin \u201cBak\u0131n\u0131 x\u00fcsusi \u0259m\u0259liyyatla ram etm\u0259k\u201d kimi say\u0131qlamalar\u0131na qulaq verib, g\u00f6zard\u0131 ed\u0259 bilm\u0259zl\u0259r.<\/p>\n<p>Az\u0259rbaycanla m\u00fcnasib\u0259tl\u0259r Moskva \u00fc\u00e7\u00fcn \u00f6n\u0259mlidir. Putin bu m\u00fcnasib\u0259tl\u0259rl\u0259 ba\u011fl\u0131 y\u0259qin o vaxt dan\u0131\u015facaq ki, Az\u0259rbaycanla ba\u011fl\u0131 konkret q\u0259rarlar ver\u0259c\u0259k. M\u0259s\u0259l\u0259n, Kremlin jurnalist-bloggeri Zarubin\u0259 d\u0259 m\u00fcsahib\u0259 ver\u0259c\u0259k v\u0259 orada elan ed\u0259c\u0259k ki, Prezident \u018fliyevl\u0259 bu m\u0259s\u0259l\u0259d\u0259 dan\u0131\u015f\u0131b (v\u0259 ya g\u00f6r\u00fc\u015f\u00fcb), anla\u015fd\u0131, filan q\u0259rarlar verildi.<\/p>\n<p><img loading=\"lazy\" src=\"https:\/\/cdn.musavat.com\/news\/thumbnails\/d05bdf85eab8c47d5f57c9d726ca62cd.jpg\" alt=\"pRmChetSfL3zGaYLR5Zhk96fWWlUOjJ8.jpg (503 KB)\" width=\"600\" height=\"370\" \/><\/p>\n<p>Qar\u015f\u0131dak\u0131 ay D\u00fc\u015f\u0259nb\u0259d\u0259 MDB-nin sammitidir. O sammitd\u0259 bu problemi ikit\u0259r\u0259fli, h\u0259tta saatlarla m\u00fczakir\u0259 etm\u0259k, q\u0259rarlar verm\u0259k d\u0259 olar.<\/p>\n<p>Bu m\u00f6vzunu media olaraq t\u0259qib etm\u0259k laz\u0131md\u0131r, \u00e7\u00fcnki AZAL t\u0259yyar\u0259sinin vurulmas\u0131 Az\u0259rbaycan\u0131n h\u0259m d\u0259 q\u00fcrur, d\u00f6vl\u0259t olaraq imici m\u0259s\u0259l\u0259sidir. Prezident \u018fliyev bu m\u00f6vzuda n\u0259 laz\u0131md\u0131rsa deyir, h\u0259tta m\u0259nc\u0259, bir az da s\u0259rt deyir. S\u00f6z\u00fcm\u00fcn \u201cmustafas\u0131\u201d budur ki, c\u0259miyy\u0259ti h\u0259l\u0259 n\u0259 q\u0259d\u0259r davam ed\u0259 bil\u0259c\u0259yi bu m\u00f6vzunun basq\u0131s\u0131 alt\u0131nda saxlama\u011fa g\u0259r\u0259k yoxdur. Rusiya bizim qon\u015fumuzdur, y\u00fcz minl\u0259rl\u0259 az\u0259rbaycanl\u0131 o \u00f6lk\u0259d\u0259 ya\u015fay\u0131r, i\u015fl\u0259yir. Rusiyan\u0131n sarsaq politoloqlar\u0131, bu m\u00fcnasib\u0259tl\u0259rin daima g\u0259rgin qalmas\u0131n\u0131 ist\u0259y\u0259n \u015f\u00fcbh\u0259li reputasiyal\u0131 xeyli adamlar var. Onlar dinc durmayacaqlar, \u0259lb\u0259tt\u0259, cavablar\u0131n\u0131 da verm\u0259k laz\u0131md\u0131r. Amma bu g\u0259rginliyi c\u0259miyy\u0259t\u0259 sanki d\u00fcnyan\u0131n ax\u0131r\u0131ym\u0131\u015f kimi t\u0259qdim etm\u0259k, h\u0259tta \u201cbel\u0259 davam ets\u0259, \u00f6lk\u0259l\u0259r aras\u0131nda m\u00fcharib\u0259 olacaq\u201d kimi ger\u00e7\u0259k olmayan iddialarla qorxutma\u011fa g\u0259r\u0259k yoxdur.<\/p>\n<p>B\u0259li, Az\u0259rbaycan 30 il \u0259vv\u0259lki \u00f6lk\u0259 deyil. Ona g\u00f6r\u0259 biz ist\u0259nil\u0259n d\u00f6vl\u0259tl\u0259 bu c\u00fcr konfliktl\u0259r\u0259 psixoloji c\u0259h\u0259td\u0259n haz\u0131r olmal\u0131y\u0131q, h\u0259tta b\u0259z\u0259n \u0259h\u0259miyy\u0259t verm\u0259d\u0259n, g\u00fcnd\u0259lik h\u0259yat\u0131m\u0131z\u0131n axar\u0131n\u0131 pozmadan ya\u015fama\u011fa da al\u0131\u015fmal\u0131y\u0131q. G\u00fccl\u00fc d\u00f6vl\u0259td\u0259 ya\u015famaq bel\u0259 olur&#8230;<\/p>\n<p>&nbsp;<\/p>\n<div class=\"news-author text-left\"><a href=\"https:\/\/musavat.com\/author\/nazim-sabiroglu_14\"><img class=\"img-responsive img-author\" src=\"https:\/\/cdn.musavat.com\/authors\/thumbnails\/089ec4061b559d01e44911f558460e75.jpg\" \/>Nazim SAB\u0130RO\u011eLU<\/a><\/div>\n","protected":false},"excerpt":{"rendered":"<p>Biz ist\u0259nil\u0259n d\u00f6vl\u0259tl\u0259 konfliktl\u0259r\u0259 psixoloji c\u0259h\u0259td\u0259n haz\u0131r olmal\u0131y\u0131q, h\u0259tta b\u0259z\u0259n \u0259h\u0259miyy\u0259t verm\u0259d\u0259n, g\u00fcnd\u0259lik h\u0259yat\u0131m\u0131z\u0131n axar\u0131n\u0131 pozmadan ya\u015fama\u011fa da al\u0131\u015fmal\u0131y\u0131q \u00c7ind\u0259 Rusiya d\u00f6vl\u0259t ba\u015f\u00e7\u0131s\u0131n\u0131n v\u0259 Az\u0259rbaycan Prezidentinin ikit\u0259r\u0259fli dan\u0131\u015f\u0131qlar\u0131 olaca\u011f\u0131 bar\u0259d\u0259 iddialar \u0259vv\u0259l g\u00fcnd\u0259n bir az \u015fi\u015firdilmi\u015f kimi g\u00f6r\u00fcn\u00fcrd\u00fc. \u00c7\u00fcnki \u00f6t\u0259n ilin dekabr\u0131ndan ba\u015flam\u0131\u015f d\u00f6vl\u0259tl\u0259raras\u0131 g\u0259rginliyi yoluna qoymaq o sammit \u00e7\u0259r\u00e7iv\u0259sin\u0259 s\u0131\u011facaq i\u015f deyildi. Tiencin sammitind\u0259 h\u0259r iki t\u0259r\u0259f \u2013 h\u0259m Putin, h\u0259m \u018fliyev m\u00fcxt\u0259lif g\u00f6r\u00fc\u015fl\u0259r ke\u00e7irdil\u0259r \u2013 bu diplomatik dild\u0259 i\u015f\u00e7i t\u0259maslar idi, bel\u0259 t\u0259dbirl\u0259rd\u0259 bundan \u00f6t\u0259si m\u00fcmk\u00fcn d\u0259 deyil. \u015e\u018fT-in \u00f6z\u00fcn\u00fcn x\u00fcsusi proqram\u0131 vard\u0131, bura, tutaq ki, x\u00fcsusi b\u0259yanat&hellip;<\/p>\n","protected":false},"author":2,"featured_media":824211,"comment_status":"closed","ping_status":"closed","sticky":false,"template":"","format":"standard","meta":{"om_disable_all_campaigns":false,"_monsterinsights_skip_tracking":false,"_monsterinsights_sitenote_active":false,"_monsterinsights_sitenote_note":"","_monsterinsights_sitenote_category":0},"categories":[19],"tags":[],"aioseo_notices":[],"gutentor_comment":0,"rttpg_featured_image_url":{"full":["https:\/\/arantv.az\/wp-content\/uploads\/2025\/09\/72f7d81213c380ee1955faad14b299f4.jpg",824,500,false],"landscape":["https:\/\/arantv.az\/wp-content\/uploads\/2025\/09\/72f7d81213c380ee1955faad14b299f4.jpg",824,500,false],"portraits":["https:\/\/arantv.az\/wp-content\/uploads\/2025\/09\/72f7d81213c380ee1955faad14b299f4.jpg",824,500,false],"thumbnail":["https:\/\/arantv.az\/wp-content\/uploads\/2025\/09\/72f7d81213c380ee1955faad14b299f4-500x280.jpg",500,280,true],"medium":["https:\/\/arantv.az\/wp-content\/uploads\/2025\/09\/72f7d81213c380ee1955faad14b299f4-602x365.jpg",602,365,true],"large":["https:\/\/arantv.az\/wp-content\/uploads\/2025\/09\/72f7d81213c380ee1955faad14b299f4.jpg",640,388,false],"1536x1536":["https:\/\/arantv.az\/wp-content\/uploads\/2025\/09\/72f7d81213c380ee1955faad14b299f4.jpg",824,500,false],"2048x2048":["https:\/\/arantv.az\/wp-content\/uploads\/2025\/09\/72f7d81213c380ee1955faad14b299f4.jpg",824,500,false],"post-thumbnail":["https:\/\/arantv.az\/wp-content\/uploads\/2025\/09\/72f7d81213c380ee1955faad14b299f4-240x172.jpg",240,172,true],"advps-thumb-one":["https:\/\/arantv.az\/wp-content\/uploads\/2025\/09\/72f7d81213c380ee1955faad14b299f4.jpg",824,500,false]},"rttpg_author":{"display_name":"V\u00fcsal Rafiqo\u011flu","author_link":"https:\/\/arantv.az\/?author=2"},"rttpg_comment":0,"rttpg_category":"<a href=\"https:\/\/arantv.az\/?cat=19\" rel=\"category\">G\u00fcnd\u0259m<\/a>","rttpg_excerpt":"Biz ist\u0259nil\u0259n d\u00f6vl\u0259tl\u0259 konfliktl\u0259r\u0259 psixoloji c\u0259h\u0259td\u0259n haz\u0131r olmal\u0131y\u0131q, h\u0259tta b\u0259z\u0259n \u0259h\u0259miyy\u0259t verm\u0259d\u0259n, g\u00fcnd\u0259lik h\u0259yat\u0131m\u0131z\u0131n axar\u0131n\u0131 pozmadan ya\u015fama\u011fa da al\u0131\u015fmal\u0131y\u0131q \u00c7ind\u0259 Rusiya d\u00f6vl\u0259t ba\u015f\u00e7\u0131s\u0131n\u0131n v\u0259 Az\u0259rbaycan Prezidentinin ikit\u0259r\u0259fli dan\u0131\u015f\u0131qlar\u0131 olaca\u011f\u0131 bar\u0259d\u0259 iddialar \u0259vv\u0259l g\u00fcnd\u0259n bir az \u015fi\u015firdilmi\u015f kimi g\u00f6r\u00fcn\u00fcrd\u00fc. \u00c7\u00fcnki \u00f6t\u0259n ilin dekabr\u0131ndan ba\u015flam\u0131\u015f d\u00f6vl\u0259tl\u0259raras\u0131 g\u0259rginliyi yoluna qoymaq o sammit \u00e7\u0259r\u00e7iv\u0259sin\u0259 s\u0131\u011facaq i\u015f deyildi. Tiencin sammitind\u0259&hellip;","_links":{"self":[{"href":"https:\/\/arantv.az\/index.php?rest_route=\/wp\/v2\/posts\/824210"}],"collection":[{"href":"https:\/\/arantv.az\/index.php?rest_route=\/wp\/v2\/posts"}],"about":[{"href":"https:\/\/arantv.az\/index.php?rest_route=\/wp\/v2\/types\/post"}],"author":[{"embeddable":true,"href":"https:\/\/arantv.az\/index.php?rest_route=\/wp\/v2\/users\/2"}],"replies":[{"embeddable":true,"href":"https:\/\/arantv.az\/index.php?rest_route=%2Fwp%2Fv2%2Fcomments&post=824210"}],"version-history":[{"count":1,"href":"https:\/\/arantv.az\/index.php?rest_route=\/wp\/v2\/posts\/824210\/revisions"}],"predecessor-version":[{"id":824212,"href":"https:\/\/arantv.az\/index.php?rest_route=\/wp\/v2\/posts\/824210\/revisions\/824212"}],"wp:featuredmedia":[{"embeddable":true,"href":"https:\/\/arantv.az\/index.php?rest_route=\/wp\/v2\/media\/824211"}],"wp:attachment":[{"href":"https:\/\/arantv.az\/index.php?rest_route=%2Fwp%2Fv2%2Fmedia&parent=824210"}],"wp:term":[{"taxonomy":"category","embeddable":true,"href":"https:\/\/arantv.az\/index.php?rest_route=%2Fwp%2Fv2%2Fcategories&post=824210"},{"taxonomy":"post_tag","embeddable":true,"href":"https:\/\/arantv.az\/index.php?rest_route=%2Fwp%2Fv2%2Ftags&post=824210"}],"curies":[{"name":"wp","href":"https:\/\/api.w.org\/{rel}","templated":true}]}}