{"id":824214,"date":"2025-09-03T07:46:05","date_gmt":"2025-09-03T03:46:05","guid":{"rendered":"https:\/\/arantv.az\/?p=824214"},"modified":"2025-09-03T07:46:05","modified_gmt":"2025-09-03T03:46:05","slug":"almaniyada-seckiqabagi-afd-nin-alti-namiz%c9%99di-olub","status":"publish","type":"post","link":"https:\/\/arantv.az\/?p=824214","title":{"rendered":"Almaniyada se\u00e7kiqaba\u011f\u0131 AfD-nin alt\u0131 namiz\u0259di \u00f6l\u00fcb"},"content":{"rendered":"<p>Yerli se\u00e7kil\u0259r\u0259 iki h\u0259ft\u0259d\u0259n az qalm\u0131\u015f Almaniyan\u0131n q\u0259rbind\u0259 yerl\u0259\u015f\u0259n \u015eimali Reyn-Vestfaliya federal torpa\u011f\u0131nda ifrat sa\u011f\u00e7\u0131 &#8220;Almaniya \u00fc\u00e7\u00fcn Alternativ&#8221; (AfD) partiyas\u0131ndan alt\u0131 namiz\u0259din v\u0259fat etdiyi bildirilib.<\/p>\n<p>\u018fvv\u0259lc\u0259 yaln\u0131z d\u00f6rd siyas\u0259t\u00e7inin \u00f6l\u00fcm\u00fc bar\u0259d\u0259 m\u0259lumat verilmi\u015fdi. Lakin sonradan bu say alt\u0131ya y\u00fcks\u0259lib.<\/p>\n<p>\u015eimali Reyn-Vestfaliya Daxili \u0130\u015fl\u0259r Nazirliyi h\u0259m\u00e7inin b\u0259yan edib ki, se\u00e7ki kampaniyas\u0131 d\u00f6vr\u00fcnd\u0259 dig\u0259r partiyalardan \u2013 o c\u00fcml\u0259d\u0259n Ya\u015f\u0131llar v\u0259 Sosial Demokratlardan da bir ne\u00e7\u0259 namiz\u0259d d\u00fcnyas\u0131n\u0131 d\u0259yi\u015fib.<\/p>\n<p>Polis r\u0259smil\u0259ri is\u0259 vur\u011fulay\u0131blar ki, bu \u00f6l\u00fcml\u0259rd\u0259 \u015f\u00fcbh\u0259li he\u00e7 n\u0259 yoxdur, lakin yaranm\u0131\u015f v\u0259ziyy\u0259t b\u00fclletenl\u0259rin yenid\u0259n \u00e7ap edilm\u0259sin\u0259 v\u0259 art\u0131q po\u00e7tla s\u0259s vermi\u015f b\u0259zi se\u00e7icil\u0259rin yenid\u0259n s\u0259s verm\u0259sin\u0259 s\u0259b\u0259b olub.<\/p>\n<p>Se\u00e7kil\u0259r 14 sentyabr tarixin\u0259 t\u0259yin olunub. 18 milyon \u0259halisi olan \u015eimali Reyn-Vestfaliyada ke\u00e7iril\u0259c\u0259k bu se\u00e7kil\u0259rd\u0259 \u00fcmumilikd\u0259 20 min\u0259 yax\u0131n namiz\u0259d i\u015ftirak edir.<\/p>\n<p>Sosial \u015f\u0259b\u0259k\u0259l\u0259rd\u0259 is\u0259 x\u00fcsusil\u0259 AfD partiyas\u0131n\u0131n namiz\u0259dl\u0259ri aras\u0131nda ba\u015f ver\u0259n \u00f6l\u00fcm hallar\u0131n\u0131n \u00e7oxlu\u011fu ictimai narahatl\u0131\u011fa v\u0259 geni\u015f m\u00fczakir\u0259l\u0259r\u0259 s\u0259b\u0259b olub.\/\/Report<\/p>\n","protected":false},"excerpt":{"rendered":"<p>Yerli se\u00e7kil\u0259r\u0259 iki h\u0259ft\u0259d\u0259n az qalm\u0131\u015f Almaniyan\u0131n q\u0259rbind\u0259 yerl\u0259\u015f\u0259n \u015eimali Reyn-Vestfaliya federal torpa\u011f\u0131nda ifrat sa\u011f\u00e7\u0131 &#8220;Almaniya \u00fc\u00e7\u00fcn Alternativ&#8221; (AfD) partiyas\u0131ndan alt\u0131 namiz\u0259din v\u0259fat etdiyi bildirilib. \u018fvv\u0259lc\u0259 yaln\u0131z d\u00f6rd siyas\u0259t\u00e7inin \u00f6l\u00fcm\u00fc bar\u0259d\u0259 m\u0259lumat verilmi\u015fdi. Lakin sonradan bu say alt\u0131ya y\u00fcks\u0259lib. \u015eimali Reyn-Vestfaliya Daxili \u0130\u015fl\u0259r Nazirliyi h\u0259m\u00e7inin b\u0259yan edib ki, se\u00e7ki kampaniyas\u0131 d\u00f6vr\u00fcnd\u0259 dig\u0259r partiyalardan \u2013 o c\u00fcml\u0259d\u0259n Ya\u015f\u0131llar v\u0259 Sosial Demokratlardan da bir ne\u00e7\u0259 namiz\u0259d d\u00fcnyas\u0131n\u0131 d\u0259yi\u015fib. Polis r\u0259smil\u0259ri is\u0259 vur\u011fulay\u0131blar ki, bu \u00f6l\u00fcml\u0259rd\u0259 \u015f\u00fcbh\u0259li he\u00e7 n\u0259 yoxdur, lakin yaranm\u0131\u015f v\u0259ziyy\u0259t b\u00fclletenl\u0259rin yenid\u0259n \u00e7ap edilm\u0259sin\u0259 v\u0259 art\u0131q po\u00e7tla s\u0259s vermi\u015f b\u0259zi&hellip;<\/p>\n","protected":false},"author":2,"featured_media":824215,"comment_status":"closed","ping_status":"closed","sticky":false,"template":"","format":"standard","meta":{"om_disable_all_campaigns":false,"_monsterinsights_skip_tracking":false,"_monsterinsights_sitenote_active":false,"_monsterinsights_sitenote_note":"","_monsterinsights_sitenote_category":0},"categories":[7],"tags":[],"aioseo_notices":[],"gutentor_comment":0,"rttpg_featured_image_url":{"full":["https:\/\/arantv.az\/wp-content\/uploads\/2025\/09\/1ab3e7d99daf653d416f92fdfdedd5a2.jpg",824,500,false],"landscape":["https:\/\/arantv.az\/wp-content\/uploads\/2025\/09\/1ab3e7d99daf653d416f92fdfdedd5a2.jpg",824,500,false],"portraits":["https:\/\/arantv.az\/wp-content\/uploads\/2025\/09\/1ab3e7d99daf653d416f92fdfdedd5a2.jpg",824,500,false],"thumbnail":["https:\/\/arantv.az\/wp-content\/uploads\/2025\/09\/1ab3e7d99daf653d416f92fdfdedd5a2-500x280.jpg",500,280,true],"medium":["https:\/\/arantv.az\/wp-content\/uploads\/2025\/09\/1ab3e7d99daf653d416f92fdfdedd5a2-602x365.jpg",602,365,true],"large":["https:\/\/arantv.az\/wp-content\/uploads\/2025\/09\/1ab3e7d99daf653d416f92fdfdedd5a2.jpg",640,388,false],"1536x1536":["https:\/\/arantv.az\/wp-content\/uploads\/2025\/09\/1ab3e7d99daf653d416f92fdfdedd5a2.jpg",824,500,false],"2048x2048":["https:\/\/arantv.az\/wp-content\/uploads\/2025\/09\/1ab3e7d99daf653d416f92fdfdedd5a2.jpg",824,500,false],"post-thumbnail":["https:\/\/arantv.az\/wp-content\/uploads\/2025\/09\/1ab3e7d99daf653d416f92fdfdedd5a2-240x172.jpg",240,172,true],"advps-thumb-one":["https:\/\/arantv.az\/wp-content\/uploads\/2025\/09\/1ab3e7d99daf653d416f92fdfdedd5a2.jpg",824,500,false]},"rttpg_author":{"display_name":"V\u00fcsal Rafiqo\u011flu","author_link":"https:\/\/arantv.az\/?author=2"},"rttpg_comment":0,"rttpg_category":"<a href=\"https:\/\/arantv.az\/?cat=7\" rel=\"category\">D\u00fcnya<\/a>","rttpg_excerpt":"Yerli se\u00e7kil\u0259r\u0259 iki h\u0259ft\u0259d\u0259n az qalm\u0131\u015f Almaniyan\u0131n q\u0259rbind\u0259 yerl\u0259\u015f\u0259n \u015eimali Reyn-Vestfaliya federal torpa\u011f\u0131nda ifrat sa\u011f\u00e7\u0131 &#8220;Almaniya \u00fc\u00e7\u00fcn Alternativ&#8221; (AfD) partiyas\u0131ndan alt\u0131 namiz\u0259din v\u0259fat etdiyi bildirilib. \u018fvv\u0259lc\u0259 yaln\u0131z d\u00f6rd siyas\u0259t\u00e7inin \u00f6l\u00fcm\u00fc bar\u0259d\u0259 m\u0259lumat verilmi\u015fdi. Lakin sonradan bu say alt\u0131ya y\u00fcks\u0259lib. \u015eimali Reyn-Vestfaliya Daxili \u0130\u015fl\u0259r Nazirliyi h\u0259m\u00e7inin b\u0259yan edib ki, se\u00e7ki kampaniyas\u0131 d\u00f6vr\u00fcnd\u0259 dig\u0259r partiyalardan \u2013 o&hellip;","_links":{"self":[{"href":"https:\/\/arantv.az\/index.php?rest_route=\/wp\/v2\/posts\/824214"}],"collection":[{"href":"https:\/\/arantv.az\/index.php?rest_route=\/wp\/v2\/posts"}],"about":[{"href":"https:\/\/arantv.az\/index.php?rest_route=\/wp\/v2\/types\/post"}],"author":[{"embeddable":true,"href":"https:\/\/arantv.az\/index.php?rest_route=\/wp\/v2\/users\/2"}],"replies":[{"embeddable":true,"href":"https:\/\/arantv.az\/index.php?rest_route=%2Fwp%2Fv2%2Fcomments&post=824214"}],"version-history":[{"count":1,"href":"https:\/\/arantv.az\/index.php?rest_route=\/wp\/v2\/posts\/824214\/revisions"}],"predecessor-version":[{"id":824216,"href":"https:\/\/arantv.az\/index.php?rest_route=\/wp\/v2\/posts\/824214\/revisions\/824216"}],"wp:featuredmedia":[{"embeddable":true,"href":"https:\/\/arantv.az\/index.php?rest_route=\/wp\/v2\/media\/824215"}],"wp:attachment":[{"href":"https:\/\/arantv.az\/index.php?rest_route=%2Fwp%2Fv2%2Fmedia&parent=824214"}],"wp:term":[{"taxonomy":"category","embeddable":true,"href":"https:\/\/arantv.az\/index.php?rest_route=%2Fwp%2Fv2%2Fcategories&post=824214"},{"taxonomy":"post_tag","embeddable":true,"href":"https:\/\/arantv.az\/index.php?rest_route=%2Fwp%2Fv2%2Ftags&post=824214"}],"curies":[{"name":"wp","href":"https:\/\/api.w.org\/{rel}","templated":true}]}}