{"id":824217,"date":"2025-09-03T07:47:32","date_gmt":"2025-09-03T03:47:32","guid":{"rendered":"https:\/\/arantv.az\/?p=824217"},"modified":"2025-09-03T07:47:32","modified_gmt":"2025-09-03T03:47:32","slug":"isvecr%c9%99-ukraynada-itkin-dus%c9%99n-s%c9%99xsl%c9%99rin-axtarisi-ucun-3-milyon-dollar-ayiracaq","status":"publish","type":"post","link":"https:\/\/arantv.az\/?p=824217","title":{"rendered":"\u0130sve\u00e7r\u0259 Ukraynada itkin d\u00fc\u015f\u0259n \u015f\u0259xsl\u0259rin axtar\u0131\u015f\u0131 \u00fc\u00e7\u00fcn 3 milyon dollar ay\u0131racaq"},"content":{"rendered":"<p>\u0130sve\u00e7r\u0259 hakimiyy\u0259ti Beyn\u0259lxalq Q\u0131z\u0131l Xa\u00e7 Komit\u0259sinin (BQXK) Ukraynadak\u0131 v\u0259ziyy\u0259tl\u0259 ba\u011fl\u0131 itkin d\u00fc\u015fm\u00fc\u015f \u015f\u0259xsl\u0259rin axtar\u0131\u015f\u0131 il\u0259 m\u0259\u015f\u011ful olan M\u0259rk\u0259zi \u0130zl\u0259m\u0259 Agentliyinin f\u0259aliyy\u0259tini d\u0259st\u0259kl\u0259m\u0259k \u00fc\u00e7\u00fcn 2025\u20132026-c\u0131 ill\u0259r \u0259rzind\u0259 2,4 milyon \u0130sve\u00e7r\u0259 frank\u0131 (t\u0259xmin\u0259n 3 milyon AB\u015e dollar\u0131) ay\u0131rma\u011f\u0131 \u00f6hd\u0259sin\u0259 g\u00f6t\u00fcr\u00fcb.<\/p>\n<p>&#8220;Report&#8221;un m\u0259lumat\u0131na g\u00f6r\u0259, bu bar\u0259d\u0259 \u0130sve\u00e7r\u0259 Xarici \u0130\u015fl\u0259r Nazirliyinin &#8220;X&#8221; sosial \u015f\u0259b\u0259k\u0259sind\u0259 payla\u015fd\u0131\u011f\u0131 b\u0259yanatda qeyd olunub.<\/p>\n<p>&#8220;Bu g\u00fcn \u0130sve\u00e7r\u0259 BQXK-n\u0131n Cenevr\u0259d\u0259 yerl\u0259\u015f\u0259n M\u0259rk\u0259zi \u0130zl\u0259m\u0259 Agentliyini d\u0259st\u0259kl\u0259m\u0259k \u00fc\u00e7\u00fcn 2025\u20132026-c\u0131 ill\u0259r \u00fczr\u0259 2,4 milyon frank ay\u0131raca\u011f\u0131n\u0131 \u00f6hd\u0259sin\u0259 g\u00f6t\u00fcr\u00fcb&#8221;, \u2013 dey\u0259 m\u0259lumatda bildirilib.<\/p>\n<p>Nazirlik \u0259lav\u0259 edib ki, \u0130sve\u00e7r\u0259 Cenevr\u0259 Konvensiyalar\u0131n\u0131n i\u015ftirak\u00e7\u0131s\u0131 kimi itkin d\u00fc\u015fm\u00fc\u015f \u015f\u0259xsl\u0259rin axtar\u0131\u015f\u0131na b\u00f6y\u00fck \u00f6n\u0259m verir.<\/p>\n<p>Daha \u0259vv\u0259l BQXK bildirmi\u015fdi ki, Rusiya-Ukrayna m\u00fcnaqi\u015f\u0259si il\u0259 \u0259laq\u0259dar t\u0259\u015fkilata daxil olan itkin \u015f\u0259xsl\u0259rl\u0259 ba\u011fl\u0131 sor\u011fular\u0131n say\u0131 avqust ay\u0131nda 154 mini ke\u00e7ib. T\u0259\u015fkilat\u0131n m\u0259lumat\u0131na g\u00f6r\u0259, m\u00fcharib\u0259 ba\u015flayandan b\u0259ri t\u0259xmin\u0259n 15 min ail\u0259y\u0259 c\u0259bh\u0259nin h\u0259r iki t\u0259r\u0259find\u0259 yax\u0131nlar\u0131n\u0131n taleyi v\u0259 harada olmas\u0131 bar\u0259d\u0259 m\u0259lumat verilib.<\/p>\n","protected":false},"excerpt":{"rendered":"<p>\u0130sve\u00e7r\u0259 hakimiyy\u0259ti Beyn\u0259lxalq Q\u0131z\u0131l Xa\u00e7 Komit\u0259sinin (BQXK) Ukraynadak\u0131 v\u0259ziyy\u0259tl\u0259 ba\u011fl\u0131 itkin d\u00fc\u015fm\u00fc\u015f \u015f\u0259xsl\u0259rin axtar\u0131\u015f\u0131 il\u0259 m\u0259\u015f\u011ful olan M\u0259rk\u0259zi \u0130zl\u0259m\u0259 Agentliyinin f\u0259aliyy\u0259tini d\u0259st\u0259kl\u0259m\u0259k \u00fc\u00e7\u00fcn 2025\u20132026-c\u0131 ill\u0259r \u0259rzind\u0259 2,4 milyon \u0130sve\u00e7r\u0259 frank\u0131 (t\u0259xmin\u0259n 3 milyon AB\u015e dollar\u0131) ay\u0131rma\u011f\u0131 \u00f6hd\u0259sin\u0259 g\u00f6t\u00fcr\u00fcb. &#8220;Report&#8221;un m\u0259lumat\u0131na g\u00f6r\u0259, bu bar\u0259d\u0259 \u0130sve\u00e7r\u0259 Xarici \u0130\u015fl\u0259r Nazirliyinin &#8220;X&#8221; sosial \u015f\u0259b\u0259k\u0259sind\u0259 payla\u015fd\u0131\u011f\u0131 b\u0259yanatda qeyd olunub. &#8220;Bu g\u00fcn \u0130sve\u00e7r\u0259 BQXK-n\u0131n Cenevr\u0259d\u0259 yerl\u0259\u015f\u0259n M\u0259rk\u0259zi \u0130zl\u0259m\u0259 Agentliyini d\u0259st\u0259kl\u0259m\u0259k \u00fc\u00e7\u00fcn 2025\u20132026-c\u0131 ill\u0259r \u00fczr\u0259 2,4 milyon frank ay\u0131raca\u011f\u0131n\u0131 \u00f6hd\u0259sin\u0259 g\u00f6t\u00fcr\u00fcb&#8221;, \u2013 dey\u0259 m\u0259lumatda bildirilib. Nazirlik \u0259lav\u0259 edib ki, \u0130sve\u00e7r\u0259 Cenevr\u0259 Konvensiyalar\u0131n\u0131n i\u015ftirak\u00e7\u0131s\u0131 kimi itkin d\u00fc\u015fm\u00fc\u015f \u015f\u0259xsl\u0259rin&hellip;<\/p>\n","protected":false},"author":2,"featured_media":824218,"comment_status":"closed","ping_status":"closed","sticky":false,"template":"","format":"standard","meta":{"om_disable_all_campaigns":false,"_monsterinsights_skip_tracking":false,"_monsterinsights_sitenote_active":false,"_monsterinsights_sitenote_note":"","_monsterinsights_sitenote_category":0},"categories":[7],"tags":[],"aioseo_notices":[],"gutentor_comment":0,"rttpg_featured_image_url":{"full":["https:\/\/arantv.az\/wp-content\/uploads\/2025\/09\/83352da0bccce702b6f43753d8ce9a93.jpg",824,500,false],"landscape":["https:\/\/arantv.az\/wp-content\/uploads\/2025\/09\/83352da0bccce702b6f43753d8ce9a93.jpg",824,500,false],"portraits":["https:\/\/arantv.az\/wp-content\/uploads\/2025\/09\/83352da0bccce702b6f43753d8ce9a93.jpg",824,500,false],"thumbnail":["https:\/\/arantv.az\/wp-content\/uploads\/2025\/09\/83352da0bccce702b6f43753d8ce9a93-500x280.jpg",500,280,true],"medium":["https:\/\/arantv.az\/wp-content\/uploads\/2025\/09\/83352da0bccce702b6f43753d8ce9a93-602x365.jpg",602,365,true],"large":["https:\/\/arantv.az\/wp-content\/uploads\/2025\/09\/83352da0bccce702b6f43753d8ce9a93.jpg",640,388,false],"1536x1536":["https:\/\/arantv.az\/wp-content\/uploads\/2025\/09\/83352da0bccce702b6f43753d8ce9a93.jpg",824,500,false],"2048x2048":["https:\/\/arantv.az\/wp-content\/uploads\/2025\/09\/83352da0bccce702b6f43753d8ce9a93.jpg",824,500,false],"post-thumbnail":["https:\/\/arantv.az\/wp-content\/uploads\/2025\/09\/83352da0bccce702b6f43753d8ce9a93-240x172.jpg",240,172,true],"advps-thumb-one":["https:\/\/arantv.az\/wp-content\/uploads\/2025\/09\/83352da0bccce702b6f43753d8ce9a93.jpg",824,500,false]},"rttpg_author":{"display_name":"V\u00fcsal Rafiqo\u011flu","author_link":"https:\/\/arantv.az\/?author=2"},"rttpg_comment":0,"rttpg_category":"<a href=\"https:\/\/arantv.az\/?cat=7\" rel=\"category\">D\u00fcnya<\/a>","rttpg_excerpt":"\u0130sve\u00e7r\u0259 hakimiyy\u0259ti Beyn\u0259lxalq Q\u0131z\u0131l Xa\u00e7 Komit\u0259sinin (BQXK) Ukraynadak\u0131 v\u0259ziyy\u0259tl\u0259 ba\u011fl\u0131 itkin d\u00fc\u015fm\u00fc\u015f \u015f\u0259xsl\u0259rin axtar\u0131\u015f\u0131 il\u0259 m\u0259\u015f\u011ful olan M\u0259rk\u0259zi \u0130zl\u0259m\u0259 Agentliyinin f\u0259aliyy\u0259tini d\u0259st\u0259kl\u0259m\u0259k \u00fc\u00e7\u00fcn 2025\u20132026-c\u0131 ill\u0259r \u0259rzind\u0259 2,4 milyon \u0130sve\u00e7r\u0259 frank\u0131 (t\u0259xmin\u0259n 3 milyon AB\u015e dollar\u0131) ay\u0131rma\u011f\u0131 \u00f6hd\u0259sin\u0259 g\u00f6t\u00fcr\u00fcb. &#8220;Report&#8221;un m\u0259lumat\u0131na g\u00f6r\u0259, bu bar\u0259d\u0259 \u0130sve\u00e7r\u0259 Xarici \u0130\u015fl\u0259r Nazirliyinin &#8220;X&#8221; sosial \u015f\u0259b\u0259k\u0259sind\u0259 payla\u015fd\u0131\u011f\u0131 b\u0259yanatda qeyd olunub. &#8220;Bu&hellip;","_links":{"self":[{"href":"https:\/\/arantv.az\/index.php?rest_route=\/wp\/v2\/posts\/824217"}],"collection":[{"href":"https:\/\/arantv.az\/index.php?rest_route=\/wp\/v2\/posts"}],"about":[{"href":"https:\/\/arantv.az\/index.php?rest_route=\/wp\/v2\/types\/post"}],"author":[{"embeddable":true,"href":"https:\/\/arantv.az\/index.php?rest_route=\/wp\/v2\/users\/2"}],"replies":[{"embeddable":true,"href":"https:\/\/arantv.az\/index.php?rest_route=%2Fwp%2Fv2%2Fcomments&post=824217"}],"version-history":[{"count":1,"href":"https:\/\/arantv.az\/index.php?rest_route=\/wp\/v2\/posts\/824217\/revisions"}],"predecessor-version":[{"id":824219,"href":"https:\/\/arantv.az\/index.php?rest_route=\/wp\/v2\/posts\/824217\/revisions\/824219"}],"wp:featuredmedia":[{"embeddable":true,"href":"https:\/\/arantv.az\/index.php?rest_route=\/wp\/v2\/media\/824218"}],"wp:attachment":[{"href":"https:\/\/arantv.az\/index.php?rest_route=%2Fwp%2Fv2%2Fmedia&parent=824217"}],"wp:term":[{"taxonomy":"category","embeddable":true,"href":"https:\/\/arantv.az\/index.php?rest_route=%2Fwp%2Fv2%2Fcategories&post=824217"},{"taxonomy":"post_tag","embeddable":true,"href":"https:\/\/arantv.az\/index.php?rest_route=%2Fwp%2Fv2%2Ftags&post=824217"}],"curies":[{"name":"wp","href":"https:\/\/api.w.org\/{rel}","templated":true}]}}