{"id":824223,"date":"2025-09-03T07:49:56","date_gmt":"2025-09-03T03:49:56","guid":{"rendered":"https:\/\/arantv.az\/?p=824223"},"modified":"2025-09-03T07:49:56","modified_gmt":"2025-09-03T03:49:56","slug":"sentyabrda-gozl%c9%99nil%c9%99n-maqnit-qasirgalari-hansi-gunl%c9%99r-t%c9%99hluk%c9%99lidir","status":"publish","type":"post","link":"https:\/\/arantv.az\/?p=824223","title":{"rendered":"Sentyabrda g\u00f6zl\u0259nil\u0259n maqnit qas\u0131r\u011falar\u0131 &#8211; hans\u0131 g\u00fcnl\u0259r t\u0259hl\u00fck\u0259lidir"},"content":{"rendered":"<p><strong>Sentyabrda Yer k\u00fcr\u0259sini bir ne\u00e7\u0259 g\u00fccl\u00fc maqnit qas\u0131r\u011fas\u0131 dal\u011fas\u0131 \u0259hat\u0259 ed\u0259c\u0259k. Ay\u0131n \u0259vv\u0259lind\u0259 geomaqnit aktivliyinin artmas\u0131 g\u00f6zl\u0259nilir. H\u0259m\u00e7inin sentyabr\u0131n ortalar\u0131nda g\u00fccl\u00fc geof\u0131rt\u0131na ba\u015flayacaq. Buna g\u00f6r\u0259 d\u0259, sa\u011flaml\u0131q v\u0259 rifaha t\u0259sir g\u00f6st\u0259rm\u0259m\u0259si \u00fc\u00e7\u00fcn t\u0259hl\u00fck\u0259li tarixl\u0259r\u0259 vaxt\u0131nda haz\u0131rla\u015fmaq vacibdir.<\/strong><\/p>\n<p>2025-ci ilin sentyabr ay\u0131 \u00fc\u00e7\u00fcn maqnit qas\u0131r\u011falar\u0131n\u0131n c\u0259dv\u0259lini t\u0259qdim edirik.<\/p>\n<p>Sentyabrda maqnit qas\u0131r\u011falar\u0131 &#8211; ay \u00fc\u00e7\u00fcn \u0259trafl\u0131 c\u0259dv\u0259l<\/p>\n<p>Maqnit qas\u0131r\u011falar\u0131n\u0131n intensivliyi beyn\u0259lxalq miqyasda &#8211; Kp indeksind\u0259n istifad\u0259 etm\u0259kl\u0259 \u00f6l\u00e7\u00fcl\u00fcr. \u0130ndeks d\u0259y\u0259ri 0-dan 9-a q\u0259d\u0259r d\u0259yi\u015fir:<\/p>\n<p>\u2022 0-3 &#8211; sakit v\u0259ziyy\u0259t;<\/p>\n<p>\u2022 4 &#8211; m\u00fclayim dal\u011falanmalar;<\/p>\n<p>\u2022 5 v\u0259 daha \u00e7ox &#8211; maqnit qas\u0131r\u011fas\u0131n\u0131n ba\u015flan\u011f\u0131c\u0131 v\u0259 ya g\u00fccl\u00fc<\/p>\n<p>Sentyabr ay\u0131 \u00fc\u00e7\u00fcn maqnit qas\u0131r\u011fas\u0131 t\u0259qvimi:<\/p>\n<p>\u2022 1 sentyabr &#8211; Kp-indeks 2, Yerin maqnit sah\u0259si normald\u0131r;<\/p>\n<p>\u2022 2 sentyabr &#8211; Kp-indeks 2, Yerin maqnit sah\u0259si normald\u0131r;<\/p>\n<p>\u2022 3 sentyabr &#8211; Kp-indeks 2, Yerin maqnit sah\u0259si normald\u0131r;<\/p>\n<p>4 sentyabr &#8211; Kp-index 5, g\u00fccl\u00fc maqnit qas\u0131r\u011fas\u0131n\u0131n ba\u015flan\u011f\u0131c\u0131;<\/p>\n<p>\u2022 5 sentyabr &#8211; Kp-index 6, son d\u0259r\u0259c\u0259 g\u00fccl\u00fc maqnit qas\u0131r\u011fas\u0131;<\/p>\n<p>\u2022 6 sentyabr &#8211; Kp-index 5, g\u00fccl\u00fc maqnit qas\u0131r\u011fas\u0131 davam edir;<\/p>\n<p>\u2022 7 sentyabr &#8211; Kp-indeks 4, geomaqnit dal\u011falanmalar\u0131nda azalma;<\/p>\n<p>\u2022 8 sentyabr &#8211; Kp-index 4, m\u00fclayim maqnit qas\u0131r\u011fas\u0131;<\/p>\n<p>\u2022 9 sentyabr &#8211; Kp-index 4, m\u00fclayim maqnit qas\u0131r\u011fas\u0131;<\/p>\n<p>\u2022 10 sentyabr &#8211; Kp-index 4, m\u00fclayim maqnit qas\u0131r\u011fas\u0131;<\/p>\n<p>\u2022 11 sentyabr &#8211; Kp-indeks 2, Yerin maqnit sah\u0259si normald\u0131r;<\/p>\n<p>\u2022 12 sentyabr &#8211; Kp-indeks 2, Yerin maqnit sah\u0259si normald\u0131r;<\/p>\n<p>\u2022 13 sentyabr &#8211; Kp-indeks 2, Yerin maqnit sah\u0259si normald\u0131r;<\/p>\n<p>\u2022 14 sentyabr &#8211; Kp-indeks 2, Yerin maqnit sah\u0259si normald\u0131r;<\/p>\n<p>\u2022 15 sentyabr &#8211; Kp-index 5, g\u00fccl\u00fc maqnit qas\u0131r\u011fas\u0131;<\/p>\n<p>\u2022 16 sentyabr &#8211; Kp-indeks 4, m\u00fclayim maqnit qas\u0131r\u011fas\u0131;<\/p>\n<p>\u2022 17 sentyabr &#8211; Kp-indeks 3, sakit geomaqnit aktivliyi;<\/p>\n<p>\u2022 18 sentyabr &#8211; Kp-indeks 4, m\u00fclayim maqnit qas\u0131r\u011fas\u0131;<\/p>\n<p>\u2022 19 sentyabr &#8211; Kp-indeks 3, sakit geomaqnit aktivliyi;<\/p>\n<p>\u2022 20 sentyabr &#8211; Kp-index 3, sakit geomaqnit aktivliyi.<\/p>\n<p>\u0130ndi ekspertl\u0259r ay\u0131n 20-n\u0259 q\u0259d\u0259r proqnoz veribl\u0259r. H\u0259m d\u0259 ba\u015fa d\u00fc\u015fm\u0259k laz\u0131md\u0131r ki, bu, yaln\u0131z ilkin m\u0259lumatlard\u0131r, bir ay \u0259rzind\u0259 d\u0259yi\u015f\u0259 bil\u0259r, \u00e7\u00fcnki Yerd\u0259 maqnit qas\u0131r\u011falar\u0131na s\u0259b\u0259b olan yeni g\u00fcn\u0259\u015f partlay\u0131\u015flar\u0131 daim ba\u015f verir. \/lent.az<\/p>\n","protected":false},"excerpt":{"rendered":"<p>Sentyabrda Yer k\u00fcr\u0259sini bir ne\u00e7\u0259 g\u00fccl\u00fc maqnit qas\u0131r\u011fas\u0131 dal\u011fas\u0131 \u0259hat\u0259 ed\u0259c\u0259k. Ay\u0131n \u0259vv\u0259lind\u0259 geomaqnit aktivliyinin artmas\u0131 g\u00f6zl\u0259nilir. H\u0259m\u00e7inin sentyabr\u0131n ortalar\u0131nda g\u00fccl\u00fc geof\u0131rt\u0131na ba\u015flayacaq. Buna g\u00f6r\u0259 d\u0259, sa\u011flaml\u0131q v\u0259 rifaha t\u0259sir g\u00f6st\u0259rm\u0259m\u0259si \u00fc\u00e7\u00fcn t\u0259hl\u00fck\u0259li tarixl\u0259r\u0259 vaxt\u0131nda haz\u0131rla\u015fmaq vacibdir. 2025-ci ilin sentyabr ay\u0131 \u00fc\u00e7\u00fcn maqnit qas\u0131r\u011falar\u0131n\u0131n c\u0259dv\u0259lini t\u0259qdim edirik. Sentyabrda maqnit qas\u0131r\u011falar\u0131 &#8211; ay \u00fc\u00e7\u00fcn \u0259trafl\u0131 c\u0259dv\u0259l Maqnit qas\u0131r\u011falar\u0131n\u0131n intensivliyi beyn\u0259lxalq miqyasda &#8211; Kp indeksind\u0259n istifad\u0259 etm\u0259kl\u0259 \u00f6l\u00e7\u00fcl\u00fcr. \u0130ndeks d\u0259y\u0259ri 0-dan 9-a q\u0259d\u0259r d\u0259yi\u015fir: \u2022 0-3 &#8211; sakit v\u0259ziyy\u0259t; \u2022 4 &#8211; m\u00fclayim dal\u011falanmalar; \u2022 5 v\u0259 daha \u00e7ox &#8211; maqnit qas\u0131r\u011fas\u0131n\u0131n&hellip;<\/p>\n","protected":false},"author":2,"featured_media":824224,"comment_status":"closed","ping_status":"closed","sticky":false,"template":"","format":"standard","meta":{"om_disable_all_campaigns":false,"_monsterinsights_skip_tracking":false,"_monsterinsights_sitenote_active":false,"_monsterinsights_sitenote_note":"","_monsterinsights_sitenote_category":0},"categories":[1],"tags":[],"aioseo_notices":[],"gutentor_comment":0,"rttpg_featured_image_url":{"full":["https:\/\/arantv.az\/wp-content\/uploads\/2025\/09\/89f9b6761848fa2afd6a47ad2c2caa9a.jpg",740,493,false],"landscape":["https:\/\/arantv.az\/wp-content\/uploads\/2025\/09\/89f9b6761848fa2afd6a47ad2c2caa9a.jpg",740,493,false],"portraits":["https:\/\/arantv.az\/wp-content\/uploads\/2025\/09\/89f9b6761848fa2afd6a47ad2c2caa9a.jpg",740,493,false],"thumbnail":["https:\/\/arantv.az\/wp-content\/uploads\/2025\/09\/89f9b6761848fa2afd6a47ad2c2caa9a-500x280.jpg",500,280,true],"medium":["https:\/\/arantv.az\/wp-content\/uploads\/2025\/09\/89f9b6761848fa2afd6a47ad2c2caa9a-548x365.jpg",548,365,true],"large":["https:\/\/arantv.az\/wp-content\/uploads\/2025\/09\/89f9b6761848fa2afd6a47ad2c2caa9a.jpg",640,426,false],"1536x1536":["https:\/\/arantv.az\/wp-content\/uploads\/2025\/09\/89f9b6761848fa2afd6a47ad2c2caa9a.jpg",740,493,false],"2048x2048":["https:\/\/arantv.az\/wp-content\/uploads\/2025\/09\/89f9b6761848fa2afd6a47ad2c2caa9a.jpg",740,493,false],"post-thumbnail":["https:\/\/arantv.az\/wp-content\/uploads\/2025\/09\/89f9b6761848fa2afd6a47ad2c2caa9a-240x172.jpg",240,172,true],"advps-thumb-one":["https:\/\/arantv.az\/wp-content\/uploads\/2025\/09\/89f9b6761848fa2afd6a47ad2c2caa9a.jpg",740,493,false]},"rttpg_author":{"display_name":"V\u00fcsal Rafiqo\u011flu","author_link":"https:\/\/arantv.az\/?author=2"},"rttpg_comment":0,"rttpg_category":"<a href=\"https:\/\/arantv.az\/?cat=1\" rel=\"category\">C\u0259miyy\u0259t<\/a>","rttpg_excerpt":"Sentyabrda Yer k\u00fcr\u0259sini bir ne\u00e7\u0259 g\u00fccl\u00fc maqnit qas\u0131r\u011fas\u0131 dal\u011fas\u0131 \u0259hat\u0259 ed\u0259c\u0259k. Ay\u0131n \u0259vv\u0259lind\u0259 geomaqnit aktivliyinin artmas\u0131 g\u00f6zl\u0259nilir. H\u0259m\u00e7inin sentyabr\u0131n ortalar\u0131nda g\u00fccl\u00fc geof\u0131rt\u0131na ba\u015flayacaq. Buna g\u00f6r\u0259 d\u0259, sa\u011flaml\u0131q v\u0259 rifaha t\u0259sir g\u00f6st\u0259rm\u0259m\u0259si \u00fc\u00e7\u00fcn t\u0259hl\u00fck\u0259li tarixl\u0259r\u0259 vaxt\u0131nda haz\u0131rla\u015fmaq vacibdir. 2025-ci ilin sentyabr ay\u0131 \u00fc\u00e7\u00fcn maqnit qas\u0131r\u011falar\u0131n\u0131n c\u0259dv\u0259lini t\u0259qdim edirik. Sentyabrda maqnit qas\u0131r\u011falar\u0131 &#8211; ay \u00fc\u00e7\u00fcn \u0259trafl\u0131 c\u0259dv\u0259l&hellip;","_links":{"self":[{"href":"https:\/\/arantv.az\/index.php?rest_route=\/wp\/v2\/posts\/824223"}],"collection":[{"href":"https:\/\/arantv.az\/index.php?rest_route=\/wp\/v2\/posts"}],"about":[{"href":"https:\/\/arantv.az\/index.php?rest_route=\/wp\/v2\/types\/post"}],"author":[{"embeddable":true,"href":"https:\/\/arantv.az\/index.php?rest_route=\/wp\/v2\/users\/2"}],"replies":[{"embeddable":true,"href":"https:\/\/arantv.az\/index.php?rest_route=%2Fwp%2Fv2%2Fcomments&post=824223"}],"version-history":[{"count":2,"href":"https:\/\/arantv.az\/index.php?rest_route=\/wp\/v2\/posts\/824223\/revisions"}],"predecessor-version":[{"id":824226,"href":"https:\/\/arantv.az\/index.php?rest_route=\/wp\/v2\/posts\/824223\/revisions\/824226"}],"wp:featuredmedia":[{"embeddable":true,"href":"https:\/\/arantv.az\/index.php?rest_route=\/wp\/v2\/media\/824224"}],"wp:attachment":[{"href":"https:\/\/arantv.az\/index.php?rest_route=%2Fwp%2Fv2%2Fmedia&parent=824223"}],"wp:term":[{"taxonomy":"category","embeddable":true,"href":"https:\/\/arantv.az\/index.php?rest_route=%2Fwp%2Fv2%2Fcategories&post=824223"},{"taxonomy":"post_tag","embeddable":true,"href":"https:\/\/arantv.az\/index.php?rest_route=%2Fwp%2Fv2%2Ftags&post=824223"}],"curies":[{"name":"wp","href":"https:\/\/api.w.org\/{rel}","templated":true}]}}