{"id":824227,"date":"2025-09-03T07:51:09","date_gmt":"2025-09-03T03:51:09","guid":{"rendered":"https:\/\/arantv.az\/?p=824227"},"modified":"2025-09-03T07:51:09","modified_gmt":"2025-09-03T03:51:09","slug":"almaniya-iqtisadiyyatindan-gozl%c9%99nilm%c9%99z-n%c9%99tic%c9%99-402-faiz-azalma-qeyd%c9%99-alindi","status":"publish","type":"post","link":"https:\/\/arantv.az\/?p=824227","title":{"rendered":"Almaniya iqtisadiyyat\u0131ndan g\u00f6zl\u0259nilm\u0259z n\u0259tic\u0259: 40,2 faiz azalma qeyd\u0259 al\u0131nd\u0131"},"content":{"rendered":"<p>2025-ci ilin birinci yar\u0131s\u0131nda Almaniyada icmal d\u00f6vl\u0259t b\u00fcdc\u0259l\u0259rinin k\u0259siri 28,9 milyard avro v\u0259 ya \u00dcDM-in 1,3 faizini t\u0259\u015fkil edib. Musavat.com Federal Statistika \u0130dar\u0259sinin (Destatis) ilkin m\u0259lumatlar\u0131na istinad\u0259n x\u0259b\u0259r verir ki, bu, \u00f6t\u0259n ilin analoji d\u00f6vr\u00fcn\u00fcn g\u00f6st\u0259ricisind\u0259n 19,4 milyard avro\u00a0 v\u0259 ya 40,2 faiz azd\u0131r.<\/p>\n<p>Yar\u0131m ild\u0259 g\u0259lirl\u0259r 6,5 faiz art\u0131b (1,042 trilyon avroya q\u0259d\u0259r). O c\u00fcml\u0259d\u0259n vergi daxilolmalar\u0131 5,1 faiz, \u018fDV daxilolmalar\u0131 6,9 faiz, m\u0259nf\u0259\u0259t vergisi 4,6 faiz art\u0131b, faiz g\u0259lirl\u0259ri is\u0259 18,9 faiz azal\u0131b.<\/p>\n<p>X\u0259rcl\u0259rin art\u0131m tempi daha az olub v\u0259 4,3 faiz (1,071 trilyon avroya q\u0259d\u0259r) t\u0259\u015fkil edib.<\/p>\n<p>Yanvar-iyun aylar\u0131nda federal b\u00fcdc\u0259 k\u0259siri 16,7 milyard avro (bir il \u0259vv\u0259l &#8211; 27,2 milyard avro) t\u0259\u015fkil edib. B\u0259l\u0259diyy\u0259 b\u00fcdc\u0259l\u0259rind\u0259 14,2 milyard avro (9,5 milyard avro), d\u00f6vl\u0259t b\u00fcdc\u0259l\u0259rind\u0259 1,3 milyard avro (11,6 milyard avro) m\u0259nfi saldo qeyd\u0259 al\u0131n\u0131b. Sosial t\u0259minat fondlar\u0131nda 3,3 milyard avroluq profisit\u00a0 qeyd\u0259 al\u0131n\u0131b (ke\u00e7\u0259n il bu r\u0259q\u0259m praktiki olaraq s\u0131f\u0131r olub).<\/p>\n<p>&nbsp;<\/p>\n<p>Musavat.com<\/p>\n","protected":false},"excerpt":{"rendered":"<p>2025-ci ilin birinci yar\u0131s\u0131nda Almaniyada icmal d\u00f6vl\u0259t b\u00fcdc\u0259l\u0259rinin k\u0259siri 28,9 milyard avro v\u0259 ya \u00dcDM-in 1,3 faizini t\u0259\u015fkil edib. Musavat.com Federal Statistika \u0130dar\u0259sinin (Destatis) ilkin m\u0259lumatlar\u0131na istinad\u0259n x\u0259b\u0259r verir ki, bu, \u00f6t\u0259n ilin analoji d\u00f6vr\u00fcn\u00fcn g\u00f6st\u0259ricisind\u0259n 19,4 milyard avro\u00a0 v\u0259 ya 40,2 faiz azd\u0131r. Yar\u0131m ild\u0259 g\u0259lirl\u0259r 6,5 faiz art\u0131b (1,042 trilyon avroya q\u0259d\u0259r). O c\u00fcml\u0259d\u0259n vergi daxilolmalar\u0131 5,1 faiz, \u018fDV daxilolmalar\u0131 6,9 faiz, m\u0259nf\u0259\u0259t vergisi 4,6 faiz art\u0131b, faiz g\u0259lirl\u0259ri is\u0259 18,9 faiz azal\u0131b. X\u0259rcl\u0259rin art\u0131m tempi daha az olub v\u0259 4,3 faiz (1,071 trilyon avroya q\u0259d\u0259r) t\u0259\u015fkil edib.&hellip;<\/p>\n","protected":false},"author":2,"featured_media":824228,"comment_status":"closed","ping_status":"closed","sticky":false,"template":"","format":"standard","meta":{"om_disable_all_campaigns":false,"_monsterinsights_skip_tracking":false,"_monsterinsights_sitenote_active":false,"_monsterinsights_sitenote_note":"","_monsterinsights_sitenote_category":0},"categories":[19],"tags":[],"aioseo_notices":[],"gutentor_comment":0,"rttpg_featured_image_url":{"full":["https:\/\/arantv.az\/wp-content\/uploads\/2025\/09\/b5478d02379c688276a28f3ff3050b6b.jpg",310,162,false],"landscape":["https:\/\/arantv.az\/wp-content\/uploads\/2025\/09\/b5478d02379c688276a28f3ff3050b6b.jpg",310,162,false],"portraits":["https:\/\/arantv.az\/wp-content\/uploads\/2025\/09\/b5478d02379c688276a28f3ff3050b6b.jpg",310,162,false],"thumbnail":["https:\/\/arantv.az\/wp-content\/uploads\/2025\/09\/b5478d02379c688276a28f3ff3050b6b.jpg",310,162,false],"medium":["https:\/\/arantv.az\/wp-content\/uploads\/2025\/09\/b5478d02379c688276a28f3ff3050b6b.jpg",310,162,false],"large":["https:\/\/arantv.az\/wp-content\/uploads\/2025\/09\/b5478d02379c688276a28f3ff3050b6b.jpg",310,162,false],"1536x1536":["https:\/\/arantv.az\/wp-content\/uploads\/2025\/09\/b5478d02379c688276a28f3ff3050b6b.jpg",310,162,false],"2048x2048":["https:\/\/arantv.az\/wp-content\/uploads\/2025\/09\/b5478d02379c688276a28f3ff3050b6b.jpg",310,162,false],"post-thumbnail":["https:\/\/arantv.az\/wp-content\/uploads\/2025\/09\/b5478d02379c688276a28f3ff3050b6b-240x162.jpg",240,162,true],"advps-thumb-one":["https:\/\/arantv.az\/wp-content\/uploads\/2025\/09\/b5478d02379c688276a28f3ff3050b6b.jpg",310,162,false]},"rttpg_author":{"display_name":"V\u00fcsal Rafiqo\u011flu","author_link":"https:\/\/arantv.az\/?author=2"},"rttpg_comment":0,"rttpg_category":"<a href=\"https:\/\/arantv.az\/?cat=19\" rel=\"category\">G\u00fcnd\u0259m<\/a>","rttpg_excerpt":"2025-ci ilin birinci yar\u0131s\u0131nda Almaniyada icmal d\u00f6vl\u0259t b\u00fcdc\u0259l\u0259rinin k\u0259siri 28,9 milyard avro v\u0259 ya \u00dcDM-in 1,3 faizini t\u0259\u015fkil edib. Musavat.com Federal Statistika \u0130dar\u0259sinin (Destatis) ilkin m\u0259lumatlar\u0131na istinad\u0259n x\u0259b\u0259r verir ki, bu, \u00f6t\u0259n ilin analoji d\u00f6vr\u00fcn\u00fcn g\u00f6st\u0259ricisind\u0259n 19,4 milyard avro\u00a0 v\u0259 ya 40,2 faiz azd\u0131r. Yar\u0131m ild\u0259 g\u0259lirl\u0259r 6,5 faiz art\u0131b (1,042 trilyon avroya q\u0259d\u0259r). O&hellip;","_links":{"self":[{"href":"https:\/\/arantv.az\/index.php?rest_route=\/wp\/v2\/posts\/824227"}],"collection":[{"href":"https:\/\/arantv.az\/index.php?rest_route=\/wp\/v2\/posts"}],"about":[{"href":"https:\/\/arantv.az\/index.php?rest_route=\/wp\/v2\/types\/post"}],"author":[{"embeddable":true,"href":"https:\/\/arantv.az\/index.php?rest_route=\/wp\/v2\/users\/2"}],"replies":[{"embeddable":true,"href":"https:\/\/arantv.az\/index.php?rest_route=%2Fwp%2Fv2%2Fcomments&post=824227"}],"version-history":[{"count":1,"href":"https:\/\/arantv.az\/index.php?rest_route=\/wp\/v2\/posts\/824227\/revisions"}],"predecessor-version":[{"id":824229,"href":"https:\/\/arantv.az\/index.php?rest_route=\/wp\/v2\/posts\/824227\/revisions\/824229"}],"wp:featuredmedia":[{"embeddable":true,"href":"https:\/\/arantv.az\/index.php?rest_route=\/wp\/v2\/media\/824228"}],"wp:attachment":[{"href":"https:\/\/arantv.az\/index.php?rest_route=%2Fwp%2Fv2%2Fmedia&parent=824227"}],"wp:term":[{"taxonomy":"category","embeddable":true,"href":"https:\/\/arantv.az\/index.php?rest_route=%2Fwp%2Fv2%2Fcategories&post=824227"},{"taxonomy":"post_tag","embeddable":true,"href":"https:\/\/arantv.az\/index.php?rest_route=%2Fwp%2Fv2%2Ftags&post=824227"}],"curies":[{"name":"wp","href":"https:\/\/api.w.org\/{rel}","templated":true}]}}