{"id":824247,"date":"2025-09-03T07:56:47","date_gmt":"2025-09-03T03:56:47","guid":{"rendered":"https:\/\/arantv.az\/?p=824247"},"modified":"2025-09-03T07:56:47","modified_gmt":"2025-09-03T03:56:47","slug":"minsk-qrupu-da-gorbagor-oldu","status":"publish","type":"post","link":"https:\/\/arantv.az\/?p=824247","title":{"rendered":"Minsk qrupu da \u201cgorbagor\u201d oldu"},"content":{"rendered":"<p>Sentyabr\u0131n 1-d\u0259 AT\u018fT Nazirl\u0259r \u015euras\u0131 t\u0259r\u0259find\u0259n AT\u018fT-in Minsk Prosesi v\u0259 \u0259laq\u0259li strukturlar\u0131n\u0131n (AT\u018fT-in F\u0259aliyy\u0259td\u0259 olan S\u0259drinin AT\u018fT-in Minsk Konfrans\u0131n\u0131n m\u0259\u015f\u011ful oldu\u011fu m\u00fcnaqi\u015f\u0259 \u00fczr\u0259 \u015e\u0259xsi N\u00fcmay\u0259nd\u0259si v\u0259 Y\u00fcks\u0259k S\u0259viyy\u0259li Planla\u015fd\u0131rma Qrupu) ba\u011flanmas\u0131na dair q\u0259rar q\u0259bul olunub. Q\u0259rarda ke\u00e7mi\u015f Erm\u0259nistan-Az\u0259rbaycan m\u00fcnaqi\u015f\u0259si il\u0259 ba\u011fl\u0131 AT\u018fT \u00e7\u0259r\u00e7iv\u0259sind\u0259 vaxtil\u0259 q\u0259bul edilmi\u015f b\u00fct\u00fcn q\u0259rarlar etibars\u0131z elan edilib. S\u00f6z\u00fcged\u0259n strukturlar\u0131n ba\u011flanmas\u0131ndan ir\u0259li g\u0259l\u0259n t\u0259\u015fkilati v\u0259 texniki m\u0259s\u0259l\u0259l\u0259rin dekabr\u0131n 1-d\u0259n gec olmayaraq yekunla\u015fd\u0131r\u0131lmas\u0131 AT\u018fT Katibliyin\u0259 tap\u015f\u0131r\u0131l\u0131b.<\/p>\n<p>Qeyd ed\u0259k ki, avqustun 8-d\u0259 Va\u015finqton \u015f\u0259h\u0259rind\u0259 ba\u015f tutmu\u015f g\u00f6r\u00fc\u015f \u00e7\u0259r\u00e7iv\u0259sind\u0259 Az\u0259rbaycan v\u0259 Erm\u0259nistan\u0131n xarici i\u015fl\u0259r nazirl\u0259ri AT\u018fT-in F\u0259aliyy\u0259td\u0259 olan S\u0259drin\u0259 birg\u0259 m\u00fcraci\u0259t m\u0259ktubu \u00fcnvanlam\u0131\u015fd\u0131lar. Bu m\u0259nada bu q\u0259rar\u0131 Az\u0259rbaycan Prezidenti \u0130lham \u018fliyev v\u0259 Erm\u0259nistan\u0131n Ba\u015f naziri Nikol Pa\u015finyan t\u0259r\u0259find\u0259n AB\u015e Prezidenti Donald Tramp\u0131n i\u015ftirak\u0131 il\u0259 Va\u015finqtonda imzalad\u0131qlar\u0131 Birg\u0259 B\u0259yannam\u0259nin davam\u0131 kimi d\u0259y\u0259rl\u0259ndirm\u0259k olar.<\/p>\n<p>AT\u018fT-in f\u0259aliyy\u0259td\u0259 olan s\u0259dri, Finlandiyan\u0131n xarici i\u015fl\u0259r naziri Elina Valtonen v\u0259 AT\u018fT-in Ba\u015f katibi Feridun H. Sinirlio\u011flu Erm\u0259nistan\u0131n v\u0259 Az\u0259rbaycan\u0131n birg\u0259 m\u00fcraci\u0259tind\u0259n sonra Minsk Prosesinin v\u0259 \u0259laq\u0259dar strukturlar\u0131n ba\u011flanmas\u0131 bar\u0259d\u0259 Nazirl\u0259r \u015euras\u0131n\u0131n q\u0259rar\u0131n\u0131 tarixi hadis\u0259 kimi d\u0259y\u0259rl\u0259ndiribl\u0259r. AT\u018fT-in r\u0259smi sayt\u0131nda yerl\u0259\u015fdirilmi\u015f m\u0259lumatda deyilir: \u201cBu, diplomatiyan\u0131n onillikl\u0259r boyu davam ed\u0259n m\u00fcnaqi\u015f\u0259 v\u0259 etimads\u0131zl\u0131qdan sonra da n\u0259l\u0259r\u0259 nail ola bil\u0259c\u0259yini g\u00f6st\u0259r\u0259n tarixi bir hadis\u0259dir. Bu, t\u0259r\u0259fl\u0259rin ortaq m\u0259xr\u0259c\u0259 g\u0259lm\u0259k istiqam\u0259tind\u0259 ortaq irad\u0259 n\u00fcmayi\u015f etdirdikd\u0259 raz\u0131l\u0131\u011f\u0131n m\u00fcmk\u00fcn oldu\u011funu s\u00fcbut edir\u201d.<\/p>\n<p>AT\u018fT PA-n\u0131n Prezidenti Pere Joan Pons da AT\u018fT Nazirl\u0259r \u015euras\u0131n\u0131n Az\u0259rbaycan v\u0259 Erm\u0259nistan\u0131n birg\u0259 m\u00fcraci\u0259tind\u0259n sonra Minsk prosesinin ba\u011flanmas\u0131 il\u0259 \u0259laq\u0259dar q\u0259rar\u0131n\u0131 t\u0259qdir edib: &#8220;K\u00f6kl\u0259ri dialoqa \u0259saslanan bu tarixi add\u0131m C\u0259nubi Qafqazda davaml\u0131 s\u00fclh\u0259 ged\u0259n yolu g\u00fccl\u0259ndirir. Biz bu prosesi d\u0259st\u0259kl\u0259m\u0259y\u0259 davam ed\u0259c\u0259yik&#8221;. Yeri g\u0259lmi\u015fk\u0259n, T\u00fcrkiy\u0259 Xarici \u0130\u015fl\u0259r Nazirliyi d\u0259 bu q\u0259rar\u0131 alq\u0131\u015flay\u0131b. Bildirilib ki, iki \u00f6lk\u0259nin ortaq s\u0259yi il\u0259 realla\u015fan bu q\u0259rar Az\u0259rbaycan v\u0259 Erm\u0259nistan aras\u0131nda s\u00fclh prosesinin \u00f6n\u0259mli m\u0259rh\u0259l\u0259l\u0259rind\u0259n biridir.<\/p>\n<p>Bu m\u0259nada bu q\u0259rar\u0131 Az\u0259rbaycan v\u0259 Erm\u0259nistan aras\u0131nda normalla\u015fma prosesi il\u0259 \u0259laq\u0259dar \u0259ld\u0259 edilmi\u015f raz\u0131l\u0131qlar\u0131n praktiki icras\u0131 istiqam\u0259tind\u0259 m\u00fch\u00fcm add\u0131m adland\u0131rmaq olar. Bu, h\u0259m d\u0259 ke\u00e7mi\u015f \u201cDa\u011fl\u0131q Qaraba\u011f m\u00fcnaqi\u015f\u0259si\u201dnin \u201cs\u0259n\u0259dli-s\u00fcbutlu\u201d tamamil\u0259 ba\u011flanmas\u0131 dem\u0259kdir. \u00c7\u00fcnki m\u0259hz bu q\u0259rarla ke\u00e7mi\u015f Erm\u0259nistan-Az\u0259rbaycan m\u00fcnaqi\u015f\u0259si tamamil\u0259 AT\u018fT-in g\u00fcnd\u0259liyind\u0259n \u00e7\u0131xar\u0131l\u0131b. \u00a0Odur ki, daha \u201cstatus\u201d bar\u0259d\u0259 dan\u0131\u015f\u0131lm\u0131r, he\u00e7 bir beyn\u0259lxalq qurum bu m\u00f6vzunu g\u00fcnd\u0259m\u0259 g\u0259tirmir.\u00a0\u015e\u00fcbh\u0259siz, Az\u0259rbaycan \u00fc\u00e7\u00fcn tarixi \u0259h\u0259miyy\u0259t k\u0259sb ed\u0259n bu q\u0259rar Erm\u0259nistan\u0131 davaml\u0131 s\u00fclh\u0259 daha da yax\u0131nla\u015fd\u0131r\u0131r, eyni zamanda, Avropada t\u0259hl\u00fck\u0259sizliy\u0259 v\u0259 \u0259m\u0259kda\u015fl\u0131\u011fa t\u00f6hf\u0259 verir.<\/p>\n<p>Xat\u0131rladaq ki, bu, Az\u0259rbaycan\u0131n Erm\u0259nistanla s\u00fclh m\u00fcqavil\u0259sini imzalamaq \u00fc\u00e7\u00fcn ir\u0259li s\u00fcrd\u00fcy\u00fc iki \u0259sas \u015f\u0259rtind\u0259n biri idi. Bu is\u0259 o dem\u0259kdir ki, yekun s\u00fclh sazi\u015fi art\u0131q zaman m\u0259s\u0259l\u0259sidir v\u0259 proses yaln\u0131z Erm\u0259nistanda ke\u00e7iril\u0259c\u0259k konstitusiya referendumu il\u0259 ba\u011fl\u0131d\u0131r. Bu m\u0259qamda Prezident \u0130lham \u018fliyevin\u00a0Va\u015finqtonda Az\u0259rbaycan\u0131n media n\u00fcmay\u0259nd\u0259l\u0259rin\u0259 m\u00fcsahib\u0259sind\u0259ki a\u015fa\u011f\u0131dak\u0131 s\u00f6zl\u0259rini d\u0259 xat\u0131rlatmaq yerin\u0259 d\u00fc\u015f\u0259r: \u201cBildiyiniz kimi, onlar\u0131n konstitusiyas\u0131nda Az\u0259rbaycana qar\u015f\u0131 \u0259razi iddias\u0131 m\u0259s\u0259l\u0259si imkan verm\u0259di ki, bu g\u00fcn s\u00fclh sazi\u015fi imzalans\u0131n. Amma bu d\u0259yi\u015fiklikl\u0259r edil\u0259nd\u0259n sonra art\u0131q s\u00fclh sazi\u015fi ist\u0259nil\u0259n vaxtda imzalana bil\u0259r\u201d. \u015e\u00fcbh\u0259siz, Minsk Prosesinin ba\u011flanmas\u0131 Prezident \u0130lham \u018fliyevin n\u00f6vb\u0259ti diplomatik u\u011furudur. Bu tarixi q\u0259rar h\u0259m d\u0259 d\u00f6vl\u0259t ba\u015f\u00e7\u0131m\u0131z\u0131n q\u0259tiyy\u0259tli siyas\u0259ti il\u0259 regionda yaranm\u0131\u015f yeni reall\u0131qlar\u0131n d\u00fcnya miqyas\u0131nda t\u0259sdiqidir.<\/p>\n<p>Qeyd ed\u0259k ki, 1992-ci ild\u0259 Qaraba\u011f m\u00fcnaqi\u015f\u0259sinin s\u00fclh yolu il\u0259 h\u0259lli m\u0259qs\u0259dil\u0259 yarad\u0131lm\u0131\u015f Minsk qrupu uzun ill\u0259r \u0259rzind\u0259 Az\u0259rbaycan-Erm\u0259nistan m\u00fcnaqi\u015f\u0259sinin h\u0259lli \u00fc\u00e7\u00fcn beyn\u0259lxalq mandata malik olsa da, onun f\u0259aliyy\u0259ti real n\u0259tic\u0259 verm\u0259mi\u015f, proses is\u0259 faydas\u0131z g\u00f6r\u00fc\u015fl\u0259r v\u0259 formal b\u0259yanatlarla m\u0259hdudla\u015fm\u0131\u015fd\u0131. Bel\u0259 ki, h\u0259ms\u0259drl\u0259r m\u00fcnaqi\u015f\u0259ni h\u0259ll etm\u0259k \u0259v\u0259zin\u0259 dondurulmu\u015f v\u0259ziyy\u0259td\u0259 saxlanmas\u0131na xidm\u0259t edir, Az\u0259rbaycan\u0131 i\u015f\u011fal\u0131n n\u0259tic\u0259l\u0259ri il\u0259 bar\u0131\u015fd\u0131rma\u011fa \u00e7al\u0131\u015f\u0131rd\u0131lar. Az\u0259rbaycan 44 g\u00fcnl\u00fck V\u0259t\u0259n m\u00fcharib\u0259sind\u0259 \u0259ld\u0259 etdiyi u\u011furla v\u0259 2023-c\u00fc ilin sentyabr\u0131nda h\u0259yata ke\u00e7irdiyi birg\u00fcnl\u00fck antiterror \u0259m\u0259liyyat\u0131 il\u0259 suverenliyin\u0259 nail oldu. Y\u0259ni Az\u0259rbaycan \u00f6z irad\u0259si v\u0259 g\u00fcc\u00fc hesab\u0131na beyn\u0259lxalq h\u00fcququn norma v\u0259 prinsipl\u0259rin\u0259, BMT Nizamnam\u0259sin\u0259 v\u0259 T\u0259hl\u00fck\u0259sizlik \u015euras\u0131n\u0131n q\u0259tnam\u0259l\u0259rin\u0259 uy\u011fun olaraq \u0259razi b\u00fct\u00f6vl\u00fcy\u00fcn\u00fc v\u0259 suverenliyini t\u0259min ed\u0259r\u0259k i\u015f\u011fala son qoydu. Bu prosesl\u0259rd\u0259 Minsk qrupunun mandat\u0131 faktiki olaraq \u0259h\u0259miyy\u0259t k\u0259sb etm\u0259mi\u015f v\u0259 o qurum iflic v\u0259ziyy\u0259tin\u0259 d\u00fc\u015fm\u00fc\u015fd\u00fc. Odur ki, Az\u0259rbaycan d\u0259f\u0259l\u0259rl\u0259 bu mexanizmin yarars\u0131z oldu\u011funu v\u0259 art\u0131q f\u0259aliyy\u0259tin\u0259 ehtiyac duyulmad\u0131\u011f\u0131n\u0131 d\u0259f\u0259l\u0259rl\u0259 b\u0259yan etmi\u015fdi. Amma Erm\u0259nistan v\u0259 onun havadarlar\u0131, x\u00fcsusil\u0259 Fransa Minsk qrupunu canland\u0131rmaqda, onun f\u0259aliyy\u0259tini davam etdirm\u0259sind\u0259 t\u0259kid edirdil\u0259r. H\u0259tta qar\u015f\u0131 t\u0259r\u0259f bildirirdi ki, bel\u0259 bir m\u00fcraci\u0259t yaln\u0131z s\u00fclh m\u00fcqavil\u0259sinin imzalanmas\u0131 il\u0259 eyni vaxtda ola bil\u0259r. \u00d6lk\u0259miz is\u0259 m\u0259s\u0259l\u0259nin bu c\u00fcr qoyulu\u015fu il\u0259 raz\u0131 olmurdu. Bir s\u00f6zl\u0259, he\u00e7 bir k\u0259nar t\u0259zyiq\u0259 v\u0259 m\u00fcdaxil\u0259y\u0259 m\u0259h\u0259l qoymayan, prinsipial m\u00f6vqeyind\u0259n geri d\u00f6nm\u0259y\u0259n d\u00f6vl\u0259t ba\u015f\u00e7\u0131m\u0131z m\u00fcharib\u0259d\u0259 qalib g\u0259ldiyi kimi, art\u0131q s\u00fclh\u00fc d\u0259 qazanm\u0131\u015f oldu.\u00a0Bununla da xalq\u0131m\u0131z\u0131n irad\u0259sini, d\u00f6vl\u0259timizin q\u0259tiyy\u0259tini bir daha n\u00fcmayi\u015f etdirdi.<\/p>\n<p><strong>Qvami M\u0259h\u0259bb\u0259to\u011flu, \u201c\u0130ki sahil\u201d<\/strong><\/p>\n","protected":false},"excerpt":{"rendered":"<p>Sentyabr\u0131n 1-d\u0259 AT\u018fT Nazirl\u0259r \u015euras\u0131 t\u0259r\u0259find\u0259n AT\u018fT-in Minsk Prosesi v\u0259 \u0259laq\u0259li strukturlar\u0131n\u0131n (AT\u018fT-in F\u0259aliyy\u0259td\u0259 olan S\u0259drinin AT\u018fT-in Minsk Konfrans\u0131n\u0131n m\u0259\u015f\u011ful oldu\u011fu m\u00fcnaqi\u015f\u0259 \u00fczr\u0259 \u015e\u0259xsi N\u00fcmay\u0259nd\u0259si v\u0259 Y\u00fcks\u0259k S\u0259viyy\u0259li Planla\u015fd\u0131rma Qrupu) ba\u011flanmas\u0131na dair q\u0259rar q\u0259bul olunub. Q\u0259rarda ke\u00e7mi\u015f Erm\u0259nistan-Az\u0259rbaycan m\u00fcnaqi\u015f\u0259si il\u0259 ba\u011fl\u0131 AT\u018fT \u00e7\u0259r\u00e7iv\u0259sind\u0259 vaxtil\u0259 q\u0259bul edilmi\u015f b\u00fct\u00fcn q\u0259rarlar etibars\u0131z elan edilib. S\u00f6z\u00fcged\u0259n strukturlar\u0131n ba\u011flanmas\u0131ndan ir\u0259li g\u0259l\u0259n t\u0259\u015fkilati v\u0259 texniki m\u0259s\u0259l\u0259l\u0259rin dekabr\u0131n 1-d\u0259n gec olmayaraq yekunla\u015fd\u0131r\u0131lmas\u0131 AT\u018fT Katibliyin\u0259 tap\u015f\u0131r\u0131l\u0131b. Qeyd ed\u0259k ki, avqustun 8-d\u0259 Va\u015finqton \u015f\u0259h\u0259rind\u0259 ba\u015f tutmu\u015f g\u00f6r\u00fc\u015f \u00e7\u0259r\u00e7iv\u0259sind\u0259 Az\u0259rbaycan v\u0259 Erm\u0259nistan\u0131n xarici i\u015fl\u0259r nazirl\u0259ri AT\u018fT-in F\u0259aliyy\u0259td\u0259 olan S\u0259drin\u0259 birg\u0259&hellip;<\/p>\n","protected":false},"author":2,"featured_media":824248,"comment_status":"closed","ping_status":"closed","sticky":false,"template":"","format":"standard","meta":{"om_disable_all_campaigns":false,"_monsterinsights_skip_tracking":false,"_monsterinsights_sitenote_active":false,"_monsterinsights_sitenote_note":"","_monsterinsights_sitenote_category":0},"categories":[19],"tags":[],"aioseo_notices":[],"gutentor_comment":0,"rttpg_featured_image_url":{"full":["https:\/\/arantv.az\/wp-content\/uploads\/2025\/09\/9379c23a171982583926863690610638350.jpg",975,540,false],"landscape":["https:\/\/arantv.az\/wp-content\/uploads\/2025\/09\/9379c23a171982583926863690610638350.jpg",975,540,false],"portraits":["https:\/\/arantv.az\/wp-content\/uploads\/2025\/09\/9379c23a171982583926863690610638350.jpg",975,540,false],"thumbnail":["https:\/\/arantv.az\/wp-content\/uploads\/2025\/09\/9379c23a171982583926863690610638350-500x280.jpg",500,280,true],"medium":["https:\/\/arantv.az\/wp-content\/uploads\/2025\/09\/9379c23a171982583926863690610638350-660x365.jpg",660,365,true],"large":["https:\/\/arantv.az\/wp-content\/uploads\/2025\/09\/9379c23a171982583926863690610638350-840x465.jpg",640,354,true],"1536x1536":["https:\/\/arantv.az\/wp-content\/uploads\/2025\/09\/9379c23a171982583926863690610638350.jpg",975,540,false],"2048x2048":["https:\/\/arantv.az\/wp-content\/uploads\/2025\/09\/9379c23a171982583926863690610638350.jpg",975,540,false],"post-thumbnail":["https:\/\/arantv.az\/wp-content\/uploads\/2025\/09\/9379c23a171982583926863690610638350-240x172.jpg",240,172,true],"advps-thumb-one":["https:\/\/arantv.az\/wp-content\/uploads\/2025\/09\/9379c23a171982583926863690610638350.jpg",975,540,false]},"rttpg_author":{"display_name":"V\u00fcsal Rafiqo\u011flu","author_link":"https:\/\/arantv.az\/?author=2"},"rttpg_comment":0,"rttpg_category":"<a href=\"https:\/\/arantv.az\/?cat=19\" rel=\"category\">G\u00fcnd\u0259m<\/a>","rttpg_excerpt":"Sentyabr\u0131n 1-d\u0259 AT\u018fT Nazirl\u0259r \u015euras\u0131 t\u0259r\u0259find\u0259n AT\u018fT-in Minsk Prosesi v\u0259 \u0259laq\u0259li strukturlar\u0131n\u0131n (AT\u018fT-in F\u0259aliyy\u0259td\u0259 olan S\u0259drinin AT\u018fT-in Minsk Konfrans\u0131n\u0131n m\u0259\u015f\u011ful oldu\u011fu m\u00fcnaqi\u015f\u0259 \u00fczr\u0259 \u015e\u0259xsi N\u00fcmay\u0259nd\u0259si v\u0259 Y\u00fcks\u0259k S\u0259viyy\u0259li Planla\u015fd\u0131rma Qrupu) ba\u011flanmas\u0131na dair q\u0259rar q\u0259bul olunub. Q\u0259rarda ke\u00e7mi\u015f Erm\u0259nistan-Az\u0259rbaycan m\u00fcnaqi\u015f\u0259si il\u0259 ba\u011fl\u0131 AT\u018fT \u00e7\u0259r\u00e7iv\u0259sind\u0259 vaxtil\u0259 q\u0259bul edilmi\u015f b\u00fct\u00fcn q\u0259rarlar etibars\u0131z elan edilib. S\u00f6z\u00fcged\u0259n strukturlar\u0131n ba\u011flanmas\u0131ndan ir\u0259li&hellip;","_links":{"self":[{"href":"https:\/\/arantv.az\/index.php?rest_route=\/wp\/v2\/posts\/824247"}],"collection":[{"href":"https:\/\/arantv.az\/index.php?rest_route=\/wp\/v2\/posts"}],"about":[{"href":"https:\/\/arantv.az\/index.php?rest_route=\/wp\/v2\/types\/post"}],"author":[{"embeddable":true,"href":"https:\/\/arantv.az\/index.php?rest_route=\/wp\/v2\/users\/2"}],"replies":[{"embeddable":true,"href":"https:\/\/arantv.az\/index.php?rest_route=%2Fwp%2Fv2%2Fcomments&post=824247"}],"version-history":[{"count":1,"href":"https:\/\/arantv.az\/index.php?rest_route=\/wp\/v2\/posts\/824247\/revisions"}],"predecessor-version":[{"id":824249,"href":"https:\/\/arantv.az\/index.php?rest_route=\/wp\/v2\/posts\/824247\/revisions\/824249"}],"wp:featuredmedia":[{"embeddable":true,"href":"https:\/\/arantv.az\/index.php?rest_route=\/wp\/v2\/media\/824248"}],"wp:attachment":[{"href":"https:\/\/arantv.az\/index.php?rest_route=%2Fwp%2Fv2%2Fmedia&parent=824247"}],"wp:term":[{"taxonomy":"category","embeddable":true,"href":"https:\/\/arantv.az\/index.php?rest_route=%2Fwp%2Fv2%2Fcategories&post=824247"},{"taxonomy":"post_tag","embeddable":true,"href":"https:\/\/arantv.az\/index.php?rest_route=%2Fwp%2Fv2%2Ftags&post=824247"}],"curies":[{"name":"wp","href":"https:\/\/api.w.org\/{rel}","templated":true}]}}