{"id":824250,"date":"2025-09-03T07:57:51","date_gmt":"2025-09-03T03:57:51","guid":{"rendered":"https:\/\/arantv.az\/?p=824250"},"modified":"2025-09-03T07:57:51","modified_gmt":"2025-09-03T03:57:51","slug":"orta-d%c9%99hliz-az%c9%99rbaycan-v%c9%99-cini-qlobal-tranzitin-m%c9%99rk%c9%99zind%c9%99-birl%c9%99sdirir","status":"publish","type":"post","link":"https:\/\/arantv.az\/?p=824250","title":{"rendered":"Orta D\u0259hliz Az\u0259rbaycan v\u0259 \u00c7ini qlobal tranzitin m\u0259rk\u0259zind\u0259 birl\u0259\u015fdirir"},"content":{"rendered":"<p><em><strong>H\u0259rt\u0259r\u0259fli strateji t\u0259r\u0259fda\u015fl\u0131q yaln\u0131z iki \u00f6lk\u0259nin deyil, b\u00fct\u00f6vl\u00fckd\u0259 regionun v\u0259 qlobal n\u0259qliyyat sisteminin inki\u015faf\u0131n\u0131 m\u00fc\u0259yy\u0259nl\u0259\u015fdirir<\/strong><\/em><\/p>\n<p>M\u00fcasir d\u00fcnya d\u00fcz\u0259ni art\u0131q yaln\u0131z n\u0259z\u0259ri diskussiyalar\u0131n m\u00f6vzusu deyil, o, real siyasi-iqtisadi prosesl\u0259rin, qlobal layih\u0259l\u0259rin v\u0259 strateji \u0259m\u0259kda\u015fl\u0131q m\u00fcnasib\u0259tl\u0259rinin praktiki n\u0259tic\u0259si kimi \u00f6z\u00fcn\u00fc g\u00f6st\u0259rir. Beyn\u0259lxalq m\u00fcnasib\u0259tl\u0259rin \u0259sas\u0131n\u0131 t\u0259\u015fkil ed\u0259n prinsipl\u0259r \u2013 b\u0259rab\u0259rt\u0259r\u0259fli \u0259m\u0259kda\u015fl\u0131q, beyn\u0259lxalq h\u00fcquqa h\u00f6rm\u0259t, regional maraqlar\u0131n qorunmas\u0131 v\u0259 qlobal t\u0259hl\u00fck\u0259sizliyin t\u0259minin\u0259 t\u00f6hf\u0259 \u2013 diplomatik b\u0259yanatlardan \u00e7ox, reall\u0131\u011f\u0131n t\u0259l\u0259b etdiyi strategiyalard\u0131r. Bu bax\u0131mdan Az\u0259rbaycan-\u00c7in m\u00fcnasib\u0259tl\u0259ri h\u0259m region, h\u0259m d\u0259 qlobal iqtisadi v\u0259 siyasi nizamda yeni inki\u015faf modelini n\u00fcmayi\u015f etdirir.<\/p>\n<p>Son ill\u0259rd\u0259 Az\u0259rbaycan-\u00c7in t\u0259r\u0259fda\u015fl\u0131\u011f\u0131 yaln\u0131z iqtisadi maraqlarla m\u0259hdudla\u015fm\u0131r; bu \u0259laq\u0259l\u0259r eyni zamanda geosiyasi t\u0259sir g\u00fcc\u00fcn\u00fc v\u0259 beyn\u0259lxalq n\u00fcfuzu art\u0131ran m\u00fch\u00fcm vasit\u0259y\u0259 \u00e7evrilib. Avqustun 31-d\u0259 Tiencin \u015f\u0259h\u0259rind\u0259 Prezident \u0130lham \u018fliyev il\u0259 \u00c7in Xalq Respublikas\u0131n\u0131n S\u0259dri Si Cinpin aras\u0131nda ba\u015f tutan g\u00f6r\u00fc\u015f bu bax\u0131mdan x\u00fcsusi \u0259h\u0259miyy\u0259t da\u015f\u0131y\u0131r. \u0130ki prezident aras\u0131nda ke\u00e7iril\u0259n g\u00f6r\u00fc\u015fd\u0259 \u00c7in lideri \u00f6lk\u0259l\u0259rimiz aras\u0131nda ticar\u0259t d\u00f6vriyy\u0259sinin artd\u0131\u011f\u0131n\u0131, energetika, o c\u00fcml\u0259d\u0259n b\u0259rpaolunan enerji, r\u0259q\u0259msalla\u015fma sah\u0259l\u0259rind\u0259 \u0259m\u0259kda\u015fl\u0131\u011f\u0131n geni\u015fl\u0259ndiyini vur\u011fulay\u0131b. Si Cinpin \u201cBir k\u0259m\u0259r, bir yol\u201d layih\u0259si \u00e7\u0259r\u00e7iv\u0259sind\u0259 d\u0259 Az\u0259rbaycan-\u00c7in \u0259m\u0259kda\u015fl\u0131\u011f\u0131n\u0131n m\u00f6hk\u0259ml\u0259ndiyini dey\u0259r\u0259k, Az\u0259rbaycan \u0259razisind\u0259n \u00c7in mallar\u0131n\u0131n da\u015f\u0131nmas\u0131n\u0131n \u0259h\u0259miyy\u0259tini qeyd edib, bu x\u00fcsusda Trans-X\u0259z\u0259r mar\u015frutunun \u00f6n\u0259min\u0259 toxunub. Prezident \u0130lham \u018fliyev \u00f6lk\u0259l\u0259rimiz aras\u0131ndak\u0131 ticar\u0259t m\u00fcnasib\u0259tl\u0259rind\u0259 \u0259sasl\u0131 art\u0131m\u0131n m\u00fc\u015fahid\u0259 olundu\u011funu deyib. D\u00f6vl\u0259timizin ba\u015f\u00e7\u0131s\u0131 \u201cBir k\u0259m\u0259r, bir yol\u201d layih\u0259sin\u0259 toxunaraq, onun vacib t\u0259rkib hiss\u0259si olan v\u0259 Az\u0259rbaycan \u0259razisind\u0259n ke\u00e7\u0259n Orta D\u0259hliz vasit\u0259sil\u0259 da\u015f\u0131malar\u0131n, x\u00fcsusil\u0259 \u00c7in y\u00fckl\u0259rinin da\u015f\u0131nmas\u0131n\u0131n artmas\u0131n\u0131 bu d\u0259hlizin s\u0259m\u0259r\u0259liliyinin v\u0259 c\u0259lbediciliyinin n\u00fcmun\u0259si kimi qiym\u0259tl\u0259ndirib. Bu g\u00f6r\u00fc\u015f Az\u0259rbaycan-\u00c7in strateji t\u0259r\u0259fda\u015fl\u0131\u011f\u0131n\u0131n m\u00f6hk\u0259ml\u0259nm\u0259sinin h\u0259m simvolik, h\u0259m d\u0259 praktik ifad\u0259si kimi d\u0259y\u0259rl\u0259ndirilir.<\/p>\n<p>Bu g\u00f6r\u00fc\u015fd\u0259n bir g\u00fcn sonra Prezident \u0130lham \u018fliyev sentyabr\u0131n 1-d\u0259 \u00c7inin Tiencin \u015f\u0259h\u0259rind\u0259 \u201c\u015e\u018fT Plus\u201d format\u0131nda ke\u00e7iril\u0259n iclasda \u00e7\u0131x\u0131\u015f\u0131 zaman\u0131 Orta D\u0259hlizin strateji \u0259h\u0259miyy\u0259tin\u0259 diqq\u0259t \u00e7\u0259kib. C\u0259nab Prezident s\u00f6yl\u0259yib ki,\u00a0 Orta D\u0259hliz Az\u0259rbaycan vasit\u0259sil\u0259 \u00c7in v\u0259 M\u0259rk\u0259zi Asiyan\u0131 Avropa il\u0259 birl\u0259\u015fdir\u0259n etibarl\u0131 v\u0259 t\u0259hl\u00fck\u0259siz mar\u015frutdur. 2022-ci ild\u0259n b\u0259ri Orta D\u0259hliz \u00fczr\u0259 Az\u0259rbaycan vasit\u0259sil\u0259 y\u00fckda\u015f\u0131malar\u0131n h\u0259cmi t\u0259xmin\u0259n 90 faiz art\u0131b.<\/p>\n<p>D\u00f6vl\u0259timizin ba\u015f\u00e7\u0131s\u0131 bu d\u0259hlizl\u0259 y\u00fckl\u0259rin da\u015f\u0131nmas\u0131 vaxt\u0131n\u0131n xeyli azald\u0131\u011f\u0131n\u0131 qeyd edib. Prezident, h\u0259m\u00e7inin bildirib: \u201cAz\u0259rbaycan\u0131n \u0259sas hiss\u0259si il\u0259 Nax\u00e7\u0131van Muxtar Respublikas\u0131 aras\u0131nda ba\u011flant\u0131n\u0131n yarad\u0131lmas\u0131 \u00fczr\u0259 bu yax\u0131nlarda \u0259ld\u0259 olunmu\u015f raz\u0131la\u015fmalar beyn\u0259lxalq y\u00fckda\u015f\u0131malar \u00fc\u00e7\u00fcn tranzit imkanlar\u0131n\u0131n geni\u015fl\u0259nm\u0259sin\u0259 xidm\u0259t ed\u0259c\u0259k\u201d.<\/p>\n<p>Bu c\u00fcr inki\u015faflar Orta D\u0259hlizin yaln\u0131z regional deyil, h\u0259m d\u0259 qlobal \u0259h\u0259miyy\u0259t\u0259 malik oldu\u011funu n\u00fcmayi\u015f etdirir v\u0259 \u00f6lk\u0259mizin strateji \u00e7\u0259kisini art\u0131r\u0131r. Orta D\u0259hlizin \u0259ld\u0259 etdiyi bu u\u011furlar v\u0259 artan tranzit imkanlar\u0131 fonunda C\u0259nab Prezident yax\u0131n g\u0259l\u0259c\u0259kd\u0259 regionda strateji n\u0259qliyyat layih\u0259l\u0259rinin daha da geni\u015fl\u0259n\u0259c\u0259yin\u0259, x\u00fcsusil\u0259 Z\u0259ng\u0259zur d\u0259hlizinin f\u0259aliyy\u0259t\u0259 ba\u015flamas\u0131n\u0131n \u0259h\u0259miyy\u0259tin\u0259 diqq\u0259t \u00e7\u0259kib.<\/p>\n<p>D\u00f6vl\u0259timizin ba\u015f\u00e7\u0131s\u0131 bildirib ki, yax\u0131n g\u0259l\u0259c\u0259kd\u0259 Z\u0259ng\u0259zur d\u0259hlizi h\u0259m Orta D\u0259hlizin, h\u0259m d\u0259 \u015eimal\u2013C\u0259nub d\u0259hlizinin n\u00f6vb\u0259ti m\u00fch\u00fcm seqmentin\u0259 \u00e7evril\u0259c\u0259k, s\u00fclh\u00fc, \u00e7oxt\u0259r\u0259fli t\u0259r\u0259fda\u015fl\u0131\u011f\u0131 m\u00f6hk\u0259ml\u0259ndir\u0259c\u0259k. C\u0259nab Prezident vur\u011fulay\u0131b ki, Z\u0259ng\u0259zur d\u0259hlizi Az\u0259rbaycan s\u0259rh\u0259dinin \u015f\u0259rqind\u0259, q\u0259rbind\u0259, \u015fimal\u0131nda v\u0259 c\u0259nubunda yerl\u0259\u015f\u0259n yax\u0131n v\u0259 uzaq qon\u015fular\u0131m\u0131za fayda g\u0259tir\u0259c\u0259k.<\/p>\n<p>G\u00f6r\u00fcnd\u00fcy\u00fc kimi, Z\u0259ng\u0259zur d\u0259hlizinin f\u0259aliyy\u0259t\u0259 ba\u015flamas\u0131 Orta D\u0259hlizin strateji \u0259h\u0259miyy\u0259tini daha da g\u00fccl\u0259ndirir. O, h\u0259m Orta D\u0259hliz, h\u0259m d\u0259 \u015eimal\u2013C\u0259nub x\u0259tti \u00fczr\u0259 beyn\u0259lxalq y\u00fckda\u015f\u0131malar\u0131 birl\u0259\u015fdir\u0259n kritik seqment rolunu oynayacaq. Az\u0259rbaycan bu yolla \u015e\u0259rq-Q\u0259rb v\u0259 \u015eimal-C\u0259nub mar\u015frutlar\u0131n\u0131 birl\u0259\u015fdir\u0259n strateji tranzit m\u0259rk\u0259z\u0259 \u00e7evrilir, bu is\u0259 h\u0259m iqtisadi, h\u0259m siyasi, h\u0259m d\u0259 geosiyasi \u00fcst\u00fcnl\u00fckl\u0259r g\u0259tirir.<\/p>\n<p>\u00c7in \u00fc\u00e7\u00fcn Az\u0259rbaycan Orta D\u0259hliz vasit\u0259sil\u0259 M\u0259rk\u0259zi Asiya il\u0259 Avropa aras\u0131nda m\u0259hsul v\u0259 resurslar\u0131n t\u0259hl\u00fck\u0259siz v\u0259 s\u0259m\u0259r\u0259li da\u015f\u0131nmas\u0131nda etibarl\u0131 t\u0259r\u0259fda\u015fd\u0131r. Az\u0259rbaycan-\u00c7in strateji t\u0259r\u0259fda\u015fl\u0131\u011f\u0131 h\u0259m siyasi, h\u0259m d\u0259 iqtisadi n\u0259tic\u0259l\u0259r yarad\u0131r. D\u0259hlizl\u0259rin f\u0259aliyy\u0259t\u0259 ba\u015flamas\u0131 b\u00f6lg\u0259d\u0259 \u00e7oxt\u0259r\u0259fli \u0259m\u0259kda\u015fl\u0131\u011f\u0131n inki\u015faf\u0131na, s\u00fclh\u00fcn m\u00f6hk\u0259ml\u0259nm\u0259sin\u0259 v\u0259 regional stabilliyin t\u0259min olunmas\u0131na xidm\u0259t edir. Az\u0259rbaycan yaln\u0131z tranzit \u00f6lk\u0259si kimi deyil, qon\u015fular\u0131 \u00fc\u00e7\u00fcn etibarl\u0131 v\u0259 \u00e7oxt\u0259r\u0259fli \u0259m\u0259kda\u015fl\u0131q m\u0259rk\u0259zi kimi \u00e7\u0131x\u0131\u015f edir. X\u00fcsusil\u0259 Nax\u00e7\u0131van Muxtar Respublikas\u0131 il\u0259 \u0259sas \u0259razil\u0259r aras\u0131nda yarad\u0131lan \u0259laq\u0259l\u0259r beyn\u0259lxalq tranzit imkanlar\u0131n\u0131 art\u0131r\u0131r v\u0259 \u00f6lk\u0259mizin strateji m\u00f6vqeyini g\u00fccl\u0259ndirir. Orta D\u0259hliz layih\u0259si Az\u0259rbaycan\u0131n qlobal iqtisadi v\u0259 siyasi arenadak\u0131 rolunu \u0259h\u0259miyy\u0259tli d\u0259r\u0259c\u0259d\u0259 m\u00f6hk\u0259ml\u0259ndirir. Y\u00fckl\u0259rin s\u00fcr\u0259tli da\u015f\u0131nmas\u0131, mar\u015frutlar\u0131n optimalla\u015fd\u0131r\u0131lmas\u0131 v\u0259 n\u0259qliyyat-logistika imkanlar\u0131n\u0131n geni\u015fl\u0259nm\u0259si \u00f6lk\u0259mizin beyn\u0259lxalq iqtisadi sistemd\u0259ki n\u00fcfuzunu art\u0131r\u0131r. Bu layih\u0259 vasit\u0259sil\u0259 Az\u0259rbaycan t\u0259kc\u0259 regionda deyil, qlobal miqyasda strateji m\u0259rk\u0259z\u0259 \u00e7evrilir. Az\u0259rbaycan-\u00c7in \u0259m\u0259kda\u015fl\u0131\u011f\u0131 h\u0259m\u00e7inin qlobal iqtisadi layih\u0259l\u0259rin realla\u015fd\u0131r\u0131lmas\u0131na, beyn\u0259lxalq n\u00fcfuzun m\u00f6hk\u0259ml\u0259nm\u0259sin\u0259 v\u0259 \u015e\u0259rq-Q\u0259rb aras\u0131nda k\u00f6rp\u00fc rolunun g\u00fccl\u0259ndirilm\u0259sin\u0259 t\u00f6hf\u0259 verir. Energetika sah\u0259sind\u0259, x\u00fcsusil\u0259 b\u0259rpaolunan enerji resurslar\u0131n\u0131n istifad\u0259si il\u0259 Orta D\u0259hlizin imkanlar\u0131 daha da geni\u015fl\u0259nir. R\u0259q\u0259msalla\u015fma v\u0259 informasiya texnologiyalar\u0131 sah\u0259sind\u0259 \u0259m\u0259kda\u015fl\u0131q Az\u0259rbaycan\u0131n qlobal iqtisadi m\u00fchitd\u0259 r\u0259qab\u0259t qabiliyy\u0259tini art\u0131r\u0131r.<\/p>\n<p>Bel\u0259likl\u0259, Orta D\u0259hliz Az\u0259rbaycan \u00fc\u00e7\u00fcn yaln\u0131z tranzit mar\u015frutu deyil, h\u0259m d\u0259 geosiyasi v\u0259 iqtisadi perspektivl\u0259ri olan strateji layih\u0259dir. Bu d\u0259hliz vasit\u0259sil\u0259 \u00f6lk\u0259miz qlobal ticar\u0259t v\u0259 tranzit m\u0259rk\u0259zi kimi m\u00f6vqeyini g\u00fccl\u0259ndirir, \u00c7in il\u0259 strateji t\u0259r\u0259fda\u015fl\u0131\u011f\u0131 is\u0259 bu m\u00f6vqeyi daha da m\u00f6hk\u0259ml\u0259ndirir. Orta D\u0259hliz Az\u0259rbaycan\u0131n regional v\u0259 qlobal \u0259h\u0259miyy\u0259tini art\u0131rmaqla, beyn\u0259lxalq ticar\u0259t v\u0259 tranzit sisteml\u0259rinin g\u0259l\u0259c\u0259k inki\u015faf\u0131na m\u00fch\u00fcm t\u00f6hf\u0259 verir. H\u0259rt\u0259r\u0259fli strateji t\u0259r\u0259fda\u015fl\u0131q m\u00fcnasib\u0259tl\u0259ri yaln\u0131z iki \u00f6lk\u0259nin deyil, b\u00fct\u00f6vl\u00fckd\u0259 regionun v\u0259 qlobal n\u0259qliyyat sisteminin inki\u015faf\u0131n\u0131 m\u00fc\u0259yy\u0259nl\u0259\u015fdirir. Az\u0259rbaycan\u0131n etibarl\u0131 t\u0259r\u0259fda\u015f v\u0259 tranzit m\u0259rk\u0259zi kimi rolu Orta D\u0259hliz v\u0259 Z\u0259ng\u0259zur d\u0259hlizi vasit\u0259sil\u0259 daha da m\u00f6hk\u0259ml\u0259nir, bu is\u0259 \u00f6lk\u0259mizin qlobal miqyasda strateji \u0259h\u0259miyy\u0259tini \u0259yani \u015f\u0259kild\u0259 art\u0131r\u0131r.<\/p>\n<p><strong>Nigar Orucova, \u201c\u0130ki sahil\u201d<\/strong><\/p>\n","protected":false},"excerpt":{"rendered":"<p>H\u0259rt\u0259r\u0259fli strateji t\u0259r\u0259fda\u015fl\u0131q yaln\u0131z iki \u00f6lk\u0259nin deyil, b\u00fct\u00f6vl\u00fckd\u0259 regionun v\u0259 qlobal n\u0259qliyyat sisteminin inki\u015faf\u0131n\u0131 m\u00fc\u0259yy\u0259nl\u0259\u015fdirir M\u00fcasir d\u00fcnya d\u00fcz\u0259ni art\u0131q yaln\u0131z n\u0259z\u0259ri diskussiyalar\u0131n m\u00f6vzusu deyil, o, real siyasi-iqtisadi prosesl\u0259rin, qlobal layih\u0259l\u0259rin v\u0259 strateji \u0259m\u0259kda\u015fl\u0131q m\u00fcnasib\u0259tl\u0259rinin praktiki n\u0259tic\u0259si kimi \u00f6z\u00fcn\u00fc g\u00f6st\u0259rir. Beyn\u0259lxalq m\u00fcnasib\u0259tl\u0259rin \u0259sas\u0131n\u0131 t\u0259\u015fkil ed\u0259n prinsipl\u0259r \u2013 b\u0259rab\u0259rt\u0259r\u0259fli \u0259m\u0259kda\u015fl\u0131q, beyn\u0259lxalq h\u00fcquqa h\u00f6rm\u0259t, regional maraqlar\u0131n qorunmas\u0131 v\u0259 qlobal t\u0259hl\u00fck\u0259sizliyin t\u0259minin\u0259 t\u00f6hf\u0259 \u2013 diplomatik b\u0259yanatlardan \u00e7ox, reall\u0131\u011f\u0131n t\u0259l\u0259b etdiyi strategiyalard\u0131r. Bu bax\u0131mdan Az\u0259rbaycan-\u00c7in m\u00fcnasib\u0259tl\u0259ri h\u0259m region, h\u0259m d\u0259 qlobal iqtisadi v\u0259 siyasi nizamda yeni inki\u015faf modelini n\u00fcmayi\u015f etdirir. Son ill\u0259rd\u0259 Az\u0259rbaycan-\u00c7in t\u0259r\u0259fda\u015fl\u0131\u011f\u0131 yaln\u0131z&hellip;<\/p>\n","protected":false},"author":2,"featured_media":824251,"comment_status":"closed","ping_status":"closed","sticky":false,"template":"","format":"standard","meta":{"om_disable_all_campaigns":false,"_monsterinsights_skip_tracking":false,"_monsterinsights_sitenote_active":false,"_monsterinsights_sitenote_note":"","_monsterinsights_sitenote_category":0},"categories":[19],"tags":[],"aioseo_notices":[],"gutentor_comment":0,"rttpg_featured_image_url":{"full":["https:\/\/arantv.az\/wp-content\/uploads\/2025\/09\/f9beb1e817453324055886874281000211.jpg",975,540,false],"landscape":["https:\/\/arantv.az\/wp-content\/uploads\/2025\/09\/f9beb1e817453324055886874281000211.jpg",975,540,false],"portraits":["https:\/\/arantv.az\/wp-content\/uploads\/2025\/09\/f9beb1e817453324055886874281000211.jpg",975,540,false],"thumbnail":["https:\/\/arantv.az\/wp-content\/uploads\/2025\/09\/f9beb1e817453324055886874281000211-500x280.jpg",500,280,true],"medium":["https:\/\/arantv.az\/wp-content\/uploads\/2025\/09\/f9beb1e817453324055886874281000211-660x365.jpg",660,365,true],"large":["https:\/\/arantv.az\/wp-content\/uploads\/2025\/09\/f9beb1e817453324055886874281000211-840x465.jpg",640,354,true],"1536x1536":["https:\/\/arantv.az\/wp-content\/uploads\/2025\/09\/f9beb1e817453324055886874281000211.jpg",975,540,false],"2048x2048":["https:\/\/arantv.az\/wp-content\/uploads\/2025\/09\/f9beb1e817453324055886874281000211.jpg",975,540,false],"post-thumbnail":["https:\/\/arantv.az\/wp-content\/uploads\/2025\/09\/f9beb1e817453324055886874281000211-240x172.jpg",240,172,true],"advps-thumb-one":["https:\/\/arantv.az\/wp-content\/uploads\/2025\/09\/f9beb1e817453324055886874281000211.jpg",975,540,false]},"rttpg_author":{"display_name":"V\u00fcsal Rafiqo\u011flu","author_link":"https:\/\/arantv.az\/?author=2"},"rttpg_comment":0,"rttpg_category":"<a href=\"https:\/\/arantv.az\/?cat=19\" rel=\"category\">G\u00fcnd\u0259m<\/a>","rttpg_excerpt":"H\u0259rt\u0259r\u0259fli strateji t\u0259r\u0259fda\u015fl\u0131q yaln\u0131z iki \u00f6lk\u0259nin deyil, b\u00fct\u00f6vl\u00fckd\u0259 regionun v\u0259 qlobal n\u0259qliyyat sisteminin inki\u015faf\u0131n\u0131 m\u00fc\u0259yy\u0259nl\u0259\u015fdirir M\u00fcasir d\u00fcnya d\u00fcz\u0259ni art\u0131q yaln\u0131z n\u0259z\u0259ri diskussiyalar\u0131n m\u00f6vzusu deyil, o, real siyasi-iqtisadi prosesl\u0259rin, qlobal layih\u0259l\u0259rin v\u0259 strateji \u0259m\u0259kda\u015fl\u0131q m\u00fcnasib\u0259tl\u0259rinin praktiki n\u0259tic\u0259si kimi \u00f6z\u00fcn\u00fc g\u00f6st\u0259rir. Beyn\u0259lxalq m\u00fcnasib\u0259tl\u0259rin \u0259sas\u0131n\u0131 t\u0259\u015fkil ed\u0259n prinsipl\u0259r \u2013 b\u0259rab\u0259rt\u0259r\u0259fli \u0259m\u0259kda\u015fl\u0131q, beyn\u0259lxalq h\u00fcquqa h\u00f6rm\u0259t, regional maraqlar\u0131n qorunmas\u0131 v\u0259&hellip;","_links":{"self":[{"href":"https:\/\/arantv.az\/index.php?rest_route=\/wp\/v2\/posts\/824250"}],"collection":[{"href":"https:\/\/arantv.az\/index.php?rest_route=\/wp\/v2\/posts"}],"about":[{"href":"https:\/\/arantv.az\/index.php?rest_route=\/wp\/v2\/types\/post"}],"author":[{"embeddable":true,"href":"https:\/\/arantv.az\/index.php?rest_route=\/wp\/v2\/users\/2"}],"replies":[{"embeddable":true,"href":"https:\/\/arantv.az\/index.php?rest_route=%2Fwp%2Fv2%2Fcomments&post=824250"}],"version-history":[{"count":1,"href":"https:\/\/arantv.az\/index.php?rest_route=\/wp\/v2\/posts\/824250\/revisions"}],"predecessor-version":[{"id":824252,"href":"https:\/\/arantv.az\/index.php?rest_route=\/wp\/v2\/posts\/824250\/revisions\/824252"}],"wp:featuredmedia":[{"embeddable":true,"href":"https:\/\/arantv.az\/index.php?rest_route=\/wp\/v2\/media\/824251"}],"wp:attachment":[{"href":"https:\/\/arantv.az\/index.php?rest_route=%2Fwp%2Fv2%2Fmedia&parent=824250"}],"wp:term":[{"taxonomy":"category","embeddable":true,"href":"https:\/\/arantv.az\/index.php?rest_route=%2Fwp%2Fv2%2Fcategories&post=824250"},{"taxonomy":"post_tag","embeddable":true,"href":"https:\/\/arantv.az\/index.php?rest_route=%2Fwp%2Fv2%2Ftags&post=824250"}],"curies":[{"name":"wp","href":"https:\/\/api.w.org\/{rel}","templated":true}]}}