{"id":824262,"date":"2025-09-03T08:24:09","date_gmt":"2025-09-03T04:24:09","guid":{"rendered":"https:\/\/arantv.az\/?p=824262"},"modified":"2025-09-03T08:24:09","modified_gmt":"2025-09-03T04:24:09","slug":"vasif-talibovun-mobil-telefonunu-k%c9%99sm%c9%99k-q%c9%99rari","status":"publish","type":"post","link":"https:\/\/arantv.az\/?p=824262","title":{"rendered":"Vasif Tal\u0131bovun mobil telefonunu \u201ck\u0259sm\u0259k\u201d q\u0259rar\u0131"},"content":{"rendered":"<h3><strong>Nax\u00e7\u0131van \u00fc\u00e7\u00fcn ayr\u0131ca mobil operator n\u0259 m\u0259qs\u0259dl\u0259 yarad\u0131lm\u0131\u015fd\u0131, indi niy\u0259 ba\u011flan\u0131r?<\/strong><\/h3>\n<p>b\u201cNaxtel\u201d abun\u0259\u00e7il\u0259rin\u0259 2025-ci il oktyabr\u0131n 1-d\u0259n dekabr\u0131n 1-d\u0259k \u00f6lk\u0259d\u0259 f\u0259aliyy\u0259t g\u00f6st\u0259r\u0259n dig\u0259r mobil operatorlarla (&#8220;Azercell&#8221;, &#8220;Bakcell&#8221;, &#8220;Nar&#8221;) \u0259laq\u0259 saxlamalar\u0131, m\u00f6vcud n\u00f6mr\u0259l\u0259rini saxlamaq v\u0259 mobil rabit\u0259 xidm\u0259tl\u0259rind\u0259n istifad\u0259ni davam etdirm\u0259k t\u00f6vsiy\u0259 olunur.<\/p>\n<p>\u201cNaxtel\u201d M\u0259hdud M\u0259suliyy\u0259tli C\u0259miyy\u0259ti 25 oktyabr 2016-c\u0131 ild\u0259 f\u0259aliyy\u0259t\u0259 ba\u015flay\u0131b. \u201cNaxtel\u201d Az\u0259rbaycan\u0131n sayca 4-c\u00fc, \u00f6lk\u0259nin yegan\u0259 regional mobil operatorudur. \u201cNaxtel\u201d mobil operatoru muxtar respublikan\u0131n ya\u015fay\u0131\u015f m\u0259nt\u0259q\u0259l\u0259rinin 98 faizini \u0259hat\u0259 edib. \u201cNaxtel\u201d Sahibkarl\u0131\u011f\u0131n \u0130nki\u015faf\u0131na D\u0259st\u0259k Fondu t\u0259r\u0259find\u0259n ayr\u0131lm\u0131\u015f 10 milyon kredit hesab\u0131na yarad\u0131l\u0131b. \u201cNaxtel\u201di m\u00fcasir v\u0259 keyfiyy\u0259tli avadanl\u0131qlarla \u00c7in Xalq Respublikas\u0131n\u0131n \u201cHuawei\u201d \u015firk\u0259ti t\u0259min edib. \u201cNaxtel\u201d\u0259 uzun ill\u0259r Kamil Yusifov r\u0259hb\u0259rlik edib.<\/p>\n<p>2023-ci ilin yay\u0131ndan is\u0259 bu v\u0259zif\u0259y\u0259 R\u0259\u015fad Namazov t\u0259yin olunub. R\u0259\u015fad Namazov s\u00f6z\u00fcged\u0259n v\u0259zif\u0259y\u0259 t\u0259yin olunana q\u0259d\u0259r \u201cAraztech\u201d MMC-y\u0259 r\u0259hb\u0259rlik edib. B\u0259zi bilgil\u0259r\u0259 g\u00f6r\u0259, Ali M\u0259clisin o vaxtk\u0131 s\u0259dri Vasif Tal\u0131bovun raz\u0131l\u0131\u011f\u0131 v\u0259 ya xeyir-duas\u0131 olmadan Nax\u00e7\u0131vanda bu c\u00fcr \u015firk\u0259t yaratmaq m\u00fcmk\u00fcns\u00fcz i\u015f idi. Mediada bu ba\u011fl\u0131l\u0131\u011f\u0131 t\u0259sdiq ed\u0259n x\u0259b\u0259rl\u0259r yoxdur, amma Ali M\u0259clis s\u0259drinin mobil operatoru da himay\u0259 ed\u0259 bil\u0259c\u0259yi haqda \u00e7oxsayl\u0131 faktlar var. B\u0259llidir ki, Tal\u0131bov Nax\u00e7\u0131vanda qapal\u0131 rejim yaratma\u011fa \u00e7al\u0131\u015f\u0131b, ill\u0259rl\u0259 Bak\u0131dan he\u00e7 bir \u015firk\u0259tin muxtar respublikada h\u0259tta filial\u0131n\u0131, n\u00fcmay\u0259nd\u0259liyini yaratma\u011fa imkan verm\u0259yib. Bel\u0259 g\u00f6r\u00fcn\u00fcr ki, \u201cNaxtel\u201d d\u0259 dig\u0259r mobil operatorlar\u0131n Nax\u00e7\u0131vana giri\u015fini yasaqlamaq \u00fc\u00e7\u00fcn yarad\u0131l\u0131b.<\/p>\n<p><strong>B\u0259s bu q\u0259rar Nax\u00e7\u0131van \u0259halisi-abonentl\u0259ri \u00fc\u00e7\u00fcn hans\u0131sa probleml\u0259r meydana g\u0259tir\u0259 bil\u0259rmi? Yoxsa el\u0259 ba\u011flanmas\u0131 laz\u0131m idi? Regional mobil operatorlara ehtiyac varm\u0131?\u00a0<\/strong><\/p>\n<p><strong><img src=\"https:\/\/qafqazinfo.az\/uploads\/1726211681\/natiq_ceferli.jpg\" alt=\"Natiq C\u0259f\u0259rli atas\u0131n\u0131 itirdi \u2014 Yenil\u0259nib\" \/><\/strong><\/p>\n<p><strong>\u00a0Natiq C\u0259f\u0259rli\u00a0<\/strong><\/p>\n<p>REAL Partiyas\u0131n\u0131n s\u0259dri, iqtisad\u00e7\u0131 Natiq C\u0259f\u0259rli \u201cYeni M\u00fcsavat\u201da bildirdi ki, \u201cNaxtel\u201din f\u0259aliyy\u0259tinin dayand\u0131r\u0131lmas\u0131 q\u0259rar\u0131 \u015firk\u0259tin \u0259sil sahibi, onun arxas\u0131nda dayanan \u015f\u0259xsl\u0259rl\u0259 ba\u011fl\u0131d\u0131r: \u201c\u00dcmumiyy\u0259tl\u0259, Az\u0259rbaycanda mobil operatorlar bazar\u0131 \u00e7ox dard\u0131r. Y\u0259ni faktiki olaraq regional operatorlar yoxdur. B\u00fct\u00fcn respublikan\u0131 \u0259hat\u0259 mobil operatorlar\u0131n say\u0131 is\u0259 c\u0259mi \u00fc\u00e7d\u00fcr. Mobil operatorlar\u0131n say\u0131 az oldu\u011fu \u00fc\u00e7\u00fcn d\u0259 bazarda \u00f6z qiym\u0259tl\u0259rini v\u0259 \u015f\u0259rtl\u0259rini dikt\u0259 etm\u0259k imkanlar\u0131na malikdirl\u0259r. Biz istehlak\u00e7\u0131 v\u0259 v\u0259t\u0259nda\u015f kimi \u00e7ox ist\u0259rdik ki, Az\u0259rbaycanda \u00fc\u00e7 yox, m\u0259s\u0259l\u0259n 8-9 mobil operator f\u0259aliyy\u0259t g\u00f6st\u0259rsin v\u0259 bizim se\u00e7im imkanlar\u0131m\u0131z arts\u0131n. Mobil operatorlar aras\u0131nda r\u0259qab\u0259t d\u0259 bu zaman g\u00fccl\u00fc olar v\u0259 bu da i\u015fin faydas\u0131na olard\u0131. Amma t\u0259\u0259ss\u00fcf ki, haz\u0131rda bel\u0259 deyil. Bel\u0259 g\u00f6r\u00fcn\u00fcr ki, Nax\u00e7\u0131vanda &#8220;Naxtel&#8221;in yerin\u0259 yerli yeni operatorun f\u0259aliyy\u0259t g\u00f6st\u0259r\u0259c\u0259yi n\u0259z\u0259rd\u0259 tutulmur. \u018fn az\u0131ndan yay\u0131lan a\u00e7\u0131qlamada bu bar\u0259d\u0259 deyilmir&#8221;.<\/p>\n<p><img src=\"https:\/\/files.modern.az\/articles\/2022\/07\/13\/1657716428_aydin_quliyev_110618.jpg\" alt=\"Ayd\u0131n Quliyev: \u201cM\u0259ni Heyd\u0259r \u018fliyevl\u0259 d\u00fc\u015fm\u0259n ed\u0259nl\u0259rd\u0259n ikisi qal\u0131b\u201d |  Modern.az\" \/><\/p>\n<p><strong>Ayd\u0131n Quliyev<\/strong><\/p>\n<p><strong>\u018fsl\u0259n Nax\u00e7\u0131vandan olan siyasi \u015f\u0259rh\u00e7i Ayd\u0131n Quliyev is\u0259 bildirdi ki,\u00a0 Nax\u00e7\u0131vanda ill\u0259r \u00f6nc\u0259 regional mobil rabit\u0259 \u015firk\u0259tinin yarad\u0131lmas\u0131 anormal q\u0259rar idi:<\/strong>\u00a0\u201cOna g\u00f6r\u0259 ki, Az\u0259rbaycan kimi b\u00f6y\u00fck \u0259razisi olmayan\u00a0 \u00f6lk\u0259d\u0259 \u00fcmumrespublika \u0259h\u0259miyy\u0259tli mobil rabit\u0259 operatorlar\u0131n\u0131n f\u0259aliyy\u0259ti kifay\u0259t edir. \u00c7\u00fcnki onlar \u00f6lk\u0259ni tam \u015f\u0259kild\u0259 \u0259hat\u0259 ed\u0259 bilirl\u0259r. Ona g\u00f6r\u0259 d\u0259 hans\u0131sa ayr\u0131ca b\u00f6lg\u0259d\u0259 mobil operatora ehtiyac qalm\u0131r. Hans\u0131sa b\u00f6lg\u0259d\u0259 mobil operatorun yarad\u0131lmas\u0131 anormald\u0131r. Nax\u00e7\u0131vanda indiy\u0259 q\u0259d\u0259r &#8220;Naxtel&#8221; ad\u0131nda ayr\u0131ca bir mobil operatorun f\u0259aliyy\u0259t g\u00f6st\u0259rm\u0259si d\u0259 t\u0259bii ki, normal deyildi. Bunun hans\u0131 d\u00f6vrd\u0259 yarad\u0131ld\u0131\u011f\u0131 biz\u0259 b\u0259llidir. O zaman yarad\u0131l\u0131rd\u0131 ki, Nax\u00e7\u0131vanda az qala Xarici \u0130\u015fl\u0259r Nazirliyi d\u0259 yaratmaq ist\u0259yirdil\u0259r ki, bu da unitar, m\u00fcst\u0259qil Az\u0259rbaycan d\u00f6vl\u0259t\u00e7iliyi prinsipi bax\u0131m\u0131ndan olduqca yolverilm\u0259z idi. Nax\u00e7\u0131van Muxtar Respublikas\u0131n\u0131n \u0259lahidd\u0259 bir d\u00f6vl\u0259t qurumu oldu\u011funu n\u00fcmayi\u015fkaran\u0259 \u015f\u0259kild\u0259 g\u00f6st\u0259rm\u0259k o zaman kiml\u0259rins\u0259 mara\u011f\u0131nda idi. Bunun ifad\u0259 formalar\u0131ndan biri kimi d\u0259 ayr\u0131l\u0131qda mobil operator \u015firk\u0259tini d\u0259 t\u0259sis etmi\u015fdil\u0259r. Bir anl\u0131\u011fa f\u0259rz ed\u0259k ki, t\u0259kc\u0259 Nax\u00e7\u0131vanda yox, Az\u0259rbaycan\u0131n dig\u0259r b\u00f6lg\u0259l\u0259rind\u0259 d\u0259 \u0259g\u0259r regional mobil operatorlar\u0131n t\u0259sis edilm\u0259si realla\u015fsa, onda \u00f6lk\u0259d\u0259 n\u0259 ba\u015f ver\u0259 bil\u0259r? Xaos kimi bir v\u0259ziyy\u0259t yaranar. Az\u0259rbaycan \u0259razisi n\u0259h\u0259ng bir \u00f6lk\u0259 deyil ki, regional mobil rabit\u0259 operatorlar\u0131na z\u0259rur\u0259t olsun. B\u00fct\u00fcn \u00f6lk\u0259ni \u0259hat\u0259 el\u0259y\u0259n mobil operatorlar\u0131n praktikas\u0131 v\u0259 \u00e7oxlu\u011fu daha do\u011fru olar. Ona g\u00f6r\u0259 d\u0259 Nax\u00e7\u0131van Muxtar Respublikas\u0131n\u0131 \u0259hat\u0259 ed\u0259n regional \u201cNaxtel\u201d mobil operator \u015firk\u0259tinin f\u0259aliyy\u0259tinin dayand\u0131r\u0131lmas\u0131 d\u00fczg\u00fcn q\u0259rard\u0131r. Bu, bir zamanlar verilmi\u015f yanl\u0131\u015f bir q\u0259rar\u0131n ortadan qald\u0131r\u0131lmas\u0131d\u0131r&#8221;.<\/p>\n<p><strong>A.Quliyev vur\u011fulad\u0131 ki, Nax\u00e7\u0131vanda \u201cNaxtel\u201din abonentl\u0259ri bu q\u0259rardan sonra he\u00e7 bir \u00e7\u0259tinlik \u00e7\u0259km\u0259y\u0259c\u0259kl\u0259r:<\/strong>\u00a0\u201c\u00c7\u00fcnki n\u00f6mr\u0259l\u0259r saxlanmaq \u015f\u0259rtil\u0259 onlar b\u00fct\u00fcn Az\u0259rbaycan\u0131 \u0259hat\u0259 ed\u0259n mobil operatorlara qo\u015fulacaqlar. Bu qo\u015fulma texniki bir m\u0259s\u0259l\u0259dir v\u0259 bir ne\u00e7\u0259 saniy\u0259 \u0259rzind\u0259 h\u0259ll edil\u0259c\u0259k m\u0259s\u0259l\u0259dir. Buna g\u00f6r\u0259 d\u0259 Nax\u00e7\u0131van camaat\u0131n\u0131n he\u00e7 bir panikaya d\u00fc\u015fm\u0259sin\u0259, narahat olmas\u0131na l\u00fczum yoxdur\u201d.<\/p>\n<p><strong>Etibar SEY\u0130DA\u011eA,<br \/>\n\u201cYeni M\u00fcsavat\u201d<\/strong><\/p>\n<p>&nbsp;<\/p>\n","protected":false},"excerpt":{"rendered":"<p>Nax\u00e7\u0131van \u00fc\u00e7\u00fcn ayr\u0131ca mobil operator n\u0259 m\u0259qs\u0259dl\u0259 yarad\u0131lm\u0131\u015fd\u0131, indi niy\u0259 ba\u011flan\u0131r? b\u201cNaxtel\u201d abun\u0259\u00e7il\u0259rin\u0259 2025-ci il oktyabr\u0131n 1-d\u0259n dekabr\u0131n 1-d\u0259k \u00f6lk\u0259d\u0259 f\u0259aliyy\u0259t g\u00f6st\u0259r\u0259n dig\u0259r mobil operatorlarla (&#8220;Azercell&#8221;, &#8220;Bakcell&#8221;, &#8220;Nar&#8221;) \u0259laq\u0259 saxlamalar\u0131, m\u00f6vcud n\u00f6mr\u0259l\u0259rini saxlamaq v\u0259 mobil rabit\u0259 xidm\u0259tl\u0259rind\u0259n istifad\u0259ni davam etdirm\u0259k t\u00f6vsiy\u0259 olunur. \u201cNaxtel\u201d M\u0259hdud M\u0259suliyy\u0259tli C\u0259miyy\u0259ti 25 oktyabr 2016-c\u0131 ild\u0259 f\u0259aliyy\u0259t\u0259 ba\u015flay\u0131b. \u201cNaxtel\u201d Az\u0259rbaycan\u0131n sayca 4-c\u00fc, \u00f6lk\u0259nin yegan\u0259 regional mobil operatorudur. \u201cNaxtel\u201d mobil operatoru muxtar respublikan\u0131n ya\u015fay\u0131\u015f m\u0259nt\u0259q\u0259l\u0259rinin 98 faizini \u0259hat\u0259 edib. \u201cNaxtel\u201d Sahibkarl\u0131\u011f\u0131n \u0130nki\u015faf\u0131na D\u0259st\u0259k Fondu t\u0259r\u0259find\u0259n ayr\u0131lm\u0131\u015f 10 milyon kredit hesab\u0131na yarad\u0131l\u0131b. \u201cNaxtel\u201di m\u00fcasir v\u0259 keyfiyy\u0259tli avadanl\u0131qlarla \u00c7in&hellip;<\/p>\n","protected":false},"author":2,"featured_media":824263,"comment_status":"closed","ping_status":"closed","sticky":false,"template":"","format":"standard","meta":{"om_disable_all_campaigns":false,"_monsterinsights_skip_tracking":false,"_monsterinsights_sitenote_active":false,"_monsterinsights_sitenote_note":"","_monsterinsights_sitenote_category":0},"categories":[19],"tags":[],"aioseo_notices":[],"gutentor_comment":0,"rttpg_featured_image_url":{"full":["https:\/\/arantv.az\/wp-content\/uploads\/2025\/09\/bbfc724b6c4343ab16004037c4c0a392.jpg",870,500,false],"landscape":["https:\/\/arantv.az\/wp-content\/uploads\/2025\/09\/bbfc724b6c4343ab16004037c4c0a392.jpg",870,500,false],"portraits":["https:\/\/arantv.az\/wp-content\/uploads\/2025\/09\/bbfc724b6c4343ab16004037c4c0a392.jpg",870,500,false],"thumbnail":["https:\/\/arantv.az\/wp-content\/uploads\/2025\/09\/bbfc724b6c4343ab16004037c4c0a392-500x280.jpg",500,280,true],"medium":["https:\/\/arantv.az\/wp-content\/uploads\/2025\/09\/bbfc724b6c4343ab16004037c4c0a392-635x365.jpg",635,365,true],"large":["https:\/\/arantv.az\/wp-content\/uploads\/2025\/09\/bbfc724b6c4343ab16004037c4c0a392-840x483.jpg",640,368,true],"1536x1536":["https:\/\/arantv.az\/wp-content\/uploads\/2025\/09\/bbfc724b6c4343ab16004037c4c0a392.jpg",870,500,false],"2048x2048":["https:\/\/arantv.az\/wp-content\/uploads\/2025\/09\/bbfc724b6c4343ab16004037c4c0a392.jpg",870,500,false],"post-thumbnail":["https:\/\/arantv.az\/wp-content\/uploads\/2025\/09\/bbfc724b6c4343ab16004037c4c0a392-240x172.jpg",240,172,true],"advps-thumb-one":["https:\/\/arantv.az\/wp-content\/uploads\/2025\/09\/bbfc724b6c4343ab16004037c4c0a392.jpg",870,500,false]},"rttpg_author":{"display_name":"V\u00fcsal Rafiqo\u011flu","author_link":"https:\/\/arantv.az\/?author=2"},"rttpg_comment":0,"rttpg_category":"<a href=\"https:\/\/arantv.az\/?cat=19\" rel=\"category\">G\u00fcnd\u0259m<\/a>","rttpg_excerpt":"Nax\u00e7\u0131van \u00fc\u00e7\u00fcn ayr\u0131ca mobil operator n\u0259 m\u0259qs\u0259dl\u0259 yarad\u0131lm\u0131\u015fd\u0131, indi niy\u0259 ba\u011flan\u0131r? b\u201cNaxtel\u201d abun\u0259\u00e7il\u0259rin\u0259 2025-ci il oktyabr\u0131n 1-d\u0259n dekabr\u0131n 1-d\u0259k \u00f6lk\u0259d\u0259 f\u0259aliyy\u0259t g\u00f6st\u0259r\u0259n dig\u0259r mobil operatorlarla (&#8220;Azercell&#8221;, &#8220;Bakcell&#8221;, &#8220;Nar&#8221;) \u0259laq\u0259 saxlamalar\u0131, m\u00f6vcud n\u00f6mr\u0259l\u0259rini saxlamaq v\u0259 mobil rabit\u0259 xidm\u0259tl\u0259rind\u0259n istifad\u0259ni davam etdirm\u0259k t\u00f6vsiy\u0259 olunur. \u201cNaxtel\u201d M\u0259hdud M\u0259suliyy\u0259tli C\u0259miyy\u0259ti 25 oktyabr 2016-c\u0131 ild\u0259 f\u0259aliyy\u0259t\u0259 ba\u015flay\u0131b. \u201cNaxtel\u201d Az\u0259rbaycan\u0131n sayca&hellip;","_links":{"self":[{"href":"https:\/\/arantv.az\/index.php?rest_route=\/wp\/v2\/posts\/824262"}],"collection":[{"href":"https:\/\/arantv.az\/index.php?rest_route=\/wp\/v2\/posts"}],"about":[{"href":"https:\/\/arantv.az\/index.php?rest_route=\/wp\/v2\/types\/post"}],"author":[{"embeddable":true,"href":"https:\/\/arantv.az\/index.php?rest_route=\/wp\/v2\/users\/2"}],"replies":[{"embeddable":true,"href":"https:\/\/arantv.az\/index.php?rest_route=%2Fwp%2Fv2%2Fcomments&post=824262"}],"version-history":[{"count":2,"href":"https:\/\/arantv.az\/index.php?rest_route=\/wp\/v2\/posts\/824262\/revisions"}],"predecessor-version":[{"id":824265,"href":"https:\/\/arantv.az\/index.php?rest_route=\/wp\/v2\/posts\/824262\/revisions\/824265"}],"wp:featuredmedia":[{"embeddable":true,"href":"https:\/\/arantv.az\/index.php?rest_route=\/wp\/v2\/media\/824263"}],"wp:attachment":[{"href":"https:\/\/arantv.az\/index.php?rest_route=%2Fwp%2Fv2%2Fmedia&parent=824262"}],"wp:term":[{"taxonomy":"category","embeddable":true,"href":"https:\/\/arantv.az\/index.php?rest_route=%2Fwp%2Fv2%2Fcategories&post=824262"},{"taxonomy":"post_tag","embeddable":true,"href":"https:\/\/arantv.az\/index.php?rest_route=%2Fwp%2Fv2%2Ftags&post=824262"}],"curies":[{"name":"wp","href":"https:\/\/api.w.org\/{rel}","templated":true}]}}