{"id":824266,"date":"2025-09-03T08:25:03","date_gmt":"2025-09-03T04:25:03","guid":{"rendered":"https:\/\/arantv.az\/?p=824266"},"modified":"2025-09-03T08:25:03","modified_gmt":"2025-09-03T04:25:03","slug":"az%c9%99rbaycan-prezidenti-pekind%c9%99-ikinci-dunya-muharib%c9%99sind%c9%99-q%c9%99l%c9%99b%c9%99nin-80-ci-ildonumun%c9%99-h%c9%99sr-olunmus-paradi-izl%c9%99yib","status":"publish","type":"post","link":"https:\/\/arantv.az\/?p=824266","title":{"rendered":"Az\u0259rbaycan Prezidenti Pekind\u0259 \u0130kinci D\u00fcnya m\u00fcharib\u0259sind\u0259 Q\u0259l\u0259b\u0259nin 80-ci ild\u00f6n\u00fcm\u00fcn\u0259 h\u0259sr olunmu\u015f parad\u0131 izl\u0259yib"},"content":{"rendered":"<p>Sentyabr\u0131n 3-d\u0259 \u00c7inin paytaxt\u0131 Pekind\u0259 yapon i\u015f\u011fal\u0131na qar\u015f\u0131 \u00c7in xalq m\u00fcqavim\u0259ti v\u0259 \u0130kinci D\u00fcnya m\u00fcharib\u0259sind\u0259 qazan\u0131lm\u0131\u015f Q\u0259l\u0259b\u0259nin 80-ci ild\u00f6n\u00fcm\u00fcn\u0259 h\u0259sr olunmu\u015f parad ke\u00e7irilib.<\/p>\n<p><strong>ARANTV.AZ\u00a0 x\u0259b\u0259r verir ki,<\/strong>\u00a0Az\u0259rbaycan Respublikas\u0131n\u0131n Prezidenti \u0130lham \u018fliyev v\u0259 birinci xan\u0131m Mehriban \u018fliyeva parad\u0131 izl\u0259m\u0259k \u00fc\u00e7\u00fcn \u00c7inin paytaxt\u0131 Pekind\u0259ki Tiananmen Meydan\u0131na g\u0259libl\u0259r.<\/p>\n<p>\u00c7in Xalq Respublikas\u0131n\u0131n S\u0259dri Si Cinpin v\u0259 birinci xan\u0131m Pen Liyuan Prezident \u0130lham \u018fliyevi v\u0259 birinci xan\u0131m Mehriban \u018fliyevan\u0131 qar\u015f\u0131lay\u0131blar.<\/p>\n","protected":false},"excerpt":{"rendered":"<p>Sentyabr\u0131n 3-d\u0259 \u00c7inin paytaxt\u0131 Pekind\u0259 yapon i\u015f\u011fal\u0131na qar\u015f\u0131 \u00c7in xalq m\u00fcqavim\u0259ti v\u0259 \u0130kinci D\u00fcnya m\u00fcharib\u0259sind\u0259 qazan\u0131lm\u0131\u015f Q\u0259l\u0259b\u0259nin 80-ci ild\u00f6n\u00fcm\u00fcn\u0259 h\u0259sr olunmu\u015f parad ke\u00e7irilib. ARANTV.AZ\u00a0 x\u0259b\u0259r verir ki,\u00a0Az\u0259rbaycan Respublikas\u0131n\u0131n Prezidenti \u0130lham \u018fliyev v\u0259 birinci xan\u0131m Mehriban \u018fliyeva parad\u0131 izl\u0259m\u0259k \u00fc\u00e7\u00fcn \u00c7inin paytaxt\u0131 Pekind\u0259ki Tiananmen Meydan\u0131na g\u0259libl\u0259r. \u00c7in Xalq Respublikas\u0131n\u0131n S\u0259dri Si Cinpin v\u0259 birinci xan\u0131m Pen Liyuan Prezident \u0130lham \u018fliyevi v\u0259 birinci xan\u0131m Mehriban \u018fliyevan\u0131 qar\u015f\u0131lay\u0131blar.<\/p>\n","protected":false},"author":2,"featured_media":824267,"comment_status":"closed","ping_status":"closed","sticky":false,"template":"","format":"standard","meta":{"om_disable_all_campaigns":false,"_monsterinsights_skip_tracking":false,"_monsterinsights_sitenote_active":false,"_monsterinsights_sitenote_note":"","_monsterinsights_sitenote_category":0},"categories":[4],"tags":[],"aioseo_notices":[],"gutentor_comment":0,"rttpg_featured_image_url":{"full":["https:\/\/arantv.az\/wp-content\/uploads\/2025\/09\/24ac838a175687317458521845110382384.jpg",975,540,false],"landscape":["https:\/\/arantv.az\/wp-content\/uploads\/2025\/09\/24ac838a175687317458521845110382384.jpg",975,540,false],"portraits":["https:\/\/arantv.az\/wp-content\/uploads\/2025\/09\/24ac838a175687317458521845110382384.jpg",975,540,false],"thumbnail":["https:\/\/arantv.az\/wp-content\/uploads\/2025\/09\/24ac838a175687317458521845110382384-500x280.jpg",500,280,true],"medium":["https:\/\/arantv.az\/wp-content\/uploads\/2025\/09\/24ac838a175687317458521845110382384-660x365.jpg",660,365,true],"large":["https:\/\/arantv.az\/wp-content\/uploads\/2025\/09\/24ac838a175687317458521845110382384-840x465.jpg",640,354,true],"1536x1536":["https:\/\/arantv.az\/wp-content\/uploads\/2025\/09\/24ac838a175687317458521845110382384.jpg",975,540,false],"2048x2048":["https:\/\/arantv.az\/wp-content\/uploads\/2025\/09\/24ac838a175687317458521845110382384.jpg",975,540,false],"post-thumbnail":["https:\/\/arantv.az\/wp-content\/uploads\/2025\/09\/24ac838a175687317458521845110382384-240x172.jpg",240,172,true],"advps-thumb-one":["https:\/\/arantv.az\/wp-content\/uploads\/2025\/09\/24ac838a175687317458521845110382384.jpg",975,540,false]},"rttpg_author":{"display_name":"V\u00fcsal Rafiqo\u011flu","author_link":"https:\/\/arantv.az\/?author=2"},"rttpg_comment":0,"rttpg_category":"<a href=\"https:\/\/arantv.az\/?cat=4\" rel=\"category\">Siyas\u0259t<\/a>","rttpg_excerpt":"Sentyabr\u0131n 3-d\u0259 \u00c7inin paytaxt\u0131 Pekind\u0259 yapon i\u015f\u011fal\u0131na qar\u015f\u0131 \u00c7in xalq m\u00fcqavim\u0259ti v\u0259 \u0130kinci D\u00fcnya m\u00fcharib\u0259sind\u0259 qazan\u0131lm\u0131\u015f Q\u0259l\u0259b\u0259nin 80-ci ild\u00f6n\u00fcm\u00fcn\u0259 h\u0259sr olunmu\u015f parad ke\u00e7irilib. ARANTV.AZ\u00a0 x\u0259b\u0259r verir ki,\u00a0Az\u0259rbaycan Respublikas\u0131n\u0131n Prezidenti \u0130lham \u018fliyev v\u0259 birinci xan\u0131m Mehriban \u018fliyeva parad\u0131 izl\u0259m\u0259k \u00fc\u00e7\u00fcn \u00c7inin paytaxt\u0131 Pekind\u0259ki Tiananmen Meydan\u0131na g\u0259libl\u0259r. \u00c7in Xalq Respublikas\u0131n\u0131n S\u0259dri Si Cinpin v\u0259 birinci xan\u0131m Pen&hellip;","_links":{"self":[{"href":"https:\/\/arantv.az\/index.php?rest_route=\/wp\/v2\/posts\/824266"}],"collection":[{"href":"https:\/\/arantv.az\/index.php?rest_route=\/wp\/v2\/posts"}],"about":[{"href":"https:\/\/arantv.az\/index.php?rest_route=\/wp\/v2\/types\/post"}],"author":[{"embeddable":true,"href":"https:\/\/arantv.az\/index.php?rest_route=\/wp\/v2\/users\/2"}],"replies":[{"embeddable":true,"href":"https:\/\/arantv.az\/index.php?rest_route=%2Fwp%2Fv2%2Fcomments&post=824266"}],"version-history":[{"count":1,"href":"https:\/\/arantv.az\/index.php?rest_route=\/wp\/v2\/posts\/824266\/revisions"}],"predecessor-version":[{"id":824268,"href":"https:\/\/arantv.az\/index.php?rest_route=\/wp\/v2\/posts\/824266\/revisions\/824268"}],"wp:featuredmedia":[{"embeddable":true,"href":"https:\/\/arantv.az\/index.php?rest_route=\/wp\/v2\/media\/824267"}],"wp:attachment":[{"href":"https:\/\/arantv.az\/index.php?rest_route=%2Fwp%2Fv2%2Fmedia&parent=824266"}],"wp:term":[{"taxonomy":"category","embeddable":true,"href":"https:\/\/arantv.az\/index.php?rest_route=%2Fwp%2Fv2%2Fcategories&post=824266"},{"taxonomy":"post_tag","embeddable":true,"href":"https:\/\/arantv.az\/index.php?rest_route=%2Fwp%2Fv2%2Ftags&post=824266"}],"curies":[{"name":"wp","href":"https:\/\/api.w.org\/{rel}","templated":true}]}}