{"id":824269,"date":"2025-09-03T08:26:19","date_gmt":"2025-09-03T04:26:19","guid":{"rendered":"https:\/\/arantv.az\/?p=824269"},"modified":"2025-09-03T08:26:19","modified_gmt":"2025-09-03T04:26:19","slug":"isiqli-sabahlara-aparan-yol","status":"publish","type":"post","link":"https:\/\/arantv.az\/?p=824269","title":{"rendered":"\u0130\u015f\u0131ql\u0131 sabahlara aparan yol"},"content":{"rendered":"<p><em><strong>1980-ci ill\u0259r\u0259 qay\u0131d\u0131ram. M\u0259n onda u\u015faq idim. \u018fz\u0259ld\u0259n xalq\u0131m\u0131z\u0131n g\u00f6z\u0259l bayram\u0131 olan Novruzda ya\u015fl\u0131lar\u0131 gedib ziyar\u0259t etm\u0259k m\u00fctl\u0259q hal say\u0131l\u0131rd\u0131. Bizim d\u0259 uzaq qohumlardan biri olan Leylan anan\u0131 valideynl\u0259rim h\u0259r il ziyar\u0259t edib kefini-\u0259hval\u0131n\u0131 soru\u015fard\u0131. H\u0259r gedi\u015fimizd\u0259 d\u0259 Nax\u00e7\u0131van\u0131n m\u0259\u015fhur \u018flixan m\u0259h\u0259ll\u0259sind\u0259 yerl\u0259\u015f\u0259n Leylan anan\u0131n evinin qonaq ota\u011f\u0131nda divara as\u0131lm\u0131\u015f bir foto diqq\u0259timi \u00e7\u0259k\u0259rdi. Formada olan g\u00fcl\u0259r\u00fcz, mehriban simal\u0131 ki\u015finin kim oldu\u011funu 90-c\u0131 ill\u0259rin s\u0259rt r\u00fczgar\u0131 \u00fcst\u00fcm\u00fczd\u0259n \u0259s\u0259nd\u0259 tan\u0131d\u0131m.<\/strong><\/em><\/p>\n<p>Q\u0259fild\u0259n ba\u015f\u0131m\u0131z\u0131n \u00fcst\u00fcn\u00fc alan qara buludlar u\u015faqdan tutmu\u015f b\u00f6y\u00fcy\u0259 q\u0259d\u0259r h\u0259r k\u0259si sars\u0131tm\u0131\u015fd\u0131. S\u0259d\u0259r\u0259kd\u0259 ged\u0259n d\u00f6y\u00fc\u015fl\u0259r, ald\u0131\u011f\u0131m\u0131z \u015f\u0259hid x\u0259b\u0259rl\u0259ri, bir t\u0259r\u0259fd\u0259n d\u0259 Z\u0259ng\u0259zurdan, D\u0259r\u0259l\u0259y\u0259zd\u0259n Nax\u00e7\u0131vana p\u0259nah g\u0259tir\u0259nl\u0259r. Sinfimiz\u0259 yeni u\u015faqlar q\u0259bul edilmi\u015fdi. \u0130ndiki kimi yad\u0131mdad\u0131r, biz onlara q\u0259rib\u0259 bax\u0131rd\u0131q, onlar is\u0259 bizi \u00fcrk\u0259k bax\u0131\u015flarla s\u00fcz\u00fcrd\u00fcl\u0259r. N\u0259 ba\u015f verdiyini u\u015faq a\u011fl\u0131m\u0131zla anlam\u0131rd\u0131q. \u00c7\u00fcnki tarix d\u0259rsl\u0259rind\u0259 biz\u0259 sovet ideologiyas\u0131n\u0131 t\u0259bli\u011f etmi\u015fdil\u0259r, \u00f6lk\u0259l\u0259rin dostlu\u011fundan, qarda\u015fl\u0131\u011f\u0131ndan d\u0259m vurmu\u015fdular, ger\u00e7\u0259k tarixd\u0259n bizi xeyli uzaq tutmu\u015fdular. Odur ki, anlamaqda \u00e7\u0259tinlik \u00e7\u0259kirdik. \u018fslind\u0259 xain erm\u0259nil\u0259rin ill\u0259rl\u0259 apard\u0131\u011f\u0131 m\u0259krli siyas\u0259tin, biz u\u015faqlar \u00fc\u00e7\u00fcns\u0259 ani say\u0131lan bu qarmaqar\u0131\u015f\u0131q hadis\u0259l\u0259rin tam m\u0259rk\u0259zind\u0259 idik. Nax\u00e7\u0131van blokadaya sal\u0131nm\u0131\u015fd\u0131. V\u0259ziyy\u0259t getdikc\u0259 \u00e7\u0259tinl\u0259\u015firdi. Ail\u0259l\u0259r \u00f6vladlar\u0131n\u0131 qorumaq, onlar\u0131 burul\u011fandan k\u0259nar saxlamaq namin\u0259 \u00e7\u0131rp\u0131n\u0131rd\u0131lar. Elektrik, qaz k\u0259sintisi Nax\u00e7\u0131van\u0131n s\u0259rt q\u0131\u015f\u0131n\u0131 daha da s\u0259rtl\u0259\u015fdirmi\u015fdi. H\u0259l\u0259 uzanan \u00e7\u00f6r\u0259k n\u00f6vb\u0259l\u0259ri. H\u0259sr\u0259tl\u0259 \u00e7\u00f6r\u0259yin iyini i\u00e7imiz\u0259 \u00e7\u0259kdiyimiz o g\u00fcnl\u0259r&#8230; V\u0259 o g\u00fcnl\u0259rin birind\u0259 \u00e7\u00f6r\u0259k n\u00f6vb\u0259sind\u0259 adamlar\u0131n aras\u0131nda qalaraq bo\u011fulan m\u0259n. Xat\u0131rlad\u0131qca insan\u0131n i\u00e7i s\u0131zlay\u0131r, u\u015faql\u0131\u011f\u0131m\u0131z\u0131n itdiyi o qarma\u015f\u0131q g\u00fcnl\u0259ri yada sald\u0131qca k\u0259d\u0259r hissi m\u0259ni b\u00fcr\u00fcy\u00fcr. O k\u0259d\u0259rli anlara qay\u0131tmaq bel\u0259 ist\u0259mirs\u0259n, \u00fcz\u00fcl\u00fcrs\u0259n, s\u0131x\u0131l\u0131rsan&#8230;<\/p>\n<p>Bax bel\u0259 \u00e7\u0259tin g\u00fcnl\u0259r ya\u015fad\u0131q biz. \u00dcmidl\u0259rimizin \u00f6l\u0259zidiyi bir vaxtda, isti bir yay g\u00fcn\u00fcnd\u0259 1990-c\u0131 il iyulun 22-d\u0259 dahi r\u0259hb\u0259r Heyd\u0259r \u018fliyev Nax\u00e7\u0131vana g\u0259ldi. B\u00fct\u00fcn evl\u0259rd\u0259 Onun g\u0259li\u015fi haqq\u0131nda s\u00f6hb\u0259t gedirdi. Nax\u00e7\u0131van \u00f6z o\u011fluna qucaq a\u00e7m\u0131\u015fd\u0131, ham\u0131 imdad g\u00f6zl\u0259yirdi. Az\u0259rbaycana r\u0259hb\u0259rliyinin birinci d\u00f6vr\u00fcnd\u0259 xalq\u0131na, elin\u0259, obas\u0131na sadiqliyi, f\u0259dakarl\u0131\u011f\u0131 il\u0259 insanlar\u0131n q\u0259lbin\u0259 yol tapan Heyd\u0259r \u018fliyevin g\u0259li\u015fi narahat \u00fcr\u0259kl\u0259r\u0259 su s\u0259pmi\u015fdi. \u0130yulun 28-d\u0259 v\u0259ziyy\u0259tl\u0259 yerind\u0259c\u0259 tan\u0131\u015f olmaq \u00fc\u00e7\u00fcn S\u0259d\u0259r\u0259y\u0259 g\u0259l\u0259n Ulu \u00d6nd\u0259r Heyd\u0259r \u018fliyev \u0259halini daha d\u00f6z\u00fcml\u00fc, daha \u0259zmkar olma\u011fa, d\u00fc\u015fm\u0259n qar\u015f\u0131s\u0131nda daha m\u0259tan\u0259tl\u0259 dayanma\u011fa s\u0259sl\u0259yir.<\/p>\n<p>Art\u0131q \u0259ndi\u015f\u0259, g\u0259rginlik gerid\u0259 qalm\u0131\u015fd\u0131. H\u0259r k\u0259s g\u0259l\u0259c\u0259y\u0259 xo\u015f \u00fcmid b\u0259sl\u0259yirdi. El\u0259 bu \u00fcmidl\u0259 d\u0259 nax\u00e7\u0131vanl\u0131lar dahi r\u0259hb\u0259rin \u0259traf\u0131nda s\u0131x birl\u0259\u015fdi. Ulu \u00d6nd\u0259rin 1990-c\u0131 il sentyabr\u0131n 30-da Az\u0259rbaycan v\u0259 Nax\u00e7\u0131van parlamentl\u0259rin\u0259 ke\u00e7iril\u0259n se\u00e7kil\u0259rd\u0259 340 n\u00f6mr\u0259li Nehr\u0259m se\u00e7ki dair\u0259sind\u0259n Az\u0259rbaycan parlamentin\u0259, 2 n\u00f6mr\u0259li se\u00e7ki dair\u0259sind\u0259n is\u0259 Nax\u00e7\u0131van parlamentin\u0259 deputat se\u00e7ilm\u0259si xalq t\u0259r\u0259find\u0259n b\u00f6y\u00fck sevincl\u0259 qar\u015f\u0131land\u0131.<\/p>\n<p>\u00d6mr\u00fcn\u00fc xalq\u0131n\u0131n firavanl\u0131\u011f\u0131na h\u0259sr ed\u0259n Ulu \u00d6nd\u0259r paytaxtdan ayr\u0131 d\u00fc\u015f\u0259n, blokada m\u0259ng\u0259n\u0259sind\u0259 \u00e7\u0131rp\u0131nan nax\u00e7\u0131vanl\u0131lara dayaq oldu. B\u00fct\u00fcn q\u00fcvv\u0259sini s\u0259rf ed\u0259r\u0259k ona b\u0259sl\u0259n\u0259n \u00fcmidl\u0259r\u0259 \u00e7\u0131raq oldu. \u00c7\u0131raq i\u015f\u0131\u011f\u0131nda veril\u0259n q\u0259rarlar is\u0259 t\u0259k Nax\u00e7\u0131van\u0131n deyil, \u00f6lk\u0259nin g\u0259l\u0259c\u0259yin\u0259 hesablanm\u0131\u015f uzaqg\u00f6r\u0259n add\u0131mlar idi.<\/p>\n<p>1990-c\u0131 il noyabr\u0131n 17-d\u0259 deputatlar\u0131n ist\u0259yi v\u0259 b\u00f6y\u00fck t\u0259kidi n\u0259tic\u0259sind\u0259 \u00dcmummilli Lider Heyd\u0259r \u018fliyevin s\u0259drliyi il\u0259 \u00f6z i\u015fin\u0259 ba\u015flayan Nax\u00e7\u0131van parlamentinin yeni t\u0259rkibd\u0259 ke\u00e7iril\u0259n ilk sessiyas\u0131nda m\u00fch\u00fcm q\u0259rarlar q\u0259bul olundu. Az\u0259rbaycan\u0131n m\u00fcst\u0259qilliyi v\u0259 suverenliyin\u0259 hesablanm\u0131\u015f tarixi q\u0259rarlar\u0131 q\u0259bul etm\u0259k h\u0259min d\u00f6vr \u00fc\u00e7\u00fcn b\u00f6y\u00fck c\u0259sar\u0259t v\u0259 f\u0259dakarl\u0131q t\u0259l\u0259b edirdi. Bel\u0259 ki, t\u0259cr\u00fcb\u0259li d\u00f6vl\u0259t xadiminin t\u0259klifi il\u0259 \u201csovet sosialist\u201d s\u00f6zl\u0259ri muxtar respublikan\u0131n ad\u0131ndan \u00e7\u0131xar\u0131ld\u0131, Az\u0259rbaycan Xalq C\u00fcmhuriyy\u0259tinin \u00fc\u00e7r\u0259ngli bayra\u011f\u0131 70 ild\u0259n sonra ilk d\u0259f\u0259 Nax\u00e7\u0131vanda dal\u011faland\u0131r\u0131ld\u0131. Bununla da milli d\u00f6vl\u0259t quruculu\u011fu yolunda q\u0259tiyy\u0259tli add\u0131mlar at\u0131ld\u0131.<\/p>\n<p>H\u0259l\u0259 \u00f6lk\u0259y\u0259 birinci r\u0259hb\u0259rliyi d\u00f6vr\u00fcnd\u0259 Nax\u00e7\u0131vana bir ne\u00e7\u0259 d\u0259f\u0259 s\u0259f\u0259r ed\u0259n, Nax\u00e7\u0131van\u0131n, nax\u00e7\u0131vanl\u0131lar\u0131n qay\u011f\u0131lar\u0131 il\u0259 maraqlanan, k\u0259nd t\u0259s\u0259rr\u00fcfat\u0131n\u0131n, s\u0259nayenin, t\u0259hsilin, m\u0259d\u0259niyy\u0259tin dir\u00e7\u0259li\u015fin\u0259 r\u0259vac ver\u0259n f\u0259aliyy\u0259ti il\u0259 h\u0259r k\u0259sin sevimlisin\u0259 \u00e7evrilmi\u015f Heyd\u0259r \u018fliyev 1991-ci il sentyabr\u0131n 3-d\u0259 Nax\u00e7\u0131van Muxtar Respublikas\u0131 Ali M\u0259clisinin S\u0259dri v\u0259zif\u0259sin\u0259 se\u00e7ildi. Bu se\u00e7im Nax\u00e7\u0131van\u0131n tarixi taleyind\u0259 m\u00fch\u00fcm rol oynamaqla \u00f6lk\u0259nin i\u015f\u0131ql\u0131 sabah\u0131na do\u011fru yol a\u00e7d\u0131.<\/p>\n<p>O d\u00f6vrd\u0259 bir ne\u00e7\u0259 istiqam\u0259td\u0259n d\u00fc\u015fm\u0259n h\u00fccumuna m\u0259ruz qalan Nax\u00e7\u0131van\u0131n \u0259n t\u0259hl\u00fck\u0259li s\u0259rh\u0259d zonas\u0131 S\u0259d\u0259r\u0259k idi. A\u011f\u0131r d\u00f6y\u00fc\u015fl\u0259r gedirdi. Milli ordunun, g\u00fccl\u00fc silah-sursat\u0131n olmad\u0131\u011f\u0131 bir d\u00f6n\u0259md\u0259 t\u0259p\u0259d\u0259n-d\u0131rna\u011fa silahlanm\u0131\u015f d\u00fc\u015fm\u0259nin qaba\u011f\u0131nda m\u0259rd-m\u0259rdan\u0259 dayanan nax\u00e7\u0131vanl\u0131lar d\u00fc\u015fm\u0259n qaba\u011f\u0131ndan \u00e7\u0259kilmir, s\u0259d\u0259r\u0259klil\u0259r \u00f6z yurd-yuvalar\u0131n\u0131 t\u0259rk etmirdil\u0259r. Daim s\u0259d\u0259r\u0259klil\u0259rin yan\u0131nda olan dahi r\u0259hb\u0259r Heyd\u0259r \u018fliyevin Nax\u00e7\u0131van Muxtar Respublikas\u0131 Ali M\u0259clisinin S\u0259dri se\u00e7ilm\u0259sind\u0259n c\u0259mi iki ay sonra imzalad\u0131\u011f\u0131 \u201cNax\u00e7\u0131van Muxtar Respublikas\u0131 S\u0259d\u0259r\u0259k rayonunun inzibati-\u0259razi b\u00f6lg\u00fcs\u00fcnd\u0259 d\u0259yi\u015fiklik edilm\u0259si haqq\u0131nda\u2019\u2019 16 dekabr 1991-ci il tarixli Q\u0259rar\u0131 da birba\u015fa o b\u00f6y\u00fck \u015f\u0259xsiyy\u0259tin S\u0259d\u0259r\u0259k rayonuna qay\u011f\u0131 v\u0259 diqq\u0259tinin t\u0259zah\u00fcr\u00fc idi.<\/p>\n<p>Buna q\u0259d\u0259rki q\u0131sa m\u00fcdd\u0259t \u0259rzind\u0259 Nax\u00e7\u0131van\u0131n m\u00fcdafi\u0259sinin g\u00fccl\u0259ndirilm\u0259si m\u0259qs\u0259dil\u0259 m\u00fch\u00fcm add\u0131mlar at\u0131lm\u0131\u015fd\u0131. Ulu \u00d6nd\u0259r Heyd\u0259r \u018fliyev Ali M\u0259clisin S\u0259dri v\u0259zif\u0259sinin icras\u0131na ba\u015flayandan c\u0259mi 4 g\u00fcn sonra \u2013 1991-ci il sentyabr\u0131n 7-d\u0259 Nax\u00e7\u0131van Muxtar Respublikas\u0131 D\u00f6vl\u0259t M\u00fcdafi\u0259 Komit\u0259sinin yarad\u0131lmas\u0131 haqq\u0131nda Q\u0259rar q\u0259bul etdi. Bununla da muxtar respublikada ilk milli ordu birl\u0259\u015fm\u0259l\u0259ri yarad\u0131ld\u0131, Nax\u00e7\u0131van\u0131n m\u00fcdafi\u0259 potensial\u0131 yax\u015f\u0131la\u015fd\u0131r\u0131ld\u0131, etibarl\u0131 m\u00fcdafi\u0259si t\u0259min olunma\u011fa ba\u015fland\u0131.<\/p>\n<p>Az\u0259rbaycan Respublikas\u0131n\u0131n Prezidenti c\u0259nab \u0130lham \u018fliyev h\u0259min d\u00f6vrd\u0259 Nax\u00e7\u0131van Muxtar Respublikas\u0131 Ali M\u0259clisinin q\u0259bul etdiyi q\u0259rarlar\u0131n tarixi \u0259h\u0259miyy\u0259tind\u0259n dan\u0131\u015fark\u0259n demi\u015fdir:\u00a0\u201cM\u0259hz 1990-c\u0131 ill\u0259rin \u0259vv\u0259ll\u0259rind\u0259 Nax\u00e7\u0131van\u0131n taleyi h\u0259ll edilirdi. \u018fg\u0259r o ill\u0259rd\u0259 Heyd\u0259r \u018fliyev Nax\u00e7\u0131vanda olmasayd\u0131 v\u0259 nax\u00e7\u0131vanl\u0131lar Ulu \u00d6nd\u0259rin \u0259traf\u0131nda s\u0131x birl\u0259\u015fm\u0259s\u0259ydil\u0259r, Nax\u00e7\u0131van\u0131n taleyi \u00e7ox a\u011f\u0131r ola bil\u0259rdi. \u00c7\u00fcnki art\u0131q erm\u0259ni mill\u0259t\u00e7il\u0259ri Az\u0259rbaycana qar\u015f\u0131 i\u015f\u011fal\u00e7\u0131 siyas\u0259tini ba\u015flam\u0131\u015fd\u0131lar v\u0259 onlar\u0131n m\u0259krli planlar\u0131nda Nax\u00e7\u0131van\u0131n i\u015f\u011fal\u0131 da var idi. O vaxt Nax\u00e7\u0131vanda v\u0259ziyy\u0259t b\u00f6y\u00fck \u00e7\u0259tinlikl\u0259r hesab\u0131na sabit olaraq qal\u0131rd\u0131. Ovaxtk\u0131 Az\u0259rbaycan r\u0259hb\u0259rliyi d\u0259 Nax\u00e7\u0131vana \u00f6gey m\u00fcnasib\u0259t b\u0259sl\u0259yirdi, he\u00e7 bir yard\u0131m etmirdi, \u0259ksin\u0259, Nax\u00e7\u0131vanda sabitliyi pozmaq v\u0259 v\u0259ziyy\u0259ti g\u0259rginl\u0259\u015fdirm\u0259k \u00fc\u00e7\u00fcn \u00e7ox \u00e7irkin \u0259m\u0259ll\u0259r edirdi. Ancaq nax\u00e7\u0131vanl\u0131lar h\u0259mi\u015f\u0259 oldu\u011fu kimi, m\u00fcdrikliyini g\u00f6st\u0259r\u0259r\u0259k Ulu \u00d6nd\u0259rin \u0259traf\u0131nda bir yumruq kimi s\u0131x birl\u0259\u015fdil\u0259r v\u0259 h\u0259m erm\u0259ni i\u015f\u011fal\u00e7\u0131lar\u0131na tutarl\u0131 cavab verdil\u0259r, onlar\u0131 yerin\u0259 oturtdular, h\u0259m d\u0259 Az\u0259rbaycan\u0131n m\u0259rk\u0259zi h\u00f6kum\u0259tin\u0259 d\u0259 \u00f6z etiraz s\u0259sl\u0259rini qald\u0131raraq bildirdil\u0259r ki, Nax\u00e7\u0131vanda o m\u0259krli ssenari ke\u00e7m\u0259y\u0259c\u0259kdir\u201d.<\/p>\n<p>G\u00f6rk\u0259mli d\u00f6vl\u0259t xadiminin Ali M\u0259clisin S\u0259dri v\u0259zif\u0259sin\u0259 se\u00e7il\u0259nd\u0259n sonra q\u0131sa m\u00fcdd\u0259t \u0259rzind\u0259 Nax\u00e7\u0131van\u0131n xilas\u0131 namin\u0259 g\u00f6rd\u00fcy\u00fc b\u00f6y\u00fck i\u015fl\u0259r tarixi \u0259h\u0259miyy\u0259t\u0259 malik olmaqla h\u0259m d\u0259 \u00f6lk\u0259nin sabah\u0131 \u00fc\u00e7\u00fcn d\u00fc\u015f\u00fcn\u00fclm\u00fc\u015fd\u00fc. 1991-ci il dekabr\u0131n 16-da \u201c31 Dekabr \u2013 D\u00fcnya Az\u0259rbaycan T\u00fcrkl\u0259rinin H\u0259mr\u0259ylik v\u0259 Birlik G\u00fcn\u00fc haqq\u0131nda\u201d Q\u0259rar\u0131n q\u0259bul edilm\u0259si, 1992-ci il may\u0131n 28-i Az\u0259rbaycan-T\u00fcrkiy\u0259 aras\u0131nda iqtisadi, m\u0259d\u0259ni, sosial, siyasi \u0259laq\u0259l\u0259rin inki\u015faf simvolu hesab olunan S\u0259d\u0259r\u0259k-Dilucu k\u00f6rp\u00fcs\u00fcn\u00fcn istifad\u0259y\u0259 verilm\u0259si, 1992-ci il noyabr\u0131n 21-d\u0259 Yeni Az\u0259rbaycan Partiyas\u0131n\u0131n yarad\u0131lmas\u0131, Nax\u00e7\u0131van\u0131n v\u0259 \u00fcmum\u0259n, \u00f6lk\u0259nin m\u00f6vcud durumuna adekvat olaraq at\u0131lm\u0131\u015f m\u0259qs\u0259dy\u00f6nl\u00fc add\u0131mlar idi.<\/p>\n<p>Paytaxtda is\u0259 v\u0259ziyy\u0259t getdikc\u0259 g\u0259rginl\u0259\u015firdi. Torpaqlar\u0131n i\u015f\u011fala m\u0259ruz qalmas\u0131, \u00f6lk\u0259nin xaosa do\u011fru s\u00fcr\u00fckl\u0259nm\u0259si xalq\u0131 aya\u011fa qald\u0131rm\u0131\u015fd\u0131. Bel\u0259 bir durumda xalq yegan\u0259 \u00fcmid yeri kimi h\u0259min vaxt Nax\u00e7\u0131van Muxtar Respublikas\u0131 Ali M\u0259clisinin S\u0259dri olan g\u00f6rk\u0259mli d\u00f6vl\u0259t xadimi Heyd\u0259r \u018fliyev\u0259 \u00fcz tutdu. Xalq\u0131n \u00e7a\u011f\u0131r\u0131\u015flar\u0131na cavab ver\u0259r\u0259k 1993-c\u00fc il iyunun 15-d\u0259 ikinci d\u0259f\u0259 siyasi hakimiyy\u0259t\u0259 qay\u0131dan dahi r\u0259hb\u0259r respublikan\u0131 xaosdan, anarxiyadan, m\u0259hv olmaq t\u0259hl\u00fck\u0259sind\u0259n xilas etdi. Xalq\u0131n d\u00fczg\u00fcn se\u00e7imi \u00f6lk\u0259ni qurtulu\u015f yoluna \u00e7\u0131xarmaqla Az\u0259rbaycan d\u00f6vl\u0259tinin tarixin\u0259 d\u0259 h\u0259min g\u00fcn\u00fc \u201cMilli Qurtulu\u015f G\u00fcn\u00fc\u201d kimi yazd\u0131.<\/p>\n<p>Bu g\u00fcn biz Nax\u00e7\u0131vandan ba\u015flanan qurtulu\u015fun, milli d\u00f6vl\u0259t quruculu\u011funun, dir\u00e7\u0259li\u015fin b\u0259hr\u0259l\u0259rini ya\u015fay\u0131r\u0131q. Ger\u00e7\u0259kl\u0259\u015f\u0259n B\u00f6y\u00fck Qay\u0131d\u0131\u015f proqram\u0131 il\u0259 i\u015f\u011faldan azad olunan torpaqlar\u0131m\u0131z \u2013 Qaraba\u011f\u0131m\u0131z, \u015e\u0259rqi Z\u0259ng\u0259zurumuz qar\u0131\u015f-qar\u0131\u015f abadla\u015f\u0131r, insanlar \u00f6z elin\u0259, yurduna-yuvas\u0131na d\u00f6n\u00fcr. 1988-ci ild\u0259n ba\u015flanan qanl\u0131, faci\u0259li k\u00f6\u00e7 indi bayram \u0259hvali-ruhiyy\u0259li k\u00f6\u00e7l\u0259 \u0259v\u0259z olunub. Da\u015f\u0131 da\u015f \u00fcst\u00fcnd\u0259 qoymayan m\u0259nfur d\u00fc\u015fm\u0259nin etdikl\u0259ri da\u011f\u0131nt\u0131lar\u0131n yerind\u0259 uca binalar, t\u0259hsil, s\u0259hiyy\u0259, m\u0259d\u0259niyy\u0259t ocaqlar\u0131 tikilir, ya\u015f\u0131ll\u0131qlar sal\u0131n\u0131r.<\/p>\n<p>Dahi \u015f\u0259xsiyy\u0259tin ideyalar\u0131n\u0131 h\u0259yata ke\u00e7ir\u0259n \u00f6lk\u0259 ba\u015f\u00e7\u0131s\u0131 \u0130lham \u018fliyev b\u00f6y\u00fck Z\u0259f\u0259rd\u0259n sonra 2021-ci il may\u0131n 10-da \u00dcmummilli Liderin do\u011fum g\u00fcn\u00fcnd\u0259 onun V\u0259t\u0259nin\u0259 \u2013 Nax\u00e7\u0131vana g\u0259lib. Qazan\u0131lan z\u0259f\u0259rin t\u0259m\u0259lini Ulu \u00d6nd\u0259rin o vaxtk\u0131 f\u0259aliyy\u0259ti il\u0259 \u0259laq\u0259l\u0259ndir\u0259n \u00f6lk\u0259 ba\u015f\u00e7\u0131s\u0131 Az\u0259rbaycan Televiziyas\u0131na m\u00fcsahib\u0259si zaman\u0131 demi\u015fdir: \u201cNax\u00e7\u0131van\u0131 Heyd\u0259r \u018fliyev qorumu\u015fdur, nec\u0259 ki ondan sonra Az\u0259rbaycan\u0131 b\u00f6y\u00fck b\u0259lalardan qoruya bildi. 1993-c\u00fc ild\u0259 \u00f6lk\u0259miz, dem\u0259k olar ki, par\u00e7alan\u0131rd\u0131, v\u0259t\u0259nda\u015f m\u00fcharib\u0259si gedirdi v\u0259 m\u0259hz Heyd\u0259r \u018fliyevin f\u0259aliyy\u0259ti n\u0259tic\u0259sind\u0259 biz bu a\u011f\u0131r s\u0131naqdan \u00fcz\u00fca\u011f \u00e7\u0131xa bildik. M\u0259hz bug\u00fcnk\u00fc Z\u0259f\u0259rin t\u0259m\u0259li, bax, o vaxt qoyulmu\u015fdur. Bu g\u00fcn burada olma\u011f\u0131m\u0131n x\u00fcsusi r\u0259mzi m\u0259nas\u0131 var. Nax\u00e7\u0131van bizim \u0259ziz diyar\u0131m\u0131zd\u0131r, Heyd\u0259r \u018fliyevin V\u0259t\u0259nidir. H\u0259r bir az\u0259rbaycanl\u0131 \u00fc\u00e7\u00fcn \u0259ziz, do\u011fma diyard\u0131r v\u0259 Nax\u00e7\u0131van\u0131n inki\u015faf\u0131, \u00e7i\u00e7\u0259kl\u0259nm\u0259si art\u0131q reall\u0131qd\u0131r. Bu reall\u0131\u011f\u0131 biz \u00f6z\u00fcm\u00fcz yaratm\u0131\u015f\u0131q. Bu g\u00fcn Ulu \u00d6nd\u0259rin xatir\u0259sin\u0259 g\u00f6st\u0259ril\u0259n \u0259n b\u00f6y\u00fck diqq\u0259t m\u0259hz \u00f6z\u00fcn\u00fc, bax bu inki\u015fafda t\u0259c\u0259ss\u00fcm etdirir\u201d.<\/p>\n<p>B\u0259li, art\u0131q paytaxta qovu\u015fma\u011f\u0131n bir add\u0131ml\u0131\u011f\u0131nday\u0131q. Z\u0259ng\u0259zur d\u0259hlizinin a\u00e7\u0131lmas\u0131 il\u0259 Nax\u00e7\u0131van \u00f6z\u00fcn\u00fcn yeni bir inki\u015faf m\u0259rh\u0259l\u0259sin\u0259 q\u0259d\u0259m qoyacaqd\u0131r.<\/p>\n<p>H\u0259l\u0259 Sovet \u0130ttifaq\u0131 d\u00f6n\u0259mind\u0259 Leylan anan\u0131n evind\u0259ki kimi y\u00fczl\u0259rl\u0259 evin \u0259n \u0259ziz k\u00fcnc\u00fcnd\u0259 divara vurulan foto 1990-c\u0131 ill\u0259rd\u0259 \u0259ll\u0259rd\u0259 meydanlarda idi. Xalq \u00f6z xilaskar\u0131n\u0131 s\u0259sl\u0259yirdi \u2013 sevgi il\u0259, \u00fcmid il\u0259, h\u0259sr\u0259t il\u0259&#8230;<\/p>\n<p>H\u0259min fotodak\u0131 m\u0259\u011frur duru\u015flu adam o idi: Az\u0259rbaycan\u0131 m\u0259hv olmaqdan qurtaran, d\u00fcnya \u00f6lk\u0259l\u0259ri s\u0131ras\u0131na \u00e7\u0131xaran, milli kimliyimizi, d\u0259y\u0259rl\u0259rimizi, tariximizi \u00f6z\u00fcm\u00fcz\u0259 qaytaran dahi \u015f\u0259xsiyy\u0259t Heyd\u0259r \u018fliyev!<\/p>\n<p>Xalq 1920-ci ild\u0259 endiril\u0259n \u00fc\u00e7r\u0259ngli bayra\u011f\u0131n\u0131 ill\u0259rl\u0259 q\u0259lbind\u0259, ruhunda da\u015f\u0131d\u0131\u011f\u0131 kimi, o b\u00f6y\u00fck \u015f\u0259xsiyy\u0259ti d\u0259 milli d\u0259y\u0259r kimi da\u015f\u0131m\u0131\u015f, he\u00e7 zaman ona olan sevgisini, inam\u0131n\u0131 itirm\u0259mi\u015fdir. Zaman yeti\u015f\u0259nd\u0259 \u0259traf\u0131nda s\u0131x birl\u0259\u015fmi\u015f, say\u0259sind\u0259 bayra\u011f\u0131na, milli d\u0259y\u0259rl\u0259rin\u0259, azadl\u0131\u011f\u0131na, suverenliyin\u0259 qovu\u015fmu\u015fdur. Nax\u00e7\u0131van is\u0259 bu d\u0259y\u0259rl\u0259ri birl\u0259\u015fdir\u0259n ocaq olaraq Az\u0259rbaycan tarixin\u0259 \u00f6z m\u00f6h\u00fcr\u00fcn\u00fc vurmu\u015fdur.<\/p>\n<p><em><strong>Ruhiyy\u0259 R\u018fSULOVA<\/strong><\/em><\/p>\n","protected":false},"excerpt":{"rendered":"<p>1980-ci ill\u0259r\u0259 qay\u0131d\u0131ram. M\u0259n onda u\u015faq idim. \u018fz\u0259ld\u0259n xalq\u0131m\u0131z\u0131n g\u00f6z\u0259l bayram\u0131 olan Novruzda ya\u015fl\u0131lar\u0131 gedib ziyar\u0259t etm\u0259k m\u00fctl\u0259q hal say\u0131l\u0131rd\u0131. Bizim d\u0259 uzaq qohumlardan biri olan Leylan anan\u0131 valideynl\u0259rim h\u0259r il ziyar\u0259t edib kefini-\u0259hval\u0131n\u0131 soru\u015fard\u0131. H\u0259r gedi\u015fimizd\u0259 d\u0259 Nax\u00e7\u0131van\u0131n m\u0259\u015fhur \u018flixan m\u0259h\u0259ll\u0259sind\u0259 yerl\u0259\u015f\u0259n Leylan anan\u0131n evinin qonaq ota\u011f\u0131nda divara as\u0131lm\u0131\u015f bir foto diqq\u0259timi \u00e7\u0259k\u0259rdi. Formada olan g\u00fcl\u0259r\u00fcz, mehriban simal\u0131 ki\u015finin kim oldu\u011funu 90-c\u0131 ill\u0259rin s\u0259rt r\u00fczgar\u0131 \u00fcst\u00fcm\u00fczd\u0259n \u0259s\u0259nd\u0259 tan\u0131d\u0131m. Q\u0259fild\u0259n ba\u015f\u0131m\u0131z\u0131n \u00fcst\u00fcn\u00fc alan qara buludlar u\u015faqdan tutmu\u015f b\u00f6y\u00fcy\u0259 q\u0259d\u0259r h\u0259r k\u0259si sars\u0131tm\u0131\u015fd\u0131. S\u0259d\u0259r\u0259kd\u0259 ged\u0259n d\u00f6y\u00fc\u015fl\u0259r, ald\u0131\u011f\u0131m\u0131z \u015f\u0259hid x\u0259b\u0259rl\u0259ri, bir t\u0259r\u0259fd\u0259n&hellip;<\/p>\n","protected":false},"author":2,"featured_media":824270,"comment_status":"closed","ping_status":"closed","sticky":false,"template":"","format":"standard","meta":{"om_disable_all_campaigns":false,"_monsterinsights_skip_tracking":false,"_monsterinsights_sitenote_active":false,"_monsterinsights_sitenote_note":"","_monsterinsights_sitenote_category":0},"categories":[19],"tags":[],"aioseo_notices":[],"gutentor_comment":0,"rttpg_featured_image_url":{"full":["https:\/\/arantv.az\/wp-content\/uploads\/2025\/09\/808e22af171747564061347786110484404.jpg",975,540,false],"landscape":["https:\/\/arantv.az\/wp-content\/uploads\/2025\/09\/808e22af171747564061347786110484404.jpg",975,540,false],"portraits":["https:\/\/arantv.az\/wp-content\/uploads\/2025\/09\/808e22af171747564061347786110484404.jpg",975,540,false],"thumbnail":["https:\/\/arantv.az\/wp-content\/uploads\/2025\/09\/808e22af171747564061347786110484404-500x280.jpg",500,280,true],"medium":["https:\/\/arantv.az\/wp-content\/uploads\/2025\/09\/808e22af171747564061347786110484404-660x365.jpg",660,365,true],"large":["https:\/\/arantv.az\/wp-content\/uploads\/2025\/09\/808e22af171747564061347786110484404-840x465.jpg",640,354,true],"1536x1536":["https:\/\/arantv.az\/wp-content\/uploads\/2025\/09\/808e22af171747564061347786110484404.jpg",975,540,false],"2048x2048":["https:\/\/arantv.az\/wp-content\/uploads\/2025\/09\/808e22af171747564061347786110484404.jpg",975,540,false],"post-thumbnail":["https:\/\/arantv.az\/wp-content\/uploads\/2025\/09\/808e22af171747564061347786110484404-240x172.jpg",240,172,true],"advps-thumb-one":["https:\/\/arantv.az\/wp-content\/uploads\/2025\/09\/808e22af171747564061347786110484404.jpg",975,540,false]},"rttpg_author":{"display_name":"V\u00fcsal Rafiqo\u011flu","author_link":"https:\/\/arantv.az\/?author=2"},"rttpg_comment":0,"rttpg_category":"<a href=\"https:\/\/arantv.az\/?cat=19\" rel=\"category\">G\u00fcnd\u0259m<\/a>","rttpg_excerpt":"1980-ci ill\u0259r\u0259 qay\u0131d\u0131ram. M\u0259n onda u\u015faq idim. \u018fz\u0259ld\u0259n xalq\u0131m\u0131z\u0131n g\u00f6z\u0259l bayram\u0131 olan Novruzda ya\u015fl\u0131lar\u0131 gedib ziyar\u0259t etm\u0259k m\u00fctl\u0259q hal say\u0131l\u0131rd\u0131. Bizim d\u0259 uzaq qohumlardan biri olan Leylan anan\u0131 valideynl\u0259rim h\u0259r il ziyar\u0259t edib kefini-\u0259hval\u0131n\u0131 soru\u015fard\u0131. H\u0259r gedi\u015fimizd\u0259 d\u0259 Nax\u00e7\u0131van\u0131n m\u0259\u015fhur \u018flixan m\u0259h\u0259ll\u0259sind\u0259 yerl\u0259\u015f\u0259n Leylan anan\u0131n evinin qonaq ota\u011f\u0131nda divara as\u0131lm\u0131\u015f bir foto diqq\u0259timi \u00e7\u0259k\u0259rdi. Formada&hellip;","_links":{"self":[{"href":"https:\/\/arantv.az\/index.php?rest_route=\/wp\/v2\/posts\/824269"}],"collection":[{"href":"https:\/\/arantv.az\/index.php?rest_route=\/wp\/v2\/posts"}],"about":[{"href":"https:\/\/arantv.az\/index.php?rest_route=\/wp\/v2\/types\/post"}],"author":[{"embeddable":true,"href":"https:\/\/arantv.az\/index.php?rest_route=\/wp\/v2\/users\/2"}],"replies":[{"embeddable":true,"href":"https:\/\/arantv.az\/index.php?rest_route=%2Fwp%2Fv2%2Fcomments&post=824269"}],"version-history":[{"count":2,"href":"https:\/\/arantv.az\/index.php?rest_route=\/wp\/v2\/posts\/824269\/revisions"}],"predecessor-version":[{"id":824272,"href":"https:\/\/arantv.az\/index.php?rest_route=\/wp\/v2\/posts\/824269\/revisions\/824272"}],"wp:featuredmedia":[{"embeddable":true,"href":"https:\/\/arantv.az\/index.php?rest_route=\/wp\/v2\/media\/824270"}],"wp:attachment":[{"href":"https:\/\/arantv.az\/index.php?rest_route=%2Fwp%2Fv2%2Fmedia&parent=824269"}],"wp:term":[{"taxonomy":"category","embeddable":true,"href":"https:\/\/arantv.az\/index.php?rest_route=%2Fwp%2Fv2%2Fcategories&post=824269"},{"taxonomy":"post_tag","embeddable":true,"href":"https:\/\/arantv.az\/index.php?rest_route=%2Fwp%2Fv2%2Ftags&post=824269"}],"curies":[{"name":"wp","href":"https:\/\/api.w.org\/{rel}","templated":true}]}}