{"id":824273,"date":"2025-09-03T08:35:31","date_gmt":"2025-09-03T04:35:31","guid":{"rendered":"https:\/\/arantv.az\/?p=824273"},"modified":"2025-09-03T08:35:31","modified_gmt":"2025-09-03T04:35:31","slug":"rusiya-hokum%c9%99ti-az%c9%99rbaycan-m%c9%99s%c9%99l%c9%99sind%c9%99-kreml%c9%99-qarsi","status":"publish","type":"post","link":"https:\/\/arantv.az\/?p=824273","title":{"rendered":"Rusiya h\u00f6kum\u0259ti \u201cAz\u0259rbaycan m\u0259s\u0259l\u0259sind\u0259\u201d Kreml\u0259 qar\u015f\u0131?"},"content":{"rendered":"<div class=\"text-content\" data-id=\"\" data-url=\"\">\n<h3><strong>Moskvada m\u00fcnasib\u0259tl\u0259ri daha da g\u0259rginl\u0259\u015fdir\u0259nl\u0259rd\u0259n f\u0259rqli olaraq iqtisadi komanda \u0259laq\u0259l\u0259rin m\u00fch\u00fcml\u00fcy\u00fcn\u00fc anlay\u0131r &#8211; s\u0259b\u0259b\u00a0<\/strong><\/h3>\n<p><strong>Rusiya ba\u015f nazirinin m\u00fcavini Aleksey Over\u00e7uk jurnalistl\u0259r\u0259 bildirib ki, Rusiya v\u0259 Az\u0259rbaycan aras\u0131nda iqtisadi \u0259m\u0259kda\u015fl\u0131q iki \u00f6lk\u0259 \u00fc\u00e7\u00fcn \u201c\u00e7ox vacibdir\u201d v\u0259 m\u00fcnasib\u0259tl\u0259rin yax\u015f\u0131la\u015fd\u0131r\u0131lmas\u0131 istiqam\u0259tind\u0259 i\u015fl\u0259r apar\u0131l\u0131r.<\/strong><\/p>\n<p>\u201cBiz h\u00f6kum\u0259tl\u0259raras\u0131 komissiya ke\u00e7irdik v\u0259 iqtisadi sah\u0259d\u0259 h\u0259r ikimiz qeyd etdik ki, \u0259m\u0259kda\u015fl\u0131\u011f\u0131m\u0131z inki\u015faf edir. V\u0259 Rusiya il\u0259 Az\u0259rbaycan aras\u0131nda m\u00f6vcud olan \u0259m\u0259kda\u015fl\u0131q \u00f6lk\u0259l\u0259rimiz \u00fc\u00e7\u00fcn \u00e7ox vacibdir. V\u0259 biz bu m\u00fcnasib\u0259tl\u0259ri yax\u015f\u0131la\u015fd\u0131rma\u011fa \u00e7al\u0131\u015f\u0131r\u0131q\u201d, &#8211; TASS Over\u00e7ukdan sitat g\u0259tirir.<\/p>\n<p>Rusiya ba\u015f nazirinin m\u00fcavini Az\u0259rbaycanla iqtisadi \u0259laq\u0259l\u0259rin inki\u015faf\u0131 haqda h\u0259mi\u015f\u0259 m\u00fcsb\u0259t d\u0259y\u0259rl\u0259ndirm\u0259l\u0259r ver\u0259n m\u0259murlardand\u0131r. Over\u00e7uk siyasi g\u0259rginliyin davam etdiyi zamanda Az\u0259rbaycanla iqtisadi \u0259laq\u0259l\u0259rin inki\u015faf\u0131ndan dan\u0131\u015f\u0131r v\u0259 h\u0259tta iqtisadi \u0259laq\u0259l\u0259rin k\u0259silm\u0259si bar\u0259d\u0259 b\u0259zi q\u0131z\u0131\u015fd\u0131r\u0131c\u0131 \u00e7a\u011f\u0131r\u0131\u015flara baxmayaraq,\u00a0 h\u00f6kum\u0259tin Az\u0259rbaycanla iqtisadi m\u00fcnasib\u0259tl\u0259ri pozmaqda maraql\u0131 olmad\u0131\u011fn\u0131 b\u0259yan edib.<\/p>\n<p><strong>Yada salaq ki, bu yax\u0131nlarda H\u0259\u015ft\u0259rxanda Az\u0259rbaycan v\u0259 Rusiya aras\u0131nda iqtisadi \u0259m\u0259kda\u015fl\u0131q \u00fczr\u0259 H\u00f6kum\u0259tl\u0259raras\u0131 Komissiyan\u0131n 23-c\u00fc iclas\u0131 ke\u00e7irilib. \u0130clasda Az\u0259rbaycan-Rusiya iqtisadi \u0259m\u0259kda\u015fl\u0131\u011f\u0131n\u0131n m\u00fcxt\u0259lif istiqam\u0259tl\u0259rd\u0259 m\u00f6vcud v\u0259ziyy\u0259ti v\u0259 inki\u015faf perspektivl\u0259ri m\u00fczakir\u0259 olunub, investisiyalar, s\u0259naye, n\u0259qliyyat-tranzit v\u0259 dig\u0259r sah\u0259l\u0259rd\u0259 h\u0259yata ke\u00e7iril\u0259n birg\u0259 layih\u0259l\u0259r n\u0259z\u0259rd\u0259n ke\u00e7irilib.<\/strong><\/p>\n<p>\u0130clas\u0131n yekunlar\u0131na dair \u015e.Mustafayev v\u0259 A.Over\u00e7uk Az\u0259rbaycanla Rusiya aras\u0131nda iqtisadi \u0259m\u0259kda\u015f\u0131q \u00fczr\u0259 H\u00f6kum\u0259tl\u0259raras\u0131 Komissiyan\u0131n 23-c\u00fc iclas\u0131n\u0131n Protokolunu imzalay\u0131blar. Bel\u0259 g\u00f6r\u00fcn\u00fcr ki, Kremlin haz\u0131rk\u0131 v\u0259ziyy\u0259t\u0259 uy\u011fun siyasi kursunu d\u0259st\u0259kl\u0259y\u0259r\u0259k Az\u0259rbaycanla m\u00fcnasib\u0259tl\u0259ri daha da g\u0259rginl\u0259\u015fdir\u0259nl\u0259rd\u0259n f\u0259rqli olaraq iqtisadi komanda \u0259laq\u0259l\u0259rin m\u00fch\u00fcml\u00fcy\u00fcn\u00fc anlay\u0131r. \u018flb\u0259tt\u0259, \u0259g\u0259r Kremld\u0259n iqtisadi \u0259laq\u0259l\u0259ri b\u00f6hrana soxacaq tap\u015f\u0131r\u0131q g\u0259l\u0259rs\u0259, Over\u00e7uk v\u0259 onun kimi d\u00fc\u015f\u00fcn\u0259n iqtisadi komanda \u00fczvl\u0259ri he\u00e7 bir m\u00fcqavim\u0259t g\u00f6st\u0259r\u0259 bilm\u0259zl\u0259r. Amma h\u0259l\u0259 ki Rusiya-Az\u0259rbaycan \u0259laq\u0259l\u0259rinin iqtisadi m\u00fcst\u0259vid\u0259 davam\u0131 g\u0259l\u0259c\u0259k \u00fc\u00e7\u00fcn optimist perspektiv yarad\u0131r.<\/p>\n<p>Yeri g\u0259lmi\u015fk\u0259n, Rusiya D\u00f6vl\u0259t Dumas\u0131n\u0131n Beyn\u0259lxalq m\u0259s\u0259l\u0259l\u0259r komit\u0259sinin s\u0259dr m\u00fcavini Aleksey \u00c7epa da Moskva-Bak\u0131 m\u00fcnasib\u0259tl\u0259ri il\u0259 ba\u011fl\u0131 diqq\u0259t\u00e7\u0259k\u0259n a\u00e7\u0131qlama verib. Deputat bildirib ki, b\u00fct\u00fcn \u00e7\u0259tinlikl\u0259r\u0259 baxmayaraq, Rusiya v\u0259 Az\u0259rbaycan aras\u0131ndak\u0131 dostlu\u011fun b\u0259rpas\u0131 lab\u00fcdd\u00fcr. Onun s\u00f6zl\u0259rin\u0259 g\u00f6r\u0259, iki \u00f6lk\u0259 aras\u0131nda \u0259m\u0259kda\u015fl\u0131q qar\u015f\u0131durmadan qat-qat daha faydal\u0131d\u0131r, x\u00fcsusil\u0259 d\u0259 iqtisadi sah\u0259d\u0259: \u201cDostluq m\u00fcnasib\u0259tl\u0259rinin v\u0259 iqtisadi maraqlar\u0131n inki\u015faf perspektivl\u0259ri \u00e7ox b\u00f6y\u00fckd\u00fcr. \u0130st\u0259nil\u0259n halda istil\u0259\u015fm\u0259 qa\u00e7\u0131lmazd\u0131r &#8211; bu, sad\u0259c\u0259, zaman m\u0259s\u0259l\u0259sidir. Sual yaradan m\u0259qamlar var, amma yava\u015f-yava\u015f ham\u0131s\u0131 h\u0259ll edil\u0259c\u0259k\u201d.<\/p>\n<p><strong>Xat\u0131rladaq ki, son aylarda Az\u0259rbaycan-Rusiya m\u00fcnasib\u0259tl\u0259ri \u201csoyuq m\u00fcharib\u0259\u201dni xat\u0131rlad\u0131r. Bak\u0131 il\u0259 Moskva aras\u0131nda g\u0259rginlik d\u0259rinl\u0259\u015fir, informasiya sava\u015f\u0131 v\u0259 qar\u015f\u0131l\u0131ql\u0131 ittihamlar g\u00fccl\u0259nir. Bu m\u0259nz\u0259r\u0259d\u0259 \u00c7epan\u0131n \u201cqa\u00e7\u0131lmaz istil\u0259\u015fm\u0259\u201d bar\u0259d\u0259 b\u0259yanat\u0131 heyr\u0259tamiz a\u00e7\u0131qlama kimi g\u00f6r\u00fcn\u00fcr.<\/strong><\/p>\n<p><strong><img src=\"https:\/\/cdn.globalinfo.az\/2023\/05\/%D1%81%D1%88%D1%82%D0%BF%D1%88%D1%8F-%D1%8F%D1%83%D1%82%D1%88%D1%8F%D1%84%D0%B2%D1%83.jpg\" alt=\"\u00c7ingiz Q\u0259nizad\u0259 t\u0259ltif edildi - FOTO - Globalinfo.az\" \/><\/strong><\/p>\n<p><strong>\u00c7ingiz Q\u0259nizad\u0259<\/strong><\/p>\n<p>Demokratiya v\u0259 \u0130nsan H\u00fcquqlar\u0131 Komit\u0259sinin s\u0259dri \u00c7ingiz Q\u0259nizad\u0259 Rusiyan\u0131n ikiba\u015fl\u0131 siyas\u0259tini \u0130ranla m\u00fcqayis\u0259 edib. Onun fikrinc\u0259, c\u0259nub qon\u015fumuzda da h\u00f6kum\u0259t s\u0259viyy\u0259sind\u0259 isti a\u00e7\u0131qlamalar s\u0259sl\u0259nir, m\u00fchafiz\u0259kar qanad Az\u0259rbaycana \u015f\u0259r-b\u00f6htan, t\u0259hdid ya\u011fd\u0131rmaqdan \u0259l \u00e7\u0259kmir: \u201c\u015eimal qon\u015fumuz m\u00fctt\u0259fiqind\u0259n f\u0259rql\u0259nmir. Bu da onu g\u00f6st\u0259rir ki, Rusiyada anti-Az\u0259rbaycan dair\u0259l\u0259r var. Onlar g\u0259rginliyin daha da artmas\u0131na \u00e7al\u0131\u015f\u0131rlar, ticar\u0259t d\u00f6vriyy\u0259sinin \u0259h\u0259miyy\u0259tini vur\u011fulayanlar is\u0259 buzlar\u0131n \u0259rim\u0259sini ist\u0259yirl\u0259r. El\u0259 bu g\u00fcnl\u0259rd\u0259 m\u0259lum oldu ki, Rusiya ticar\u0259t d\u00f6vriyy\u0259mizd\u0259 d\u00f6rd\u00fcnc\u00fc yerd\u0259n \u00fc\u00e7\u00fcnc\u00fc pill\u0259y\u0259 y\u00fcks\u0259lib. Y\u0259ni m\u00fcnasib\u0259tl\u0259rin g\u0259rgin d\u00f6vr\u00fcn\u0259 baxmayaraq, iqtisadi \u0259laq\u0259l\u0259r, y\u00fckda\u015f\u0131malar inki\u015fafdad\u0131r. Sad\u0259c\u0259, Over\u00e7uk, \u00c7epa v\u0259 dig\u0259rl\u0259ri g\u00fcnah\u0131 daxild\u0259 axtarmal\u0131d\u0131rlar. Onlar Kreml r\u0259hb\u0259rliyin\u0259 m\u0259ruz\u0259 etm\u0259lidirl\u0259r ki, son vaxtlar bir az da s\u0259rtl\u0259\u015f ritorikan\u0131n s\u0259b\u0259bl\u0259ri hans\u0131lard\u0131r. M\u0259s\u0259l\u0259n, Solovyov v\u0259 onun kimi Kreml t\u0259bli\u011fat\u00e7\u0131lar\u0131 dayanm\u0131rlar. Rusiyan\u0131n Telegram kanallar\u0131 susmur. Ona g\u00f6r\u0259 d\u0259 Rusiya r\u0259hb\u0259rliyi &#8220;dur&#8221; \u0259mri verm\u0259lidir&#8221;.<\/p>\n<p><strong>\u00c7.Q\u0259nizad\u0259 Az\u0259rbaycan\u0131n Ukraynadak\u0131 enerji obyektl\u0259rin\u0259 h\u00fccumlardan sonra m\u00fcnasib\u0259tl\u0259rin daha da pisl\u0259\u015fdiyini m\u00fc\u015fahid\u0259 edir:<\/strong>\u00a0\u201cBu problem siyasi r\u0259hb\u0259rlikl\u0259rin dan\u0131\u015f\u0131qlar\u0131 n\u0259tic\u0259sind\u0259 axar\u0131na d\u00fc\u015f\u0259 bil\u0259r. \u0130ndiki halda, ayr\u0131-ayr\u0131 h\u00f6kum\u0259t \u00fczvl\u0259rinin t\u0259\u015f\u0259bb\u00fcsl\u0259ri il\u0259 m\u0259s\u0259l\u0259nin k\u00f6kl\u00fc h\u0259llini g\u00f6zl\u0259mir\u0259m. Ola bilsin ki, m\u00fc\u0259yy\u0259n yum\u015falma olsun, amma fundamental \u015f\u0259kild\u0259 yoluna d\u00fc\u015fm\u0259si \u00fc\u00e7\u00fcn d\u00f6vl\u0259t ba\u015f\u00e7\u0131lar\u0131n\u0131n dialoqu olmal\u0131d\u0131r. Az\u0259rbaycan is\u0259 t\u0259l\u0259bl\u0259rind\u0259 v\u0259 t\u0259nqidl\u0259rind\u0259 haql\u0131d\u0131r. Rusiya n\u0259 zaman yek\u0259xanal\u0131\u011f\u0131 k\u0259nara qoyacaq, vurulan t\u0259yyar\u0259y\u0259 g\u00f6r\u0259 a\u00e7\u0131q \u00fczrxahl\u0131q ed\u0259c\u0259k, t\u0259zminat \u00f6d\u0259y\u0259c\u0259k, onda yum\u015falma qa\u00e7\u0131lmazd\u0131r. T\u0259yyar\u0259nin vurulmas\u0131n\u0131n bir ilin\u0259 t\u0259xmin\u0259n 4 ay qal\u0131b v\u0259 Rusiya \u0130stintaq Komit\u0259sind\u0259n s\u0259s-s\u0259mir yoxdur\u201d.<\/p>\n<p><img src=\"https:\/\/static.azpolitika.info\/storage\/news\/daa15cb7407bce644c0ecf1c3a1ee95d\/796cf3cb-3644-4785-94e5-8a4ed3763cd2.jpg\" alt=\"Moskva \u00f6z i\u015f\u011fal\u00e7\u0131l\u0131q siyas\u0259tini legitiml\u0259\u015fdirm\u0259k ist\u0259yir&quot; - Samir \u018fs\u0259dli |  AzPolitika \u2014 onlayn siyasi-ictimai q\u0259zet\" \/><\/p>\n<p><strong>Samir \u018fs\u0259dli\u00a0<\/strong><\/p>\n<p>V\u0259t\u0259nda\u015f H\u0259mr\u0259yliyi Partiyas\u0131n\u0131n s\u0259dr m\u00fcavini Samir \u018fs\u0259dli is\u0259 Bak\u0131-Moskva m\u00fcnasib\u0259tl\u0259rind\u0259 d\u0259rinl\u0259\u015f\u0259n b\u00f6hran\u0131n bir m\u00fcdd\u0259t sonra h\u0259ll olunaca\u011f\u0131n\u0131 g\u00f6zl\u0259yir. Onun bildirdiyin\u0259 g\u00f6r\u0259, haz\u0131rda qeyri-r\u0259smi dan\u0131\u015f\u0131qlar\u0131n getdiyi hiss olunur: \u201cRusiya ist\u0259yir ki, he\u00e7 n\u0259 olmam\u0131\u015f kimi \u0259laq\u0259l\u0259r davam etsin. Y\u0259ni qald\u0131\u011f\u0131m\u0131z yerd\u0259n m\u00fcnasib\u0259tl\u0259rimizi inki\u015faf etdir\u0259k. Zaxarova v\u0259 Peskov bu s\u0259b\u0259bd\u0259n ehtiyatl\u0131 a\u00e7\u0131qlamalar verir. Ancaq \u0259vv\u0259lki s\u0259viyy\u0259d\u0259 m\u00fcnasib\u0259tl\u0259r real g\u00f6r\u00fcnm\u00fcr. B\u0259li, b\u00f6hran aradan qalxacaq, sad\u0259c\u0259, t\u0259yyar\u0259 vurulana q\u0259d\u0259r olan \u0259laq\u0259l\u0259ri g\u00f6rm\u0259y\u0259c\u0259yik. \u00c7\u00fcnki ortal\u0131qda ba\u015fqa reall\u0131qlar da var &#8211; Az\u0259rbaycanla Erm\u0259nistan s\u00fclh s\u0259n\u0259dini Moskvan\u0131n i\u015ftirak\u0131 olmadan paraflay\u0131b, Z\u0259ng\u0259zur d\u0259hlizinin Rusiyan\u0131n n\u0259zar\u0259tind\u0259 olmadan a\u00e7\u0131lmas\u0131 raz\u0131la\u015fd\u0131r\u0131l\u0131b&#8230;<\/p>\n<p>B\u00fct\u00fcn bunlar Kremlin C\u0259nubi Qafqazda t\u0259sirl\u0259rini xeyli d\u0259r\u0259c\u0259d\u0259 azaldan faktorlard\u0131r. Over\u00e7uk v\u0259 dig\u0259r h\u00f6kum\u0259t r\u0259smil\u0259ri is\u0259 yeni yaranan bu reall\u0131\u011f\u0131 d\u0259rk etdikl\u0259rin\u0259 g\u00f6r\u0259 iqtisadi sah\u0259d\u0259 \u0259laq\u0259l\u0259rin inki\u015faf etdirilm\u0259sin\u0259 \u00e7a\u011f\u0131r\u0131rlar. Onlar anlay\u0131rlar ki, m\u00f6vcud v\u0259ziyy\u0259t bundan ibar\u0259tdir, y\u0259ni b\u00f6hran\u0131n d\u0259rinl\u0259\u015fm\u0259si, Az\u0259rbaycana t\u0259zyiql\u0259rin g\u00fccl\u0259ndirilm\u0259si n\u0259tic\u0259 verm\u0259y\u0259c\u0259k. Kremld\u0259ki q\u00fcvv\u0259l\u0259r d\u0259 h\u00f6kum\u0259t kimi praqmatik d\u00fc\u015f\u00fcnm\u0259y\u0259 m\u0259hkumdurlar&#8221;.<\/p>\n<p><strong>Emil SALAMO\u011eLU,<br \/>\n\u201cYeni M\u00fcsavat\u201d<\/strong><\/p>\n<\/div>\n<div><\/div>\n<div><\/div>\n<div class=\"inner-social-box\">\n<div class=\"subs-in-social subs-whatsapp\"><\/div>\n<\/div>\n","protected":false},"excerpt":{"rendered":"<p>Moskvada m\u00fcnasib\u0259tl\u0259ri daha da g\u0259rginl\u0259\u015fdir\u0259nl\u0259rd\u0259n f\u0259rqli olaraq iqtisadi komanda \u0259laq\u0259l\u0259rin m\u00fch\u00fcml\u00fcy\u00fcn\u00fc anlay\u0131r &#8211; s\u0259b\u0259b\u00a0 Rusiya ba\u015f nazirinin m\u00fcavini Aleksey Over\u00e7uk jurnalistl\u0259r\u0259 bildirib ki, Rusiya v\u0259 Az\u0259rbaycan aras\u0131nda iqtisadi \u0259m\u0259kda\u015fl\u0131q iki \u00f6lk\u0259 \u00fc\u00e7\u00fcn \u201c\u00e7ox vacibdir\u201d v\u0259 m\u00fcnasib\u0259tl\u0259rin yax\u015f\u0131la\u015fd\u0131r\u0131lmas\u0131 istiqam\u0259tind\u0259 i\u015fl\u0259r apar\u0131l\u0131r. \u201cBiz h\u00f6kum\u0259tl\u0259raras\u0131 komissiya ke\u00e7irdik v\u0259 iqtisadi sah\u0259d\u0259 h\u0259r ikimiz qeyd etdik ki, \u0259m\u0259kda\u015fl\u0131\u011f\u0131m\u0131z inki\u015faf edir. V\u0259 Rusiya il\u0259 Az\u0259rbaycan aras\u0131nda m\u00f6vcud olan \u0259m\u0259kda\u015fl\u0131q \u00f6lk\u0259l\u0259rimiz \u00fc\u00e7\u00fcn \u00e7ox vacibdir. V\u0259 biz bu m\u00fcnasib\u0259tl\u0259ri yax\u015f\u0131la\u015fd\u0131rma\u011fa \u00e7al\u0131\u015f\u0131r\u0131q\u201d, &#8211; TASS Over\u00e7ukdan sitat g\u0259tirir. Rusiya ba\u015f nazirinin m\u00fcavini Az\u0259rbaycanla iqtisadi \u0259laq\u0259l\u0259rin inki\u015faf\u0131 haqda h\u0259mi\u015f\u0259 m\u00fcsb\u0259t d\u0259y\u0259rl\u0259ndirm\u0259l\u0259r&hellip;<\/p>\n","protected":false},"author":2,"featured_media":824274,"comment_status":"closed","ping_status":"closed","sticky":false,"template":"","format":"standard","meta":{"om_disable_all_campaigns":false,"_monsterinsights_skip_tracking":false,"_monsterinsights_sitenote_active":false,"_monsterinsights_sitenote_note":"","_monsterinsights_sitenote_category":0},"categories":[4],"tags":[],"aioseo_notices":[],"gutentor_comment":0,"rttpg_featured_image_url":{"full":["https:\/\/arantv.az\/wp-content\/uploads\/2025\/09\/bd54cdc29b5fd7852daf015228bdb8e6.jpg",855,500,false],"landscape":["https:\/\/arantv.az\/wp-content\/uploads\/2025\/09\/bd54cdc29b5fd7852daf015228bdb8e6.jpg",855,500,false],"portraits":["https:\/\/arantv.az\/wp-content\/uploads\/2025\/09\/bd54cdc29b5fd7852daf015228bdb8e6.jpg",855,500,false],"thumbnail":["https:\/\/arantv.az\/wp-content\/uploads\/2025\/09\/bd54cdc29b5fd7852daf015228bdb8e6-500x280.jpg",500,280,true],"medium":["https:\/\/arantv.az\/wp-content\/uploads\/2025\/09\/bd54cdc29b5fd7852daf015228bdb8e6-624x365.jpg",624,365,true],"large":["https:\/\/arantv.az\/wp-content\/uploads\/2025\/09\/bd54cdc29b5fd7852daf015228bdb8e6-840x491.jpg",640,374,true],"1536x1536":["https:\/\/arantv.az\/wp-content\/uploads\/2025\/09\/bd54cdc29b5fd7852daf015228bdb8e6.jpg",855,500,false],"2048x2048":["https:\/\/arantv.az\/wp-content\/uploads\/2025\/09\/bd54cdc29b5fd7852daf015228bdb8e6.jpg",855,500,false],"post-thumbnail":["https:\/\/arantv.az\/wp-content\/uploads\/2025\/09\/bd54cdc29b5fd7852daf015228bdb8e6-240x172.jpg",240,172,true],"advps-thumb-one":["https:\/\/arantv.az\/wp-content\/uploads\/2025\/09\/bd54cdc29b5fd7852daf015228bdb8e6.jpg",855,500,false]},"rttpg_author":{"display_name":"V\u00fcsal Rafiqo\u011flu","author_link":"https:\/\/arantv.az\/?author=2"},"rttpg_comment":0,"rttpg_category":"<a href=\"https:\/\/arantv.az\/?cat=4\" rel=\"category\">Siyas\u0259t<\/a>","rttpg_excerpt":"Moskvada m\u00fcnasib\u0259tl\u0259ri daha da g\u0259rginl\u0259\u015fdir\u0259nl\u0259rd\u0259n f\u0259rqli olaraq iqtisadi komanda \u0259laq\u0259l\u0259rin m\u00fch\u00fcml\u00fcy\u00fcn\u00fc anlay\u0131r &#8211; s\u0259b\u0259b\u00a0 Rusiya ba\u015f nazirinin m\u00fcavini Aleksey Over\u00e7uk jurnalistl\u0259r\u0259 bildirib ki, Rusiya v\u0259 Az\u0259rbaycan aras\u0131nda iqtisadi \u0259m\u0259kda\u015fl\u0131q iki \u00f6lk\u0259 \u00fc\u00e7\u00fcn \u201c\u00e7ox vacibdir\u201d v\u0259 m\u00fcnasib\u0259tl\u0259rin yax\u015f\u0131la\u015fd\u0131r\u0131lmas\u0131 istiqam\u0259tind\u0259 i\u015fl\u0259r apar\u0131l\u0131r. \u201cBiz h\u00f6kum\u0259tl\u0259raras\u0131 komissiya ke\u00e7irdik v\u0259 iqtisadi sah\u0259d\u0259 h\u0259r ikimiz qeyd etdik ki, \u0259m\u0259kda\u015fl\u0131\u011f\u0131m\u0131z inki\u015faf edir.&hellip;","_links":{"self":[{"href":"https:\/\/arantv.az\/index.php?rest_route=\/wp\/v2\/posts\/824273"}],"collection":[{"href":"https:\/\/arantv.az\/index.php?rest_route=\/wp\/v2\/posts"}],"about":[{"href":"https:\/\/arantv.az\/index.php?rest_route=\/wp\/v2\/types\/post"}],"author":[{"embeddable":true,"href":"https:\/\/arantv.az\/index.php?rest_route=\/wp\/v2\/users\/2"}],"replies":[{"embeddable":true,"href":"https:\/\/arantv.az\/index.php?rest_route=%2Fwp%2Fv2%2Fcomments&post=824273"}],"version-history":[{"count":1,"href":"https:\/\/arantv.az\/index.php?rest_route=\/wp\/v2\/posts\/824273\/revisions"}],"predecessor-version":[{"id":824275,"href":"https:\/\/arantv.az\/index.php?rest_route=\/wp\/v2\/posts\/824273\/revisions\/824275"}],"wp:featuredmedia":[{"embeddable":true,"href":"https:\/\/arantv.az\/index.php?rest_route=\/wp\/v2\/media\/824274"}],"wp:attachment":[{"href":"https:\/\/arantv.az\/index.php?rest_route=%2Fwp%2Fv2%2Fmedia&parent=824273"}],"wp:term":[{"taxonomy":"category","embeddable":true,"href":"https:\/\/arantv.az\/index.php?rest_route=%2Fwp%2Fv2%2Fcategories&post=824273"},{"taxonomy":"post_tag","embeddable":true,"href":"https:\/\/arantv.az\/index.php?rest_route=%2Fwp%2Fv2%2Ftags&post=824273"}],"curies":[{"name":"wp","href":"https:\/\/api.w.org\/{rel}","templated":true}]}}