{"id":824276,"date":"2025-09-03T08:41:42","date_gmt":"2025-09-03T04:41:42","guid":{"rendered":"https:\/\/arantv.az\/?p=824276"},"modified":"2025-09-03T08:41:42","modified_gmt":"2025-09-03T04:41:42","slug":"bir-sammitin-ortaya-cixardigi-gerc%c9%99kl%c9%99r","status":"publish","type":"post","link":"https:\/\/arantv.az\/?p=824276","title":{"rendered":"Bir sammitin ortaya \u00e7\u0131xard\u0131\u011f\u0131 ger\u00e7\u0259kl\u0259r"},"content":{"rendered":"<h2><strong>Az\u0259rbaycanla \u00c7in aras\u0131nda imzalanm\u0131\u015f sazi\u015fl\u0259r iki \u00f6lk\u0259nin m\u00fcnasib\u0259tl\u0259rini strateji t\u0259r\u0259fda\u015fl\u0131q s\u0259viyy\u0259sin\u0259 qald\u0131r\u0131b<\/strong><\/h2>\n<p><strong>\u00c7ind\u0259 ke\u00e7iril\u0259n \u015eanxay \u018fm\u0259kda\u015fl\u0131q T\u0259\u015fkilat\u0131n\u0131n n\u00f6vb\u0259ti sammiti ba\u015fa \u00e7atd\u0131. Bu sammit t\u0259\u015fkilat\u0131n indiy\u0259 q\u0259d\u0259rki \u0259n b\u00f6y\u00fck t\u0259dbiri idi. Sammitd\u0259 20-d\u0259n \u00e7ox \u00f6lk\u0259nin, o c\u00fcml\u0259d\u0259n t\u0259\u015fkilat\u0131n 10 \u00fczv\u00fc, 2 m\u00fc\u015fahid\u0259\u00e7isi, 14 dialoq orta\u011f\u0131 olan \u00f6lk\u0259l\u0259rin r\u0259hb\u0259rl\u0259ri i\u015ftirak etdi.<\/strong><\/p>\n<p>He\u00e7 \u015f\u00fcbh\u0259siz ki, sammitd\u0259 \u0259sas diqq\u0259tl\u0259r bir s\u0131ra \u00f6lk\u0259l\u0259rin r\u0259hb\u0259rl\u0259rin\u0259 y\u00f6n\u0259lmi\u015fdi. O s\u0131rada is\u0259 Az\u0259rbaycan Prezidenti \u0130lham \u018fliyev \u00f6nd\u0259 g\u0259lirdi. X\u00fcsusil\u0259 8 avqustda Va\u015finqtonda \u0259ld\u0259 olunan paraflanma s\u0259n\u0259dind\u0259n sonra Az\u0259rbaycan v\u0259 Erm\u0259nistan r\u0259hb\u0259rl\u0259ri ilk bel\u0259 b\u00f6y\u00fck t\u0259dbird\u0259 i\u015ftirak edirdil\u0259r. Onlar\u0131n xan\u0131mlar\u0131 il\u0259 birlikd\u0259 etdikl\u0259ri ayaq\u00fcst\u00fc s\u00f6hb\u0259t diqq\u0259tl\u0259ri \u00e7\u0259kdi. Sonra is\u0259 \u00f6lk\u0259 ba\u015f\u00e7\u0131s\u0131 il\u0259 erm\u0259ni ba\u015f nazir aras\u0131nda bir g\u00f6r\u00fc\u015f d\u0259 ba\u015f tutdu. M\u0259hz bu g\u00f6r\u00fc\u015fd\u0259n sonra da AT\u018fT-in Minsk Qrupunun r\u0259smi \u015f\u0259kild\u0259 burax\u0131ld\u0131\u011f\u0131 b\u0259yan edildi.<\/p>\n<p><strong>He\u00e7 \u015f\u00fcbh\u0259siz ki, son aylardak\u0131 g\u0259rginlikl\u0259r fonunda Az\u0259rbaycan v\u0259 Rusiya prezidentl\u0259rinin g\u00f6r\u00fc\u015f\u00fcn\u00fcn ba\u015f tutub-tutmayaca\u011f\u0131 \u0259sas m\u00fczakir\u0259l\u0259r s\u0131ras\u0131nda idi. Lakin sammitin ke\u00e7irildiyi g\u00fcnl\u0259rd\u0259 ayaq\u00fcst\u00fc olsa bel\u0259, bu g\u00f6r\u00fc\u015f olmad\u0131. Bu da \u00f6z\u00fc il\u0259 yeni m\u00fczakir\u0259l\u0259r yaratd\u0131.\u00a0\u00a0\u00a0<\/strong><\/p>\n<p>Prezidentin sammitd\u0259ki \u00e7\u0131x\u0131\u015f\u0131 da diqq\u0259tl\u0259 izl\u0259nildi. \u0130.\u018fliyev \u00e7\u0131x\u0131\u015f\u0131nda daha \u00e7ox Az\u0259rbaycan-\u00c7in \u0259laq\u0259l\u0259rin\u0259 diqq\u0259t ay\u0131rd\u0131. \u00d6lk\u0259 ba\u015f\u00e7\u0131s\u0131 Az\u0259rbaycan\u0131n regionda \u00c7inin etibarl\u0131 t\u0259r\u0259fda\u015f\u0131 oldu\u011funu qeyd etdi. \u0130.\u018fliyev bildirib ki, bu il \u00c7in\u0259 d\u00f6vl\u0259t s\u0259f\u0259ri zaman\u0131 h\u0259rt\u0259r\u0259fli strateji t\u0259r\u0259fda\u015fl\u0131q m\u00fcnasib\u0259tl\u0259rinin t\u0259sis edilm\u0259si bar\u0259d\u0259 birg\u0259 b\u0259yanat imzalan\u0131b v\u0259 bu tarixi hadis\u0259 Az\u0259rbaycan-\u00c7in m\u00fcnasib\u0259tl\u0259rind\u0259 yeni bir s\u0259hif\u0259 a\u00e7\u0131b.<\/p>\n<p><strong>Az\u0259rbaycan Prezidentinin son zamanlar\u0131n \u0259sas m\u00fczakir\u0259 m\u00f6vzular\u0131ndan birin\u0259 \u00e7evril\u0259n Z\u0259ng\u0259zur d\u0259hlizi bar\u0259d\u0259 dedikl\u0259ri d\u0259 x\u00fcsusi diqq\u0259t \u00e7\u0259kib. Sitat: \u201cYax\u0131n g\u0259l\u0259c\u0259kd\u0259 Z\u0259ng\u0259zur d\u0259hlizi h\u0259m Orta D\u0259hlizin, h\u0259m d\u0259 \u015eimal-C\u0259nub d\u0259hlizinin n\u00f6vb\u0259ti m\u00fch\u00fcm seqmentin\u0259 \u00e7evril\u0259c\u0259k, s\u00fclh\u00fc, \u00e7oxt\u0259r\u0259fli t\u0259r\u0259fda\u015fl\u0131\u011f\u0131 m\u00f6hk\u0259ml\u0259ndir\u0259c\u0259k. Z\u0259ng\u0259zur d\u0259hlizi Az\u0259rbaycan s\u0259rh\u0259dinin \u015f\u0259rqind\u0259, q\u0259rbind\u0259, \u015fimal\u0131nda v\u0259 c\u0259nubunda yerl\u0259\u015f\u0259n yax\u0131n v\u0259 uzaq qon\u015fular\u0131m\u0131za fayda g\u0259tir\u0259c\u0259k\u201d.<\/strong><\/p>\n<p>Prezident Administrasiyas\u0131n\u0131n Xarici siyas\u0259t m\u0259s\u0259l\u0259l\u0259ri \u015f\u00f6b\u0259sinin m\u00fcdiri v\u0259 Prezidentin k\u00f6m\u0259k\u00e7isi Hikm\u0259t Hac\u0131yev g\u00f6r\u00fc\u015f\u00fcn n\u0259tic\u0259l\u0259rini \u201cs\u0259m\u0259r\u0259li\u201d adland\u0131r\u0131b. Onun s\u00f6zl\u0259rin\u0259 g\u00f6r\u0259, Az\u0259rbaycan v\u0259 \u00c7in aras\u0131nda h\u0259rt\u0259r\u0259fli strateji t\u0259r\u0259fda\u015fl\u0131q m\u00f6vcuddur v\u0259 bu \u0259laq\u0259l\u0259r dinamik \u015f\u0259kild\u0259 inki\u015faf edir.<\/p>\n<p>Hikm\u0259t Hac\u0131yev bildirib ki, iki \u00f6lk\u0259 beyn\u0259lxalq t\u0259\u015fkilatlarda bir-birin\u0259 d\u0259st\u0259k g\u00f6st\u0259rir, terrorizm, ekstremizm v\u0259 separatizm kimi \u201c\u00fc\u00e7 b\u0259laya\u201d qar\u015f\u0131 m\u00fcbariz\u0259d\u0259 t\u0259r\u0259fda\u015fl\u0131q edir. O vur\u011fulay\u0131b ki, Az\u0259rbaycan v\u0259 \u00c7in d\u00f6vl\u0259tl\u0259rin daxili i\u015fl\u0259rin\u0259 qar\u0131\u015fmamaq prinsipin\u0259 sadiqdir v\u0259 h\u0259r bir \u00f6lk\u0259nin iqtisadi inki\u015faf modelini se\u00e7m\u0259k h\u00fcququna h\u00f6rm\u0259t edir.<\/p>\n<p><img src=\"https:\/\/bizim.media\/file\/articles\/2025\/05\/05\/1746433629_1.jpg\" alt=\"Az\u0259r Badamov 10 g\u00fcn \u0259vv\u0259l d\u0259 Rusiyada s\u0259f\u0259rd\u0259 olubmu\u015f\" \/><\/p>\n<p><strong>Az\u0259r Badamov<\/strong><\/p>\n<p><strong>Milli M\u0259clisin deputat\u0131 Az\u0259r Badamov dedi ki, Prezidentin \u015e\u018fT+ format\u0131nda ke\u00e7iril\u0259n 24-c\u00fc Zirv\u0259 toplant\u0131s\u0131nda etdiyi \u00e7\u0131x\u0131\u015fa ilk n\u00f6vb\u0259d\u0259 Az\u0259rbaycan-\u00c7in m\u00fcnasib\u0259tl\u0259rind\u0259n ba\u015flamas\u0131 x\u00fcsusi \u0259h\u0259miyy\u0259t da\u015f\u0131y\u0131r.\u00a0 \u00c7\u00fcnki bu, Az\u0259rbaycan\u0131n d\u00fcnyan\u0131n ikinci iqtisadiyyat\u0131, Qlobal C\u0259nubun birinci d\u00f6vl\u0259ti il\u0259 dostluq v\u0259 strateji t\u0259r\u0259fda\u015fl\u0131q m\u00fcnasib\u0259tl\u0259rin\u0259 malik oldu\u011fumuzun d\u00fcnyaya mesaj\u0131d\u0131r:<\/strong>\u00a0\u201cD\u00f6vl\u0259t ba\u015f\u00e7\u0131m\u0131z \u00c7inin ir\u0259li s\u00fcrd\u00fcy\u00fc b\u00fct\u00fcn qlobal t\u0259\u015f\u0259bb\u00fcsl\u0259ri d\u0259st\u0259kl\u0259diyini bildirdi. \u00c7inin t\u0259\u015f\u0259bb\u00fcsl\u0259ri BMT Nizamnam\u0259si v\u0259 beyn\u0259lxalq h\u00fcquqa h\u00f6rm\u0259t \u0259sas\u0131nda beyn\u0259lxalq m\u00fcnasib\u0259tl\u0259rin yax\u015f\u0131la\u015fd\u0131r\u0131lmas\u0131na y\u00f6n\u0259lmi\u015f m\u00fch\u00fcm v\u0259 vaxt\u0131nda at\u0131lm\u0131\u015f add\u0131mlard\u0131r. \u00c7in d\u00fcnyan\u0131n \u0259n g\u00fccl\u00fc d\u00f6vl\u0259tl\u0259rinin zirv\u0259sind\u0259 dayanmas\u0131na baxmayaraq b\u0259zil\u0259rind\u0259n f\u0259rqli olaraq \u00f6z\u00fcn\u00fc \u00fcst\u00fcn tutmur v\u0259 m\u00fcnasib\u0259tl\u0259ri qar\u015f\u0131l\u0131ql\u0131 h\u00f6rm\u0259t v\u0259 \u0259dal\u0259t prinsipl\u0259ri \u00fcz\u0259rind\u0259 qurur.<\/p>\n<p>D\u00f6vl\u0259t ba\u015f\u00e7\u0131m\u0131z\u0131n \u00e7\u0131x\u0131\u015f\u0131nda \u201cAz\u0259rbaycan regionda \u00c7inin etibarl\u0131 t\u0259r\u0259fda\u015f\u0131d\u0131r\u201d dem\u0259si \u0259lb\u0259tt\u0259 ki, yaratd\u0131\u011f\u0131m\u0131z yeni reall\u0131qla regionumuzun t\u0259hl\u00fck\u0259sizliyinin yeni arxitekturas\u0131n\u0131 yaratmaqla \u00c7inin qlobal t\u0259\u015f\u0259bb\u00fcsl\u0259rini reall\u0131qda d\u0259st\u0259kl\u0259yir. Az\u0259rbaycan \u00c7inin ir\u0259li s\u00fcrd\u00fcy\u00fc \u201cBir k\u0259m\u0259r, bir yol\u201d layih\u0259sini d\u0259st\u0259kl\u0259y\u0259r\u0259k real t\u00f6hf\u0259l\u0259r ver\u0259n ilk \u00f6lk\u0259dir. Bu bax\u0131mdan d\u00f6vl\u0259t ba\u015f\u00e7\u0131m\u0131z\u0131n \u00e7\u0131x\u0131\u015f\u0131nda \u015e\u0259rq-Q\u0259rb v\u0259 \u015eimal-C\u0259nub n\u0259qliyat d\u0259hlizl\u0259rinin beyn\u0259lxalq\u00a0 tranzit d\u0259hlizl\u0259rin \u0259rs\u0259y\u0259 g\u0259lm\u0259sin\u0259 verdiyimiz t\u00f6hf\u0259l\u0259r v\u0259 Orta d\u0259hlizin geni\u015fl\u0259ndirilm\u0259si istiqam\u0259tind\u0259 atd\u0131\u011f\u0131m\u0131z davaml\u0131 add\u0131mlar\u0131m\u0131z haqq\u0131nda m\u0259lumat\u0131n verilm\u0259si \u015e\u018fT+ \u00f6lk\u0259l\u0259rin r\u0259hb\u0259rl\u0259rinin logistik potensial\u0131m\u0131za diqq\u0259tinin \u00e7\u0259kilm\u0259sidir. Az\u0259rbaycan\u0131n Bak\u0131 Beyn\u0259lxalq Ticar\u0259t Liman\u0131n\u0131n y\u00fcka\u015f\u0131rma g\u00fcc\u00fcn\u00fc 15 milyon tondan 25 milyon tona, Bak\u0131-Tiflis-Qars d\u0259mir yolunun y\u00fck ke\u00e7irm\u0259 g\u00fcc\u00fcn\u00fc 1 milyon tondan 5 milyon tona art\u0131rmas\u0131 Orta d\u0259hliz\u0259 beyn\u0259lxalq mara\u011f\u0131 art\u0131r\u0131b v\u0259 da\u015f\u0131malardak\u0131 90% art\u0131m bunu bir daha t\u0259sdiq edir.\u00a0 Z\u0259ng\u0259zur d\u0259hlizinin a\u00e7\u0131lmas\u0131 Orta d\u0259hlizin bir seqmenti olaraq \u0259lav\u0259 15 milyon tondan \u00e7ox beyn\u0259lxalq tranzit y\u00fck da\u015f\u0131ma imkan\u0131n\u0131 \u0259rs\u0259y\u0259 g\u0259tir\u0259c\u0259k v\u0259 bu da Asiyadan Avropaya q\u0259d\u0259r b\u00f6y\u00fck bir co\u011frafiya \u00fc\u00e7\u00fcn daha s\u0259m\u0259r\u0259li da\u015f\u0131ma imkanlar\u0131n\u0131n yaranmas\u0131 dem\u0259kdir.<\/p>\n<p>Prezident \u0130lham \u018fliyevin \u00c7in Xalq Respublikas\u0131na s\u0259f\u0259ri Az\u0259rbaycan-\u00c7in m\u00fcnasib\u0259tl\u0259rind\u0259 m\u00fch\u00fcm bir m\u0259rh\u0259l\u0259nin ba\u015flan\u011f\u0131c\u0131 kimi qiym\u0259tl\u0259ndirilir. Tiencind\u0259 ke\u00e7iril\u0259n g\u00f6r\u00fc\u015fd\u0259 Prezident \u0130lham \u018fliyevl\u0259 \u00c7in Xalq Respublikas\u0131n\u0131n S\u0259dri Si Cinpin aras\u0131nda apar\u0131lan dan\u0131\u015f\u0131qlar h\u0259m siyasi, h\u0259m d\u0259 iqtisadi bax\u0131mdan \u0259h\u0259miyy\u0259tli n\u0259tic\u0259l\u0259rd\u0259n soraq verir. Az\u0259rbaycanla \u00c7in aras\u0131nda imzalanm\u0131\u015f sazi\u015fl\u0259r iki \u00f6lk\u0259nin m\u00fcnasib\u0259tl\u0259rini strateji t\u0259r\u0259fda\u015fl\u0131q s\u0259viyy\u0259sin\u0259 qald\u0131r\u0131r. Yax\u0131n g\u0259l\u0259c\u0259kd\u0259 Az\u0259rbaycan\u0131n \u00c7inl\u0259 yeni strateji iqtisadi \u0259laq\u0259l\u0259r quraca\u011f\u0131na indi he\u00e7 kim \u015f\u00fcbh\u0259 il\u0259 yana\u015fm\u0131r. \u00c7\u00fcnki iki d\u00f6vl\u0259t aras\u0131ndak\u0131 ticari-iqtisadi \u0259laq\u0259l\u0259rin bug\u00fcnk\u00fc s\u0259viyy\u0259si, \u0259laq\u0259l\u0259rin y\u00fcks\u0259l\u0259n x\u0259tl\u0259 s\u00fcr\u0259tli inki\u015faf\u0131 bunu dem\u0259y\u0259 \u0259sas verir&#8221;.<\/p>\n<p><strong>Cavan\u015fir ABBASLI,<br \/>\n\u201cYeni M\u00fcsavat\u201d<\/strong><\/p>\n","protected":false},"excerpt":{"rendered":"<p>Az\u0259rbaycanla \u00c7in aras\u0131nda imzalanm\u0131\u015f sazi\u015fl\u0259r iki \u00f6lk\u0259nin m\u00fcnasib\u0259tl\u0259rini strateji t\u0259r\u0259fda\u015fl\u0131q s\u0259viyy\u0259sin\u0259 qald\u0131r\u0131b \u00c7ind\u0259 ke\u00e7iril\u0259n \u015eanxay \u018fm\u0259kda\u015fl\u0131q T\u0259\u015fkilat\u0131n\u0131n n\u00f6vb\u0259ti sammiti ba\u015fa \u00e7atd\u0131. Bu sammit t\u0259\u015fkilat\u0131n indiy\u0259 q\u0259d\u0259rki \u0259n b\u00f6y\u00fck t\u0259dbiri idi. Sammitd\u0259 20-d\u0259n \u00e7ox \u00f6lk\u0259nin, o c\u00fcml\u0259d\u0259n t\u0259\u015fkilat\u0131n 10 \u00fczv\u00fc, 2 m\u00fc\u015fahid\u0259\u00e7isi, 14 dialoq orta\u011f\u0131 olan \u00f6lk\u0259l\u0259rin r\u0259hb\u0259rl\u0259ri i\u015ftirak etdi. He\u00e7 \u015f\u00fcbh\u0259siz ki, sammitd\u0259 \u0259sas diqq\u0259tl\u0259r bir s\u0131ra \u00f6lk\u0259l\u0259rin r\u0259hb\u0259rl\u0259rin\u0259 y\u00f6n\u0259lmi\u015fdi. O s\u0131rada is\u0259 Az\u0259rbaycan Prezidenti \u0130lham \u018fliyev \u00f6nd\u0259 g\u0259lirdi. X\u00fcsusil\u0259 8 avqustda Va\u015finqtonda \u0259ld\u0259 olunan paraflanma s\u0259n\u0259dind\u0259n sonra Az\u0259rbaycan v\u0259 Erm\u0259nistan r\u0259hb\u0259rl\u0259ri ilk bel\u0259 b\u00f6y\u00fck t\u0259dbird\u0259 i\u015ftirak edirdil\u0259r. Onlar\u0131n xan\u0131mlar\u0131&hellip;<\/p>\n","protected":false},"author":2,"featured_media":824277,"comment_status":"closed","ping_status":"closed","sticky":false,"template":"","format":"standard","meta":{"om_disable_all_campaigns":false,"_monsterinsights_skip_tracking":false,"_monsterinsights_sitenote_active":false,"_monsterinsights_sitenote_note":"","_monsterinsights_sitenote_category":0},"categories":[4],"tags":[],"aioseo_notices":[],"gutentor_comment":0,"rttpg_featured_image_url":{"full":["https:\/\/arantv.az\/wp-content\/uploads\/2025\/09\/5d905b501eaf2b532927775b17227e7b.jpg",850,500,false],"landscape":["https:\/\/arantv.az\/wp-content\/uploads\/2025\/09\/5d905b501eaf2b532927775b17227e7b.jpg",850,500,false],"portraits":["https:\/\/arantv.az\/wp-content\/uploads\/2025\/09\/5d905b501eaf2b532927775b17227e7b.jpg",850,500,false],"thumbnail":["https:\/\/arantv.az\/wp-content\/uploads\/2025\/09\/5d905b501eaf2b532927775b17227e7b-500x280.jpg",500,280,true],"medium":["https:\/\/arantv.az\/wp-content\/uploads\/2025\/09\/5d905b501eaf2b532927775b17227e7b-621x365.jpg",621,365,true],"large":["https:\/\/arantv.az\/wp-content\/uploads\/2025\/09\/5d905b501eaf2b532927775b17227e7b-840x494.jpg",640,376,true],"1536x1536":["https:\/\/arantv.az\/wp-content\/uploads\/2025\/09\/5d905b501eaf2b532927775b17227e7b.jpg",850,500,false],"2048x2048":["https:\/\/arantv.az\/wp-content\/uploads\/2025\/09\/5d905b501eaf2b532927775b17227e7b.jpg",850,500,false],"post-thumbnail":["https:\/\/arantv.az\/wp-content\/uploads\/2025\/09\/5d905b501eaf2b532927775b17227e7b-240x172.jpg",240,172,true],"advps-thumb-one":["https:\/\/arantv.az\/wp-content\/uploads\/2025\/09\/5d905b501eaf2b532927775b17227e7b.jpg",850,500,false]},"rttpg_author":{"display_name":"V\u00fcsal Rafiqo\u011flu","author_link":"https:\/\/arantv.az\/?author=2"},"rttpg_comment":0,"rttpg_category":"<a href=\"https:\/\/arantv.az\/?cat=4\" rel=\"category\">Siyas\u0259t<\/a>","rttpg_excerpt":"Az\u0259rbaycanla \u00c7in aras\u0131nda imzalanm\u0131\u015f sazi\u015fl\u0259r iki \u00f6lk\u0259nin m\u00fcnasib\u0259tl\u0259rini strateji t\u0259r\u0259fda\u015fl\u0131q s\u0259viyy\u0259sin\u0259 qald\u0131r\u0131b \u00c7ind\u0259 ke\u00e7iril\u0259n \u015eanxay \u018fm\u0259kda\u015fl\u0131q T\u0259\u015fkilat\u0131n\u0131n n\u00f6vb\u0259ti sammiti ba\u015fa \u00e7atd\u0131. Bu sammit t\u0259\u015fkilat\u0131n indiy\u0259 q\u0259d\u0259rki \u0259n b\u00f6y\u00fck t\u0259dbiri idi. Sammitd\u0259 20-d\u0259n \u00e7ox \u00f6lk\u0259nin, o c\u00fcml\u0259d\u0259n t\u0259\u015fkilat\u0131n 10 \u00fczv\u00fc, 2 m\u00fc\u015fahid\u0259\u00e7isi, 14 dialoq orta\u011f\u0131 olan \u00f6lk\u0259l\u0259rin r\u0259hb\u0259rl\u0259ri i\u015ftirak etdi. He\u00e7 \u015f\u00fcbh\u0259siz ki, sammitd\u0259 \u0259sas diqq\u0259tl\u0259r&hellip;","_links":{"self":[{"href":"https:\/\/arantv.az\/index.php?rest_route=\/wp\/v2\/posts\/824276"}],"collection":[{"href":"https:\/\/arantv.az\/index.php?rest_route=\/wp\/v2\/posts"}],"about":[{"href":"https:\/\/arantv.az\/index.php?rest_route=\/wp\/v2\/types\/post"}],"author":[{"embeddable":true,"href":"https:\/\/arantv.az\/index.php?rest_route=\/wp\/v2\/users\/2"}],"replies":[{"embeddable":true,"href":"https:\/\/arantv.az\/index.php?rest_route=%2Fwp%2Fv2%2Fcomments&post=824276"}],"version-history":[{"count":1,"href":"https:\/\/arantv.az\/index.php?rest_route=\/wp\/v2\/posts\/824276\/revisions"}],"predecessor-version":[{"id":824278,"href":"https:\/\/arantv.az\/index.php?rest_route=\/wp\/v2\/posts\/824276\/revisions\/824278"}],"wp:featuredmedia":[{"embeddable":true,"href":"https:\/\/arantv.az\/index.php?rest_route=\/wp\/v2\/media\/824277"}],"wp:attachment":[{"href":"https:\/\/arantv.az\/index.php?rest_route=%2Fwp%2Fv2%2Fmedia&parent=824276"}],"wp:term":[{"taxonomy":"category","embeddable":true,"href":"https:\/\/arantv.az\/index.php?rest_route=%2Fwp%2Fv2%2Fcategories&post=824276"},{"taxonomy":"post_tag","embeddable":true,"href":"https:\/\/arantv.az\/index.php?rest_route=%2Fwp%2Fv2%2Ftags&post=824276"}],"curies":[{"name":"wp","href":"https:\/\/api.w.org\/{rel}","templated":true}]}}