{"id":824283,"date":"2025-09-03T08:56:02","date_gmt":"2025-09-03T04:56:02","guid":{"rendered":"https:\/\/arantv.az\/?p=824283"},"modified":"2025-09-03T08:56:02","modified_gmt":"2025-09-03T04:56:02","slug":"s%c9%99t-anti-q%c9%99rb-t%c9%99skilatina-cevril%c9%99rs%c9%99-bakinin-movqeyi","status":"publish","type":"post","link":"https:\/\/arantv.az\/?p=824283","title":{"rendered":"\u015e\u018fT anti-Q\u0259rb t\u0259\u015fkilat\u0131na \u00e7evril\u0259rs\u0259&#8230; &#8211; Bak\u0131n\u0131n m\u00f6vqeyi"},"content":{"rendered":"<h2><strong>\u00c7in v\u0259 \u0259sas t\u0259r\u0259fda\u015flar\u0131 bu t\u0259\u015fkilat vasit\u0259sil\u0259 birq\u00fctbl\u00fc d\u00fcnyan\u0131 ortadan qald\u0131rma\u011fa \u00e7al\u0131\u015f\u0131r; analitikl\u0259r\u0259 g\u00f6r\u0259, bu, bizim m\u0259s\u0259l\u0259 deyil, \u00f6lk\u0259mizin iki h\u0259d\u0259fi var<\/strong><\/h2>\n<p><strong>\u00c7inin Tiencin \u015f\u0259h\u0259rind\u0259 \u015eanxay \u018fm\u0259kda\u015fl\u0131q T\u0259\u015fkilat\u0131na (\u015e\u018fT) \u00fczv \u00f6lk\u0259l\u0259rin D\u00f6vl\u0259t Ba\u015f\u00e7\u0131lar\u0131 \u015euras\u0131n\u0131n iclas\u0131nda bir s\u0131ra m\u00fch\u00fcm q\u0259rarlar q\u0259bul edilib. Onlar\u0131n aras\u0131nda Tiencinn B\u0259yannam\u0259si v\u0259 2035-ci il\u0259 q\u0259d\u0259r \u015e\u018fT-in \u0130nki\u015faf Strategiyas\u0131 da var.\u00a0<\/strong><\/p>\n<p>\u201cYeni M\u00fcsavat\u201d xat\u0131rlad\u0131r ki, \u00c7in Xalq Respublikas\u0131n\u0131n S\u0259dri Si Cinpin Az\u0259rbaycan\u0131n \u015e\u018fT-\u0259 \u00fczv olmas\u0131n\u0131 d\u0259st\u0259kl\u0259diyini b\u0259yan edib. Si Cinpin bu fikri Az\u0259rbaycan Prezidenti \u0130lham \u018fliyev il\u0259 g\u00f6r\u00fc\u015f\u00fc zaman\u0131 s\u0259sl\u0259ndirib.<\/p>\n<p>\u201c\u00c7in Az\u0259rbaycan\u0131n \u015eanxay \u018fm\u0259kda\u015fl\u0131q T\u0259\u015fkilat\u0131na \u00fczvl\u00fcy\u00fcn\u00fc d\u0259st\u0259kl\u0259yir v\u0259 \u00e7oxt\u0259r\u0259fli \u0259sasda onunla s\u0131x \u0259m\u0259kda\u015fl\u0131q etm\u0259y\u0259, Qlobal C\u0259nubun \u00fcmumi maraqlar\u0131n\u0131 qoruma\u011fa v\u0259 ortaq taley\u0259 malik c\u0259miyy\u0259tin formala\u015fd\u0131r\u0131lmas\u0131na t\u00f6hf\u0259 verm\u0259y\u0259 haz\u0131rd\u0131r\u201d.<\/p>\n<p><strong>O \u0259lav\u0259 edib ki, \u00c7in Az\u0259rbaycanla ikit\u0259r\u0259fli \u0259m\u0259kda\u015fl\u0131\u011f\u0131n dinamik inki\u015faf\u0131n\u0131 qoruyub saxlamaq v\u0259 bu istiqam\u0259td\u0259 i\u015fl\u0259ri davam etdirm\u0259k niyy\u0259tind\u0259dir. \u015e\u018fT-in iclas\u0131nda\u00a0 \u201cm\u00fc\u015fahid\u0259\u00e7i\u201d v\u0259 \u201cdialoq t\u0259r\u0259fda\u015f\u0131\u201d statuslar\u0131n\u0131 birl\u0259\u015fdirm\u0259k q\u0259rar\u0131 verilib. \u00dczv d\u00f6vl\u0259tl\u0259r \u201cm\u00fc\u015fahid\u0259\u00e7i\u201d v\u0259 \u201cdialoq \u00fczr\u0259 t\u0259r\u0259fda\u015f\u201d statuslar\u0131n\u0131 vahid \u201c\u015e\u018fT t\u0259r\u0259fda\u015f\u0131\u201d statusunda birl\u0259\u015fdirib.\u00a0<\/strong><\/p>\n<p>Yekun s\u0259n\u0259dd\u0259 deyilir ki, \u015e\u018fT-\u0259 \u00fczv d\u00f6vl\u0259tl\u0259r Laosa dialoq \u00fczr\u0259 t\u0259r\u0259fda\u015f statusunun verilm\u0259si q\u0259rar\u0131n\u0131 m\u0259mnunluqla qeyd edibl\u0259r. Haz\u0131rda \u015e\u018fT-\u0259 on d\u00f6vl\u0259t daxildir: Belarus, Hindistan, \u0130ran, Qazax\u0131stan, Q\u0131r\u011f\u0131z\u0131stan, \u00c7in, Pakistan, Rusiya, Tacikistan v\u0259 \u00d6zb\u0259kistan. \u0130ndiy\u0259d\u0259k m\u00fc\u015fahid\u0259\u00e7i statusuna malik iki d\u00f6vl\u0259t vard\u0131 &#8211; \u018ffqan\u0131stan v\u0259 Monqolustan. Dialoq \u00fczr\u0259 is\u0259 t\u0259r\u0259fda\u015f statusuna malik on d\u00f6rd \u00f6lk\u0259, o c\u00fcml\u0259d\u0259n Az\u0259rbaycan, Erm\u0259nistan, B\u0259hreyn, Misir, Kamboca, Q\u0259t\u0259r, K\u00fcveyt, Maldiv, Myanma, Nepal, B\u018f\u018f, S\u0259udiyy\u0259 \u018fr\u0259bistan\u0131, T\u00fcrkiy\u0259 v\u0259 \u015eri-Lankad\u0131r. Yeni d\u0259yi\u015fiklikd\u0259n sonra Az\u0259rbaycan \u201c\u015e\u018fT t\u0259r\u0259fda\u015f\u0131\u201d statusu ald\u0131. Ekspertl\u0259rin fikrinc\u0259, \u015e\u018fT-in haz\u0131rk\u0131 sammiti \u0259sasl\u0131 geosiyasi d\u0259yi\u015fiklikl\u0259rin simvollar\u0131ndan birin\u0259 \u00e7evril\u0259c\u0259k. Analitikl\u0259r hesab edirl\u0259r ki, bu sammit beyn\u0259lxalq m\u00fcnasib\u0259tl\u0259r sisteminin transformasiyas\u0131n\u0131 s\u00fcr\u0259tl\u0259ndirm\u0259y\u0259 qadirdir. Ekspert qeyd edir ki,\u00a0 \u015e\u018fT-i c\u0259lbedici ed\u0259n t\u0259\u015fkilat\u0131n qar\u015f\u0131l\u0131ql\u0131 h\u00f6rm\u0259t v\u0259 daxili i\u015fl\u0259r\u0259 qar\u0131\u015fmamaq prinsipl\u0259rin\u0259 \u0259saslanan alternativ \u0259m\u0259kda\u015fl\u0131q modelidir. Ev sahibi \u00f6lk\u0259nin m\u0259lumat\u0131na g\u00f6r\u0259, haz\u0131rk\u0131 sammit t\u0259\u015fkilat yaranandan b\u0259ri \u0259n b\u00f6y\u00fck sammit idi.<\/p>\n<p><strong>Q\u0259rb medias\u0131 sammit\u0259 narahat reaksiya verib. M\u0259s\u0259l\u0259n, \u201cReuters\u201d xat\u0131rlad\u0131r ki, son ill\u0259rd\u0259 \u015e\u018fT-in daimi \u00fczvl\u0259rinin say\u0131 10-a, m\u00fc\u015fahid\u0259\u00e7il\u0259rin v\u0259 dialoq \u00fczr\u0259 t\u0259r\u0259fda\u015flar\u0131n say\u0131 is\u0259 16-ya \u00e7at\u0131b. Eyni zamanda t\u0259\u015fkilat\u0131n s\u0259lahiyy\u0259tl\u0259ri t\u0259hl\u00fck\u0259sizlik m\u0259s\u0259l\u0259l\u0259rind\u0259n, terrorizml\u0259 m\u00fcbariz\u0259d\u0259n iqtisadi v\u0259 h\u0259rbi \u0259m\u0259kda\u015fl\u0131\u011fa q\u0259d\u0259r geni\u015fl\u0259nib.<\/strong><\/p>\n<p>Rusiya Xarici \u0130\u015fl\u0259r Nazirliyinin Beyn\u0259lxalq M\u00fcnasib\u0259tl\u0259r M\u0259rk\u0259zinin r\u0259hb\u0259ri Vadim Kozyulinin RT-y\u0259 verdiyi \u015f\u0259rhd\u0259 dediyi kimi, \u015e\u018fT sammiti \u201cqlobal idar\u0259etm\u0259nin alternativ m\u0259rk\u0259zl\u0259rinin\u201d formala\u015fmas\u0131na \u015f\u0259rait yaratd\u0131\u011f\u0131na g\u00f6r\u0259 Q\u0259rbd\u0259 m\u00fc\u0259yy\u0259n t\u0259\u015fvi\u015f yarad\u0131r. \u201cM\u00f6vcud tendensiyalar bel\u0259 q\u0259na\u0259t\u0259 g\u0259lm\u0259y\u0259 imkan verir ki, Q\u0259rb strukturlar\u0131n\u0131n d\u00fcnya d\u00fcz\u0259nin\u0259 t\u0259sirl\u0259ri qa\u00e7\u0131lmaz olaraq azalacaq. \u015e\u018fT-in inki\u015faf\u0131 is\u0259 buna b\u00f6y\u00fck \u00f6l\u00e7\u00fcd\u0259 k\u00f6m\u0259k ed\u0259c\u0259k. \u015e\u018fT v\u0259 BR\u0130KS \u00f6lk\u0259l\u0259ri n\u0259 q\u0259d\u0259r g\u00fccl\u00fc olarsa, he\u00e7 bir \u00f6lk\u0259nin \u00f6zba\u015f\u0131na \u015f\u0259rtl\u0259ri dikt\u0259 ed\u0259 bilm\u0259y\u0259c\u0259yi balansla\u015fd\u0131r\u0131lm\u0131\u015f sistem bir o q\u0259d\u0259r tez formala\u015facaq\u201d, &#8211; Kozyulin vur\u011fulay\u0131b.<\/p>\n<p><img src=\"https:\/\/qafqazinfo.az\/uploads\/1726211681\/natiq_ceferli.jpg\" alt=\"Natiq C\u0259f\u0259rli atas\u0131n\u0131 itirdi \u2014 Yenil\u0259nib\" \/><\/p>\n<p><strong>Natiq C\u0259f\u0259rli<\/strong><\/p>\n<p><strong>ReAl Partiyas\u0131n\u0131n s\u0259dri Natiq C\u0259f\u0259rlinin fikrinc\u0259, \u00c7ind\u0259 ba\u015f tutan sammit, g\u00f6r\u00fc\u015fl\u0259rin v\u0259 m\u00fczakir\u0259l\u0259rin s\u0259viyy\u0259si, veril\u0259n b\u0259yanatlar bir daha onu s\u00fcbut etdi ki, Q\u0259rb, \u0259sas\u0259n d\u0259 Avropa \u00f6z hegemonlu\u011funu, m\u0259n\u0259vi, maddi, texnoloji v\u0259 elmi \u00fcst\u00fcnl\u00fcy\u00fcn\u00fc itirir. Partiya s\u0259dri hesab edir ki, g\u00fcnah \u00f6zl\u0259rind\u0259dir: \u201cSon 30 ild\u0259 Avropa &#8220;SSR\u0130&#8221;l\u0259\u015fdikc\u0259, \u00c7in, Hindistan, \u0130ndoneziya, Vyetnam v\u0259 s. \u00f6lk\u0259l\u0259r iqtisadi anlamda \u201cQ\u0259rbl\u0259\u015fdil\u0259r\u201d v\u0259 bu proses orqanik, Q\u0259rbin s\u0259hvl\u0259rini t\u0259krar etm\u0259y\u0259r\u0259k ba\u015f verdi.<\/strong><\/p>\n<p>Avropa ifrat t\u0259nziml\u0259m\u0259 qanunlar\u0131, iqtisadiyyatda mane\u0259l\u0259r yaratmaqla \u00f6z \u00fcst\u00fcnl\u00fcy\u00fcn\u00fc x\u0259rcl\u0259yib bitirdi. Bu g\u00fcn, m\u0259s\u0259l\u0259n, Avropada tikintiy\u0259 icaz\u0259 aylar \u00e7\u0259kir, \u00c7ind\u0259 3 g\u00fcn\u0259 h\u0259ll olunur, Avropada restoran a\u00e7maq \u00fc\u00e7\u00fcn \u0259vv\u0259l milli qanunvericilikd\u0259ki mane\u0259l\u0259ri, sonra da Avropa Birliyinin requlyativ, t\u0259nziml\u0259yici m\u0259hdudiyy\u0259tl\u0259rini a\u015fmaq laz\u0131m olur, amma m\u0259s\u0259l\u0259n, Laosda bu m\u0259s\u0259l\u0259 1 g\u00fcn\u0259 h\u0259llini tap\u0131r. Bu g\u00fcn Avropa \u00f6lk\u0259l\u0259ri turizml\u0259\u00a0 m\u00fcbariz\u0259 apar\u0131r, h\u0259r g\u00fcn daha \u00e7ox m\u0259hdudiyy\u0259tl\u0259r qoyur, amma, m\u0259s\u0259l\u0259n, S\u0259udiyy\u0259 \u018fr\u0259bistan\u0131 kimi qapal\u0131 \u00f6lk\u0259 qap\u0131lar\u0131n\u0131 turistl\u0259r \u00fc\u00e7\u00fcn daha \u00e7ox a\u00e7\u0131r. \u00dcmumiyy\u0259tl\u0259, Avropa iqtisadiyyat\u0131 daral\u0131r, \u015e\u0259rqd\u0259, Sakit okean h\u00f6vz\u0259sind\u0259 yerl\u0259\u015f\u0259n \u00f6lk\u0259l\u0259rd\u0259 iqtisadi art\u0131min tempi g\u00f6z qama\u015fd\u0131r\u0131r. Q\u0259rbin \u00fcmidi yen\u0259 AB\u015e-dir&#8221;.<\/p>\n<p><img src=\"https:\/\/konkret.az\/cloud\/uploads\/2021\/04\/elxansahinoglu.jpg\" alt=\"Elxan \u015eahino\u011flu son \u00e7\u0131x\u0131\u015f\u0131 il\u0259 \u00f6z\u00fcn\u00fc v\u0259 \u201ca\u011falar\u0131n\u0131\u201d bel\u0259 \u0259l\u0259 verdi -  \u018fTRAFLI | KONKRET\" \/><\/p>\n<p><strong>Elxan \u015eahino\u011flu<\/strong><\/p>\n<p><strong>Analitik Elxan \u015eahino\u011flu is\u0259 o q\u0259na\u0259td\u0259dir ki, Rusiya v\u0259 \u00c7in \u015eanxay \u018fm\u0259kda\u015fl\u0131q T\u0259\u015fkilat\u0131, BR\u0130CS vasit\u0259sil\u0259 birq\u00fctbl\u00fc d\u00fcnyan\u0131 ortadan qald\u0131rma\u011fa \u00e7al\u0131\u015f\u0131r:<\/strong>\u00a0\u201cBu bizim m\u0259s\u0259l\u0259 deyil. Az\u0259rbaycan\u0131n bu t\u0259\u015fkilata mara\u011f\u0131 iqtisadi v\u0259 ticar\u0259t \u0259laq\u0259l\u0259rinin g\u00fccl\u0259ndirilm\u0259si, \u00fczv \u00f6lk\u0259l\u0259rin Az\u0259rbaycan\u0131n n\u0259qliyyat imkanlar\u0131ndan istifad\u0259sini t\u0259min etm\u0259kl\u0259 \u0259laq\u0259lidir\u201d.<\/p>\n<p>E.\u015eahino\u011flunun s\u00f6zl\u0259rin\u0259 g\u00f6r\u0259, \u00c7in v\u0259 Rusiya birq\u00fctbl\u00fc d\u00fcnyan\u0131n ba\u015fa \u00e7atmas\u0131n\u0131 ist\u0259yirl\u0259r: \u201cAmma h\u0259m d\u0259 ba\u015fqa h\u0259d\u0259fl\u0259r d\u0259 var &#8211; iqtisadi \u0259m\u0259kda\u015fl\u0131q, logistika v\u0259 sair.<\/p>\n<p>Az\u0259rbaycana g\u0259ldikd\u0259, M\u0259rk\u0259zi Asiya il\u0259 \u0259m\u0259kda\u015fl\u0131\u011f\u0131m\u0131z\u0131 g\u00fccl\u0259ndirm\u0259liyik. Eyni zamanda Prezidentin \u00c7in\u0259 s\u0259f\u0259ri v\u0259 \u015e\u018fT-\u0259 mara\u011f\u0131 Rusiyaya da mesaj olmal\u0131d\u0131r. Moskva g\u00f6rm\u0259lidir ki, s\u0259n biziml\u0259 yuxar\u0131dan a\u015fa\u011f\u0131 davranma\u011fa \u00e7al\u0131\u015f\u0131rsan, amma \u0259n yax\u0131n t\u0259r\u0259fda\u015f\u0131n \u00c7in Az\u0259rbaycanla \u0259laq\u0259l\u0259r qurur. \u00c7in Rusiya kimi kobud add\u0131mlar atm\u0131r, ona g\u00f6r\u0259 bu \u00f6lk\u0259 il\u0259 \u0259m\u0259kda\u015fl\u0131q c\u0259lbedicidir&#8221;.<\/p>\n<p><img src=\"https:\/\/www.mia.az\/uploads\/img\/posts\/2024\/09\/03\/aqsin-kreimovjpg-1725370102.jpg\" alt=\"\u015e\u0259rh\u00e7i Aq\u015fin K\u0259rimov v\u0259zif\u0259y\u0259 t\u0259yin olunub\" \/><\/p>\n<p><strong>Aq\u015fin K\u0259rimov<\/strong><\/p>\n<p>Siyasi t\u0259hlil\u00e7i Aq\u015fin K\u0259rimov daha \u00e7ox \u00c7inin qlobal siyas\u0259td\u0259 y\u00fcks\u0259li\u015fin\u0259 diqq\u0259t \u00e7\u0259kir. Onun s\u00f6zl\u0259rin\u0259 g\u00f6r\u0259, \u00c7inin reaktiv templ\u0259 d\u00fcnya olimpinin zirv\u0259sin\u0259 qalxmaq s\u0259yl\u0259ri g\u00fcc m\u0259rk\u0259zl\u0259ri aras\u0131ndak\u0131 strateji s\u0259rh\u0259dl\u0259ri d\u0259yi\u015fdirir.\u00a0 Beyn\u0259lxalq s\u0259viyy\u0259d\u0259 Rusiya v\u0259 AB\u015e-nin \u00f6z m\u00f6vqel\u0259rini itirm\u0259d\u0259n \u00c7inin y\u00fcks\u0259li\u015fi ba\u015fqa bir istiqam\u0259t\u0259 do\u011fru gedir. Strateji h\u00fcdudlar\u0131n yeni dizayn\u0131 qa\u00e7\u0131lmazd\u0131r v\u0259 bu, ba\u015f ver\u0259c\u0259yi t\u0259qdird\u0259 \u0130kinci D\u00fcnya m\u00fcharib\u0259sind\u0259n sonra formala\u015fm\u0131\u015f m\u00fcnasib\u0259tl\u0259r sistemin\u0259 meydan oxuyacaq f\u0259rqli t\u0259rzl\u0259r meydana \u00e7\u0131xacaq. Rusiya-Ukrayna m\u00fcharib\u0259si, Yax\u0131n \u015e\u0259rqd\u0259ki geosiyasi land\u015faft\u0131n d\u0259yi\u015fdirilm\u0259si, 12 g\u00fcnl\u00fck \u0130srail-\u0130ran m\u00fcharib\u0259sinin \u00e7ox geni\u015f geostrateji konteksti perspektiv \u00fc\u00e7\u00fcn h\u0259min m\u00fcnasib\u0259tl\u0259r\u0259 dair t\u0259s\u0259vv\u00fcrl\u0259rin yarad\u0131lmas\u0131na do\u011fru bir gedi\u015fl\u0259rdir. Az\u0259rbaycan is\u0259 bu gedi\u015fl\u0259ri Erm\u0259nistanla m\u00fcnasib\u0259tl\u0259r kontekstind\u0259 regional m\u00fcharib\u0259y\u0259 \u00e7evirm\u0259k ist\u0259m\u0259y\u0259r\u0259k daha f\u0259rqli dizayna \u00fcst\u00fcnl\u00fck verdi&#8221;.<\/p>\n<p><strong>Emil SALAMO\u011eLU,<br \/>\n\u201cYeni M\u00fcsavat\u201d<\/strong><\/p>\n","protected":false},"excerpt":{"rendered":"<p>\u00c7in v\u0259 \u0259sas t\u0259r\u0259fda\u015flar\u0131 bu t\u0259\u015fkilat vasit\u0259sil\u0259 birq\u00fctbl\u00fc d\u00fcnyan\u0131 ortadan qald\u0131rma\u011fa \u00e7al\u0131\u015f\u0131r; analitikl\u0259r\u0259 g\u00f6r\u0259, bu, bizim m\u0259s\u0259l\u0259 deyil, \u00f6lk\u0259mizin iki h\u0259d\u0259fi var \u00c7inin Tiencin \u015f\u0259h\u0259rind\u0259 \u015eanxay \u018fm\u0259kda\u015fl\u0131q T\u0259\u015fkilat\u0131na (\u015e\u018fT) \u00fczv \u00f6lk\u0259l\u0259rin D\u00f6vl\u0259t Ba\u015f\u00e7\u0131lar\u0131 \u015euras\u0131n\u0131n iclas\u0131nda bir s\u0131ra m\u00fch\u00fcm q\u0259rarlar q\u0259bul edilib. Onlar\u0131n aras\u0131nda Tiencinn B\u0259yannam\u0259si v\u0259 2035-ci il\u0259 q\u0259d\u0259r \u015e\u018fT-in \u0130nki\u015faf Strategiyas\u0131 da var.\u00a0 \u201cYeni M\u00fcsavat\u201d xat\u0131rlad\u0131r ki, \u00c7in Xalq Respublikas\u0131n\u0131n S\u0259dri Si Cinpin Az\u0259rbaycan\u0131n \u015e\u018fT-\u0259 \u00fczv olmas\u0131n\u0131 d\u0259st\u0259kl\u0259diyini b\u0259yan edib. Si Cinpin bu fikri Az\u0259rbaycan Prezidenti \u0130lham \u018fliyev il\u0259 g\u00f6r\u00fc\u015f\u00fc zaman\u0131 s\u0259sl\u0259ndirib. \u201c\u00c7in Az\u0259rbaycan\u0131n \u015eanxay \u018fm\u0259kda\u015fl\u0131q T\u0259\u015fkilat\u0131na \u00fczvl\u00fcy\u00fcn\u00fc d\u0259st\u0259kl\u0259yir&hellip;<\/p>\n","protected":false},"author":2,"featured_media":824284,"comment_status":"closed","ping_status":"closed","sticky":false,"template":"","format":"standard","meta":{"om_disable_all_campaigns":false,"_monsterinsights_skip_tracking":false,"_monsterinsights_sitenote_active":false,"_monsterinsights_sitenote_note":"","_monsterinsights_sitenote_category":0},"categories":[4],"tags":[],"aioseo_notices":[],"gutentor_comment":0,"rttpg_featured_image_url":{"full":["https:\/\/arantv.az\/wp-content\/uploads\/2025\/09\/3eab98760b031326a84f6dbb861f150a.jpg",700,394,false],"landscape":["https:\/\/arantv.az\/wp-content\/uploads\/2025\/09\/3eab98760b031326a84f6dbb861f150a.jpg",700,394,false],"portraits":["https:\/\/arantv.az\/wp-content\/uploads\/2025\/09\/3eab98760b031326a84f6dbb861f150a.jpg",700,394,false],"thumbnail":["https:\/\/arantv.az\/wp-content\/uploads\/2025\/09\/3eab98760b031326a84f6dbb861f150a-500x280.jpg",500,280,true],"medium":["https:\/\/arantv.az\/wp-content\/uploads\/2025\/09\/3eab98760b031326a84f6dbb861f150a-648x365.jpg",648,365,true],"large":["https:\/\/arantv.az\/wp-content\/uploads\/2025\/09\/3eab98760b031326a84f6dbb861f150a.jpg",640,360,false],"1536x1536":["https:\/\/arantv.az\/wp-content\/uploads\/2025\/09\/3eab98760b031326a84f6dbb861f150a.jpg",700,394,false],"2048x2048":["https:\/\/arantv.az\/wp-content\/uploads\/2025\/09\/3eab98760b031326a84f6dbb861f150a.jpg",700,394,false],"post-thumbnail":["https:\/\/arantv.az\/wp-content\/uploads\/2025\/09\/3eab98760b031326a84f6dbb861f150a-240x172.jpg",240,172,true],"advps-thumb-one":["https:\/\/arantv.az\/wp-content\/uploads\/2025\/09\/3eab98760b031326a84f6dbb861f150a.jpg",700,394,false]},"rttpg_author":{"display_name":"V\u00fcsal Rafiqo\u011flu","author_link":"https:\/\/arantv.az\/?author=2"},"rttpg_comment":0,"rttpg_category":"<a href=\"https:\/\/arantv.az\/?cat=4\" rel=\"category\">Siyas\u0259t<\/a>","rttpg_excerpt":"\u00c7in v\u0259 \u0259sas t\u0259r\u0259fda\u015flar\u0131 bu t\u0259\u015fkilat vasit\u0259sil\u0259 birq\u00fctbl\u00fc d\u00fcnyan\u0131 ortadan qald\u0131rma\u011fa \u00e7al\u0131\u015f\u0131r; analitikl\u0259r\u0259 g\u00f6r\u0259, bu, bizim m\u0259s\u0259l\u0259 deyil, \u00f6lk\u0259mizin iki h\u0259d\u0259fi var \u00c7inin Tiencin \u015f\u0259h\u0259rind\u0259 \u015eanxay \u018fm\u0259kda\u015fl\u0131q T\u0259\u015fkilat\u0131na (\u015e\u018fT) \u00fczv \u00f6lk\u0259l\u0259rin D\u00f6vl\u0259t Ba\u015f\u00e7\u0131lar\u0131 \u015euras\u0131n\u0131n iclas\u0131nda bir s\u0131ra m\u00fch\u00fcm q\u0259rarlar q\u0259bul edilib. Onlar\u0131n aras\u0131nda Tiencinn B\u0259yannam\u0259si v\u0259 2035-ci il\u0259 q\u0259d\u0259r \u015e\u018fT-in \u0130nki\u015faf Strategiyas\u0131 da var.\u00a0 \u201cYeni&hellip;","_links":{"self":[{"href":"https:\/\/arantv.az\/index.php?rest_route=\/wp\/v2\/posts\/824283"}],"collection":[{"href":"https:\/\/arantv.az\/index.php?rest_route=\/wp\/v2\/posts"}],"about":[{"href":"https:\/\/arantv.az\/index.php?rest_route=\/wp\/v2\/types\/post"}],"author":[{"embeddable":true,"href":"https:\/\/arantv.az\/index.php?rest_route=\/wp\/v2\/users\/2"}],"replies":[{"embeddable":true,"href":"https:\/\/arantv.az\/index.php?rest_route=%2Fwp%2Fv2%2Fcomments&post=824283"}],"version-history":[{"count":1,"href":"https:\/\/arantv.az\/index.php?rest_route=\/wp\/v2\/posts\/824283\/revisions"}],"predecessor-version":[{"id":824285,"href":"https:\/\/arantv.az\/index.php?rest_route=\/wp\/v2\/posts\/824283\/revisions\/824285"}],"wp:featuredmedia":[{"embeddable":true,"href":"https:\/\/arantv.az\/index.php?rest_route=\/wp\/v2\/media\/824284"}],"wp:attachment":[{"href":"https:\/\/arantv.az\/index.php?rest_route=%2Fwp%2Fv2%2Fmedia&parent=824283"}],"wp:term":[{"taxonomy":"category","embeddable":true,"href":"https:\/\/arantv.az\/index.php?rest_route=%2Fwp%2Fv2%2Fcategories&post=824283"},{"taxonomy":"post_tag","embeddable":true,"href":"https:\/\/arantv.az\/index.php?rest_route=%2Fwp%2Fv2%2Ftags&post=824283"}],"curies":[{"name":"wp","href":"https:\/\/api.w.org\/{rel}","templated":true}]}}