{"id":824292,"date":"2025-09-03T09:14:55","date_gmt":"2025-09-03T05:14:55","guid":{"rendered":"https:\/\/arantv.az\/?p=824292"},"modified":"2025-09-03T09:14:55","modified_gmt":"2025-09-03T05:14:55","slug":"ilham-%c9%99liyevl%c9%99-putin-arasinda-cind%c9%99-qisa-salamlasma-%c9%99l-sixisdilar-bir-birin%c9%99-gulums%c9%99dil%c9%99r-sonra","status":"publish","type":"post","link":"https:\/\/arantv.az\/?p=824292","title":{"rendered":"\u0130lham \u018fliyevl\u0259 Putin aras\u0131nda \u00c7ind\u0259 QISA SALAMLA\u015eMA &#8211; \u0259l s\u0131x\u0131\u015fd\u0131lar, bir-birin\u0259 g\u00fcl\u00fcms\u0259dil\u0259r, sonra\u2026"},"content":{"rendered":"<div class=\"text-content\" data-id=\"\" data-url=\"\">\n<p>*Prezident Pekind\u0259 parad\u0131 izl\u0259di<\/p>\n<p>*\u0130lham \u018fliyevl\u0259 Putin aras\u0131nda Pekind\u0259 q\u0131sa salamla\u015fma<\/p>\n<p>*&#8221;Yanukovi\u00e7 Putinin tap\u015f\u0131r\u0131\u011f\u0131 il\u0259 dan\u0131\u015f\u0131b\u201d \u2013 \u201cKreml topu onlar\u0131n meydan\u0131na at\u0131r&#8230;\u201d<\/p>\n<p>*Putin Yanukovi\u00e7i yenid\u0259n \u201cxortlad\u0131b\u201d &#8211; Kreml niy\u0259 onun \u201cxidm\u0259tin\u0259\u201d ehtiyac duyub?<\/p>\n<p>*&#8221;Rusiya-Ukrayna m\u00fcnaqi\u015f\u0259si il\u0259 ba\u011fl\u0131 maraql\u0131 \u015feyl\u0259r \u00f6yr\u0259nmi\u015f\u0259m&#8221; &#8211; TRAMP<\/p>\n<p>*Tramp Putin\u0259 MESAJ G\u00d6ND\u018fRD\u0130: &#8220;M\u0259yusam, k\u00f6m\u0259k ed\u0259 bils\u0259m&#8230;&#8221;<\/p>\n<p>*K\u0130V: Tramp \u201c\u0259sl g\u00fcnahkar\u201d\u0131 tap\u0131b, o, Putin deyil<\/p>\n<p>*Rusiyan\u0131n h\u00fccum etm\u0259y\u0259c\u0259yi \u00f6lk\u0259l\u0259r &#8211; Ke\u00e7mi\u015f ba\u015f nazir a\u00e7\u0131qlad\u0131<\/p>\n<p>*Tbilisid\u0259 etiraz aksiyas\u0131 ke\u00e7irilir, \u00e7ox sayda saxlan\u0131lan var<\/p>\n<p>*Merts: Q\u0259rb at\u0259\u015fk\u0259s \u0259ld\u0259 edilm\u0259y\u0259n\u0259d\u0259k Ukraynaya qo\u015fun g\u00f6nd\u0259rm\u0259y\u0259c\u0259k<\/p>\n<p>*Ara Ayvazyan s\u0259rs\u0259ml\u0259di: \u201cQaraba\u011f m\u0259s\u0259l\u0259si h\u0259l\u0259 bitm\u0259yib\u201d<\/p>\n<p>*Tramp \u201c\u00f6l\u00fcm\u00fc\u201d il\u0259 ba\u011fl\u0131 \u015fayi\u0259l\u0259r\u0259 cavab verdi<\/p>\n<p>*Tramp: \u201cBirl\u0259\u015fmi\u015f \u015etatlar olmasa, d\u00fcnya m\u0259hv olard\u0131\u201d<\/p>\n<p>*Prezidentin \u00c7in\u0259 s\u0259f\u0259rind\u0259n g\u00f6r\u00fcnt\u00fcl\u0259r payla\u015f\u0131ld\u0131<\/p>\n<p>*Putin AB\u015e v\u0259 Ukraynaya \u0259m\u0259kda\u015fl\u0131q t\u0259klif etdi<\/p>\n<p>*\u0130ran da, Rusiya da anlayacaq ki, Z\u0259ng\u0259zur qorxular\u0131&#8230;<\/p>\n<p>*Meladze Ukraynaya yard\u0131m edir, v\u0259t\u0259nda\u015fl\u0131qdan \u00e7\u0131xar\u0131ls\u0131n<\/p>\n<p>*\u00d6l\u00fcm x\u0259b\u0259ri yay\u0131lan Tramp c\u0259miyy\u0259t qar\u015f\u0131s\u0131na \u00e7\u0131xd\u0131<\/p>\n<p>*Prezident Pekind\u0259 parad\u0131 izl\u0259di<\/p>\n<p>*\u0130lham \u018fliyevl\u0259 Putin aras\u0131nda Pekind\u0259 q\u0131sa salamla\u015fma<\/p>\n<p>Bu v\u0259 g\u00fcnd\u0259md\u0259ki bir \u00e7ox x\u0259b\u0259rl\u0259ri bu g\u00fcn saat 08.50-d\u0259 apar\u0131c\u0131 Sevinc Telmanq\u0131z\u0131n\u0131n t\u0259qdimat\u0131ndak\u0131 \u201cS\u0259h\u0259r X\u0259b\u0259r\u201d verili\u015find\u0259 izl\u0259y\u0259 bil\u0259rsiz.<\/p>\n<p>M\u00fczakir\u0259d\u0259 tama\u015fa\u00e7\u0131lar\u0131m\u0131z da i\u015ftirak ed\u0259 bil\u0259r.<\/p>\n<p><strong>Youtube s\u0259hif\u0259sinin \u00fcnvan\u0131:<\/strong><\/p>\n<p><a href=\"https:\/\/www.youtube.com\/results?search_query=tv+musavat\">https:\/\/www.youtube.com\/results?search_query=tv+musavat<\/a><\/p>\n<p><iframe title=\"\u0130lham \u018fliyevl\u0259 Putin aras\u0131nda \u00c7ind\u0259 QISA SALAMLA\u015eMA - \u0259l s\u0131x\u0131\u015fd\u0131lar, bir-birin\u0259 g\u00fcl\u00fcms\u0259dil\u0259r, sonra\u2026\" src=\"https:\/\/www.youtube.com\/embed\/MetEW97PrqI\" frameborder=\"0\" allowfullscreen=\"allowfullscreen\" data-mce-fragment=\"1\"><\/iframe><\/p>\n<\/div>\n<div><\/div>\n<div><\/div>\n<div class=\"inner-social-box\">\n<div class=\"subs-in-social subs-whatsapp\"><\/div>\n<\/div>\n","protected":false},"excerpt":{"rendered":"<p>*Prezident Pekind\u0259 parad\u0131 izl\u0259di *\u0130lham \u018fliyevl\u0259 Putin aras\u0131nda Pekind\u0259 q\u0131sa salamla\u015fma *&#8221;Yanukovi\u00e7 Putinin tap\u015f\u0131r\u0131\u011f\u0131 il\u0259 dan\u0131\u015f\u0131b\u201d \u2013 \u201cKreml topu onlar\u0131n meydan\u0131na at\u0131r&#8230;\u201d *Putin Yanukovi\u00e7i yenid\u0259n \u201cxortlad\u0131b\u201d &#8211; Kreml niy\u0259 onun \u201cxidm\u0259tin\u0259\u201d ehtiyac duyub? *&#8221;Rusiya-Ukrayna m\u00fcnaqi\u015f\u0259si il\u0259 ba\u011fl\u0131 maraql\u0131 \u015feyl\u0259r \u00f6yr\u0259nmi\u015f\u0259m&#8221; &#8211; TRAMP *Tramp Putin\u0259 MESAJ G\u00d6ND\u018fRD\u0130: &#8220;M\u0259yusam, k\u00f6m\u0259k ed\u0259 bils\u0259m&#8230;&#8221; *K\u0130V: Tramp \u201c\u0259sl g\u00fcnahkar\u201d\u0131 tap\u0131b, o, Putin deyil *Rusiyan\u0131n h\u00fccum etm\u0259y\u0259c\u0259yi \u00f6lk\u0259l\u0259r &#8211; Ke\u00e7mi\u015f ba\u015f nazir a\u00e7\u0131qlad\u0131 *Tbilisid\u0259 etiraz aksiyas\u0131 ke\u00e7irilir, \u00e7ox sayda saxlan\u0131lan var *Merts: Q\u0259rb at\u0259\u015fk\u0259s \u0259ld\u0259 edilm\u0259y\u0259n\u0259d\u0259k Ukraynaya qo\u015fun g\u00f6nd\u0259rm\u0259y\u0259c\u0259k *Ara Ayvazyan s\u0259rs\u0259ml\u0259di: \u201cQaraba\u011f m\u0259s\u0259l\u0259si h\u0259l\u0259 bitm\u0259yib\u201d&hellip;<\/p>\n","protected":false},"author":2,"featured_media":824293,"comment_status":"closed","ping_status":"closed","sticky":false,"template":"","format":"standard","meta":{"om_disable_all_campaigns":false,"_monsterinsights_skip_tracking":false,"_monsterinsights_sitenote_active":false,"_monsterinsights_sitenote_note":"","_monsterinsights_sitenote_category":0},"categories":[19],"tags":[],"aioseo_notices":[],"gutentor_comment":0,"rttpg_featured_image_url":{"full":["https:\/\/arantv.az\/wp-content\/uploads\/2025\/09\/145bd48b6ce8f8ba391b899982fda062.jpg",870,500,false],"landscape":["https:\/\/arantv.az\/wp-content\/uploads\/2025\/09\/145bd48b6ce8f8ba391b899982fda062.jpg",870,500,false],"portraits":["https:\/\/arantv.az\/wp-content\/uploads\/2025\/09\/145bd48b6ce8f8ba391b899982fda062.jpg",870,500,false],"thumbnail":["https:\/\/arantv.az\/wp-content\/uploads\/2025\/09\/145bd48b6ce8f8ba391b899982fda062-500x280.jpg",500,280,true],"medium":["https:\/\/arantv.az\/wp-content\/uploads\/2025\/09\/145bd48b6ce8f8ba391b899982fda062-635x365.jpg",635,365,true],"large":["https:\/\/arantv.az\/wp-content\/uploads\/2025\/09\/145bd48b6ce8f8ba391b899982fda062-840x483.jpg",640,368,true],"1536x1536":["https:\/\/arantv.az\/wp-content\/uploads\/2025\/09\/145bd48b6ce8f8ba391b899982fda062.jpg",870,500,false],"2048x2048":["https:\/\/arantv.az\/wp-content\/uploads\/2025\/09\/145bd48b6ce8f8ba391b899982fda062.jpg",870,500,false],"post-thumbnail":["https:\/\/arantv.az\/wp-content\/uploads\/2025\/09\/145bd48b6ce8f8ba391b899982fda062-240x172.jpg",240,172,true],"advps-thumb-one":["https:\/\/arantv.az\/wp-content\/uploads\/2025\/09\/145bd48b6ce8f8ba391b899982fda062.jpg",870,500,false]},"rttpg_author":{"display_name":"V\u00fcsal Rafiqo\u011flu","author_link":"https:\/\/arantv.az\/?author=2"},"rttpg_comment":0,"rttpg_category":"<a href=\"https:\/\/arantv.az\/?cat=19\" rel=\"category\">G\u00fcnd\u0259m<\/a>","rttpg_excerpt":"*Prezident Pekind\u0259 parad\u0131 izl\u0259di *\u0130lham \u018fliyevl\u0259 Putin aras\u0131nda Pekind\u0259 q\u0131sa salamla\u015fma *&#8221;Yanukovi\u00e7 Putinin tap\u015f\u0131r\u0131\u011f\u0131 il\u0259 dan\u0131\u015f\u0131b\u201d \u2013 \u201cKreml topu onlar\u0131n meydan\u0131na at\u0131r&#8230;\u201d *Putin Yanukovi\u00e7i yenid\u0259n \u201cxortlad\u0131b\u201d &#8211; Kreml niy\u0259 onun \u201cxidm\u0259tin\u0259\u201d ehtiyac duyub? *&#8221;Rusiya-Ukrayna m\u00fcnaqi\u015f\u0259si il\u0259 ba\u011fl\u0131 maraql\u0131 \u015feyl\u0259r \u00f6yr\u0259nmi\u015f\u0259m&#8221; &#8211; TRAMP *Tramp Putin\u0259 MESAJ G\u00d6ND\u018fRD\u0130: &#8220;M\u0259yusam, k\u00f6m\u0259k ed\u0259 bils\u0259m&#8230;&#8221; *K\u0130V: Tramp \u201c\u0259sl g\u00fcnahkar\u201d\u0131 tap\u0131b,&hellip;","_links":{"self":[{"href":"https:\/\/arantv.az\/index.php?rest_route=\/wp\/v2\/posts\/824292"}],"collection":[{"href":"https:\/\/arantv.az\/index.php?rest_route=\/wp\/v2\/posts"}],"about":[{"href":"https:\/\/arantv.az\/index.php?rest_route=\/wp\/v2\/types\/post"}],"author":[{"embeddable":true,"href":"https:\/\/arantv.az\/index.php?rest_route=\/wp\/v2\/users\/2"}],"replies":[{"embeddable":true,"href":"https:\/\/arantv.az\/index.php?rest_route=%2Fwp%2Fv2%2Fcomments&post=824292"}],"version-history":[{"count":1,"href":"https:\/\/arantv.az\/index.php?rest_route=\/wp\/v2\/posts\/824292\/revisions"}],"predecessor-version":[{"id":824294,"href":"https:\/\/arantv.az\/index.php?rest_route=\/wp\/v2\/posts\/824292\/revisions\/824294"}],"wp:featuredmedia":[{"embeddable":true,"href":"https:\/\/arantv.az\/index.php?rest_route=\/wp\/v2\/media\/824293"}],"wp:attachment":[{"href":"https:\/\/arantv.az\/index.php?rest_route=%2Fwp%2Fv2%2Fmedia&parent=824292"}],"wp:term":[{"taxonomy":"category","embeddable":true,"href":"https:\/\/arantv.az\/index.php?rest_route=%2Fwp%2Fv2%2Fcategories&post=824292"},{"taxonomy":"post_tag","embeddable":true,"href":"https:\/\/arantv.az\/index.php?rest_route=%2Fwp%2Fv2%2Ftags&post=824292"}],"curies":[{"name":"wp","href":"https:\/\/api.w.org\/{rel}","templated":true}]}}