{"id":824296,"date":"2025-09-03T16:26:59","date_gmt":"2025-09-03T12:26:59","guid":{"rendered":"https:\/\/arantv.az\/?p=824296"},"modified":"2025-09-03T16:26:59","modified_gmt":"2025-09-03T12:26:59","slug":"sabiq-nazir-apardigi-t%c9%99dqiqatin-n%c9%99tic%c9%99l%c9%99rini-aciqladi-erm%c9%99nistanin-xarici-ticar%c9%99t-dovriyy%c9%99si","status":"publish","type":"post","link":"https:\/\/arantv.az\/?p=824296","title":{"rendered":"Sabiq nazir apard\u0131\u011f\u0131 t\u0259dqiqat\u0131n n\u0259tic\u0259l\u0259rini a\u00e7\u0131qlad\u0131- Erm\u0259nistan\u0131n xarici ticar\u0259t d\u00f6vriyy\u0259si&#8230;"},"content":{"rendered":"<div class=\"text-content\" data-id=\"\" data-url=\"\">\n<p><strong>2025-ci il sentyabr\u0131n 3-d\u0259 Az\u0259rbaycan\u0131n \u201cEkonomiks\u201d Beyn\u0259lxalq \u0130qtisadi Ara\u015fd\u0131rmalar \u0130ctimai Birliyi Erm\u0259nistan\u0131n idxal-ixrac \u0259m\u0259liyyatlar\u0131n\u0131n iqtisadi t\u0259hlili il\u0259 \u0259laq\u0259dar xeyli m\u00fcdd\u0259tdir apard\u0131\u011f\u0131 t\u0259dqiqat\u0131n bir hiss\u0259sinin n\u0259tic\u0259l\u0259rini a\u00e7\u0131qlay\u0131b.<\/strong><\/p>\n<p>\u0130ctimai Birliyin s\u0259dri, sabiq maliyy\u0259 naziri Fikr\u0259t Yusifov ke\u00e7irdiyi brifinqd\u0259 b\u0259yan edib ki, Rusiyaya Ukrayna m\u00fcharib\u0259si il\u0259 \u0259laq\u0259dar t\u0259tbiq edil\u0259n beyn\u0259lxalq sanksiyalardan sonra Erm\u0259nistan\u0131n xarici ticar\u0259t d\u00f6vriyy\u0259sind\u0259 q\u0259fil \u201cyerind\u0259n oynama v\u0259 s\u0131\u00e7ray\u0131\u015fla y\u00fcks\u0259li\u015f\u201d qeyd\u0259 al\u0131nmaqdad\u0131r: \u201cErm\u0259nistan D\u00f6vl\u0259t Statistika Komit\u0259sinin v\u0259 dig\u0259r r\u0259smi qurumlar\u0131n\u0131n a\u00e7\u0131qlad\u0131\u011f\u0131 m\u0259lumatlar\u0131n t\u0259hlili \u00fcz\u0259 \u00e7\u0131xar\u0131r ki, \u00f6t\u0259n 5 ild\u0259 Erm\u0259nistan\u0131n xarici ticar\u0259t d\u00f6vriyy\u0259si 4,2 d\u0259f\u0259 artaraq 7 milyard 101 milyon AB\u015e dollar\u0131ndan 30 milyard 202 milyon AB\u015e dollar\u0131na \u00e7at\u0131b. Bir \u00f6lk\u0259nin idxal\u0131n\u0131n h\u0259cmi ilk n\u00f6vb\u0259d\u0259 daxili t\u0259l\u0259bat\u0131 \u00f6d\u0259m\u0259k \u00fc\u00e7\u00fcn art\u0131r\u0131la bil\u0259r. N\u0259 ba\u015f verdi ki, Erm\u0259nistan idxal\u0131n h\u0259cmini bu q\u0259d\u0259r art\u0131ra bildi? Erm\u0259nistan\u0131n r\u0259smi d\u00f6vl\u0259t statistikas\u0131n\u0131n m\u0259lumatlar\u0131na \u0259saslansaq, 2021-ci ill\u0259 m\u00fcqayis\u0259d\u0259 2024-c\u00fc ild\u0259 Erm\u0259nistan\u0131n idxal\u0131nda \u0259n \u00e7ox t\u0259bii v\u0259 ya m\u0259d\u0259ni mirvaril\u0259r, qiym\u0259tli v\u0259 ya yar\u0131 qiym\u0259tli da\u015flar, qiym\u0259tli metallar kimi m\u0259hsullar\u0131n artd\u0131\u011f\u0131n\u0131 g\u00f6rm\u0259k m\u00fcmk\u00fcnd\u00fcr. Bu m\u0259hsullar\u0131n idxal\u0131n\u0131n h\u0259cmi 2021-ci ild\u0259 c\u0259mi 248,4 milyon AB\u015e dollar\u0131 t\u0259\u015fkil edirdis\u0259, 2024-c\u00fc ild\u0259 bu r\u0259q\u0259m 7,4 milyard AB\u015e dollar\u0131ndan \u00e7ox olub, ba\u015fqa s\u00f6zl\u0259, 4 il \u0259rzind\u0259 onlar\u0131n idxal\u0131n\u0131n h\u0259cmi 30 d\u0259f\u0259 art\u0131b. 44 g\u00fcnl\u00fck m\u00fcharib\u0259d\u0259 a\u011f\u0131r m\u0259\u011flubiyy\u0259t ya\u015fam\u0131\u015f v\u0259 \u0259halisi daha ac\u0131nacaql\u0131 sosial duruma d\u00fc\u015fm\u00fc\u015f bir \u00f6lk\u0259nin bu q\u0259d\u0259r zin\u0259t m\u0259hsullar\u0131 idxal etm\u0259si p\u0259rd\u0259l\u0259nmi\u015f \u0259m\u0259liyyatlar\u0131n apar\u0131lmas\u0131na d\u0259lal\u0259t edir\u201d.<\/p>\n<p>\u201cEkonomiks\u201d Beyn\u0259lxalq \u0130qtisadi Ara\u015fd\u0131rmalar \u0130ctimai Birliyinin iqtisad\u00e7\u0131-eksperti Malik H\u0259s\u0259nov qeyd edib ki, Ukraynaya qar\u015f\u0131 m\u00fcharib\u0259d\u0259n sonra Erm\u0259nistanda rusiyal\u0131 i\u015f adamlar\u0131n\u0131n adlar\u0131na a\u00e7\u0131lm\u0131\u015f y\u00fczl\u0259rl\u0259 \u015firk\u0259t peyda olub. Bu \u015firk\u0259tl\u0259rin qaranl\u0131q \u0259m\u0259liyyatlar\u0131n apar\u0131lmas\u0131 \u00fc\u00e7\u00fcn yarad\u0131lmas\u0131na dair \u015f\u00fcbh\u0259l\u0259r var: \u201cBird\u0259n-bir\u0259 Rusiyadan Erm\u0259nistana ixrac\u0131n 75%-d\u0259n \u00e7oxunun mirvaril\u0259r, qiym\u0259tli v\u0259 ya yar\u0131qiym\u0259tli da\u015flar, qiym\u0259tli metallar kimi m\u0259hsullar t\u0259\u015fkil etm\u0259sin\u0259 he\u00e7 kim cavab vermir\u201d.<\/p>\n<p>H\u00fcquq\u015f\u00fcnas-ekspert Bayram Sad\u0131qov is\u0259 diqq\u0259t \u00e7\u0259kib ki, BMT Ba\u015f Assambleyas\u0131n\u0131n m\u00fcvafiq q\u0259tnam\u0259l\u0259ri beyn\u0259lxalq h\u00fcquqa zidd h\u0259r\u0259k\u0259tl\u0259r\u0259 g\u00f6r\u0259 d\u00f6vl\u0259tl\u0259rin m\u0259suliyy\u0259tini m\u00fc\u0259yy\u0259n edib, ba\u015fqa d\u00f6vl\u0259tin beyn\u0259lxalq h\u00fcquqazidd \u0259m\u0259l t\u00f6r\u0259tm\u0259sin\u0259 \u015f\u0259rait yaradan d\u00f6vl\u0259t d\u0259 beyn\u0259lxalq m\u0259suliyy\u0259t da\u015f\u0131y\u0131r. Burada Rusiya v\u0259 Erm\u0259nistan\u0131n h\u0259r\u0259k\u0259tl\u0259rin\u0259 bu prizmadan yana\u015f\u0131lmal\u0131d\u0131r.<\/p>\n<p>F.Yusifov onu da bildirib ki, bu \u201cidxal-ixrac sxeml\u0259ri\u201d g\u00f6st\u0259rir ki, Erm\u0259nistan m\u0259hsullar\u0131n idxal v\u0259 ixrac\u0131 ad\u0131 alt\u0131nda \u0259slind\u0259, Rusiyan\u0131n Ukraynadak\u0131 h\u0259rbi \u0259m\u0259liyyatlar\u0131 \u00fc\u00e7\u00fcn z\u0259ruri olan m\u0259hsullar\u0131 dig\u0259r \u00f6lk\u0259l\u0259rd\u0259n idxal ed\u0259r\u0259k, sonradan onlar\u0131 ba\u015fqa m\u0259hsul adlar\u0131 alt\u0131nda Rusiyaya ixrac edir. Rusiya Ukraynaya qar\u015f\u0131 apard\u0131\u011f\u0131 i\u015f\u011fal\u00e7\u0131 m\u00fcharib\u0259d\u0259 \u00fczl\u0259\u015fdiyi sanksiyalardan yay\u0131nmaq \u00fc\u00e7\u00fcn Erm\u0259nistandan bir yol, al\u0259t kimi istifad\u0259 edir. Avropa \u0130ttifaq\u0131, x\u00fcsusil\u0259 Fransa v\u0259 onlar\u0131n t\u0259\u015fkilat\u00e7\u0131l\u0131\u011f\u0131 il\u0259 Erm\u0259nistanla Az\u0259rbaycan\u0131n \u015f\u0259rti s\u0259rh\u0259din\u0259 g\u0259tirilmi\u015f \u201cm\u00fc\u015fahid\u0259\u00e7il\u0259r\u201d, beyn\u0259lxalq qurumlar bu faktlara niy\u0259 g\u00f6z yumurlar? Ukrayna \u00fcz\u0259rind\u0259 vurulmu\u015f Rusiya pilotsuz u\u00e7u\u015f aparatlar\u0131ndan Avropada, ilk n\u00f6vb\u0259d\u0259 Fransa v\u0259 Kanadada 2022-2024-c\u00fc ill\u0259rd\u0259 istehsal olunmu\u015f elementl\u0259r a\u015fkar edilirs\u0259, bu n\u0259 dem\u0259kdir? Beyn\u0259lxalq sanksiyalar alt\u0131nda Rusiya bunlar\u0131 nec\u0259 \u0259ld\u0259 edib?\u201d.<\/p>\n<p>Xat\u0131rladaq ki, bir ne\u00e7\u0259 d\u0259f\u0259 Az\u0259rbaycan QHT-l\u0259ri Rusiyaya qar\u015f\u0131 sanksiyalar\u0131n t\u0259tbiqi v\u0259 icras\u0131na n\u0259zar\u0259t \u00fczr\u0259 \u0259sas m\u0259sul qurumlar\u0131n r\u0259hb\u0259rl\u0259rin\u0259 a\u00e7\u0131q m\u0259ktublar \u00fcnvanlayaraq, Erm\u0259nistan\u0131n idxal-ixrac \u0259m\u0259liyyatlar\u0131n\u0131 t\u0259fti\u015f etm\u0259y\u0259 \u00e7a\u011f\u0131r\u0131b. Bu \u00e7a\u011f\u0131r\u0131\u015flarda Rusiya il\u0259 Ukrayna aras\u0131nda ba\u015flayan m\u00fcharib\u0259d\u0259n sonra C\u0259nubi Qafqazda \u0259n ki\u00e7ik xarici ticar\u0259t d\u00f6vriyy\u0259sin\u0259 malik olan Erm\u0259nistan\u0131n h\u0259m idxal\u0131nda, h\u0259m d\u0259 ixrac\u0131nda iqtisadi potensial\u0131na uy\u011fun olmayan k\u0259skin art\u0131m m\u00fc\u015fahid\u0259 edilm\u0259y\u0259 ba\u015fland\u0131\u011f\u0131, Rusiya Federasiyas\u0131na t\u0259tbiq edil\u0259n sanksiya paketinin \u0259hat\u0259 dair\u0259si geni\u015fl\u0259ndikc\u0259, paralel olaraq, Erm\u0259nistan\u0131n Rusiya il\u0259 xarici ticar\u0259t d\u00f6vriyy\u0259sinin d\u0259f\u0259l\u0259rl\u0259 y\u00fcks\u0259lm\u0259si x\u00fcsusi vur\u011fulan\u0131r.<\/p>\n<p>Toplant\u0131da qeyd edilib ki, dolay\u0131s\u0131 il\u0259 Erm\u0259nistan Rusiyaya xarici ticar\u0259td\u0259 \u201cn\u0259f\u0259slik\u201d verm\u0259kl\u0259, h\u0259m d\u0259 bu \u00f6lk\u0259nin Ukraynadak\u0131 m\u00fcharib\u0259sini maliyy\u0259l\u0259\u015fdirir. Bu is\u0259 Ukraynada s\u00fclh v\u0259 sabitliyin b\u0259rpas\u0131na y\u00f6n\u0259lmi\u015f qlobal s\u0259yl\u0259ri z\u0259ifl\u0259dir v\u0259 beyn\u0259lxalq h\u00fcququn pozulmas\u0131n\u0131 t\u0259\u015fviq edir.<\/p>\n<p><strong>Cavan\u015fir ABBASLI<br \/>\n<\/strong><strong>Musavat.com<\/strong><\/p>\n<\/div>\n<div>\n<div class=\"form-group\"><img class=\"img-responsive\" src=\"https:\/\/cdn.musavat.com\/news\/images\/A.K%C3%96%C5%9E%C6%8FL%C6%8FR%20YEN%C4%B0%20D%C4%B0ZAYN\/ali\/WhatsApp%20Image%202025-09-03%20at%2015.02.19%20%282%29.jpeg\" \/><\/div>\n<div class=\"form-group\"><img class=\"img-responsive\" src=\"https:\/\/cdn.musavat.com\/news\/images\/A.K%C3%96%C5%9E%C6%8FL%C6%8FR%20YEN%C4%B0%20D%C4%B0ZAYN\/ali\/WhatsApp%20Image%202025-09-03%20at%2015.02.19%20%281%29.jpeg\" \/><\/div>\n<\/div>\n<div><\/div>\n<div class=\"inner-social-box\">\n<div class=\"subs-in-social subs-whatsapp\"><\/div>\n<\/div>\n","protected":false},"excerpt":{"rendered":"<p>2025-ci il sentyabr\u0131n 3-d\u0259 Az\u0259rbaycan\u0131n \u201cEkonomiks\u201d Beyn\u0259lxalq \u0130qtisadi Ara\u015fd\u0131rmalar \u0130ctimai Birliyi Erm\u0259nistan\u0131n idxal-ixrac \u0259m\u0259liyyatlar\u0131n\u0131n iqtisadi t\u0259hlili il\u0259 \u0259laq\u0259dar xeyli m\u00fcdd\u0259tdir apard\u0131\u011f\u0131 t\u0259dqiqat\u0131n bir hiss\u0259sinin n\u0259tic\u0259l\u0259rini a\u00e7\u0131qlay\u0131b. \u0130ctimai Birliyin s\u0259dri, sabiq maliyy\u0259 naziri Fikr\u0259t Yusifov ke\u00e7irdiyi brifinqd\u0259 b\u0259yan edib ki, Rusiyaya Ukrayna m\u00fcharib\u0259si il\u0259 \u0259laq\u0259dar t\u0259tbiq edil\u0259n beyn\u0259lxalq sanksiyalardan sonra Erm\u0259nistan\u0131n xarici ticar\u0259t d\u00f6vriyy\u0259sind\u0259 q\u0259fil \u201cyerind\u0259n oynama v\u0259 s\u0131\u00e7ray\u0131\u015fla y\u00fcks\u0259li\u015f\u201d qeyd\u0259 al\u0131nmaqdad\u0131r: \u201cErm\u0259nistan D\u00f6vl\u0259t Statistika Komit\u0259sinin v\u0259 dig\u0259r r\u0259smi qurumlar\u0131n\u0131n a\u00e7\u0131qlad\u0131\u011f\u0131 m\u0259lumatlar\u0131n t\u0259hlili \u00fcz\u0259 \u00e7\u0131xar\u0131r ki, \u00f6t\u0259n 5 ild\u0259 Erm\u0259nistan\u0131n xarici ticar\u0259t d\u00f6vriyy\u0259si 4,2 d\u0259f\u0259 artaraq 7 milyard 101 milyon AB\u015e&hellip;<\/p>\n","protected":false},"author":2,"featured_media":824297,"comment_status":"closed","ping_status":"closed","sticky":false,"template":"","format":"standard","meta":{"om_disable_all_campaigns":false,"_monsterinsights_skip_tracking":false,"_monsterinsights_sitenote_active":false,"_monsterinsights_sitenote_note":"","_monsterinsights_sitenote_category":0},"categories":[19],"tags":[],"aioseo_notices":[],"gutentor_comment":0,"rttpg_featured_image_url":{"full":["https:\/\/arantv.az\/wp-content\/uploads\/2025\/09\/dc72e3ab4872e02a7f8d47b296db95d1.jpg",870,500,false],"landscape":["https:\/\/arantv.az\/wp-content\/uploads\/2025\/09\/dc72e3ab4872e02a7f8d47b296db95d1.jpg",870,500,false],"portraits":["https:\/\/arantv.az\/wp-content\/uploads\/2025\/09\/dc72e3ab4872e02a7f8d47b296db95d1.jpg",870,500,false],"thumbnail":["https:\/\/arantv.az\/wp-content\/uploads\/2025\/09\/dc72e3ab4872e02a7f8d47b296db95d1-500x280.jpg",500,280,true],"medium":["https:\/\/arantv.az\/wp-content\/uploads\/2025\/09\/dc72e3ab4872e02a7f8d47b296db95d1-635x365.jpg",635,365,true],"large":["https:\/\/arantv.az\/wp-content\/uploads\/2025\/09\/dc72e3ab4872e02a7f8d47b296db95d1-840x483.jpg",640,368,true],"1536x1536":["https:\/\/arantv.az\/wp-content\/uploads\/2025\/09\/dc72e3ab4872e02a7f8d47b296db95d1.jpg",870,500,false],"2048x2048":["https:\/\/arantv.az\/wp-content\/uploads\/2025\/09\/dc72e3ab4872e02a7f8d47b296db95d1.jpg",870,500,false],"post-thumbnail":["https:\/\/arantv.az\/wp-content\/uploads\/2025\/09\/dc72e3ab4872e02a7f8d47b296db95d1-240x172.jpg",240,172,true],"advps-thumb-one":["https:\/\/arantv.az\/wp-content\/uploads\/2025\/09\/dc72e3ab4872e02a7f8d47b296db95d1.jpg",870,500,false]},"rttpg_author":{"display_name":"V\u00fcsal Rafiqo\u011flu","author_link":"https:\/\/arantv.az\/?author=2"},"rttpg_comment":0,"rttpg_category":"<a href=\"https:\/\/arantv.az\/?cat=19\" rel=\"category\">G\u00fcnd\u0259m<\/a>","rttpg_excerpt":"2025-ci il sentyabr\u0131n 3-d\u0259 Az\u0259rbaycan\u0131n \u201cEkonomiks\u201d Beyn\u0259lxalq \u0130qtisadi Ara\u015fd\u0131rmalar \u0130ctimai Birliyi Erm\u0259nistan\u0131n idxal-ixrac \u0259m\u0259liyyatlar\u0131n\u0131n iqtisadi t\u0259hlili il\u0259 \u0259laq\u0259dar xeyli m\u00fcdd\u0259tdir apard\u0131\u011f\u0131 t\u0259dqiqat\u0131n bir hiss\u0259sinin n\u0259tic\u0259l\u0259rini a\u00e7\u0131qlay\u0131b. \u0130ctimai Birliyin s\u0259dri, sabiq maliyy\u0259 naziri Fikr\u0259t Yusifov ke\u00e7irdiyi brifinqd\u0259 b\u0259yan edib ki, Rusiyaya Ukrayna m\u00fcharib\u0259si il\u0259 \u0259laq\u0259dar t\u0259tbiq edil\u0259n beyn\u0259lxalq sanksiyalardan sonra Erm\u0259nistan\u0131n xarici ticar\u0259t d\u00f6vriyy\u0259sind\u0259 q\u0259fil \u201cyerind\u0259n&hellip;","_links":{"self":[{"href":"https:\/\/arantv.az\/index.php?rest_route=\/wp\/v2\/posts\/824296"}],"collection":[{"href":"https:\/\/arantv.az\/index.php?rest_route=\/wp\/v2\/posts"}],"about":[{"href":"https:\/\/arantv.az\/index.php?rest_route=\/wp\/v2\/types\/post"}],"author":[{"embeddable":true,"href":"https:\/\/arantv.az\/index.php?rest_route=\/wp\/v2\/users\/2"}],"replies":[{"embeddable":true,"href":"https:\/\/arantv.az\/index.php?rest_route=%2Fwp%2Fv2%2Fcomments&post=824296"}],"version-history":[{"count":1,"href":"https:\/\/arantv.az\/index.php?rest_route=\/wp\/v2\/posts\/824296\/revisions"}],"predecessor-version":[{"id":824298,"href":"https:\/\/arantv.az\/index.php?rest_route=\/wp\/v2\/posts\/824296\/revisions\/824298"}],"wp:featuredmedia":[{"embeddable":true,"href":"https:\/\/arantv.az\/index.php?rest_route=\/wp\/v2\/media\/824297"}],"wp:attachment":[{"href":"https:\/\/arantv.az\/index.php?rest_route=%2Fwp%2Fv2%2Fmedia&parent=824296"}],"wp:term":[{"taxonomy":"category","embeddable":true,"href":"https:\/\/arantv.az\/index.php?rest_route=%2Fwp%2Fv2%2Fcategories&post=824296"},{"taxonomy":"post_tag","embeddable":true,"href":"https:\/\/arantv.az\/index.php?rest_route=%2Fwp%2Fv2%2Ftags&post=824296"}],"curies":[{"name":"wp","href":"https:\/\/api.w.org\/{rel}","templated":true}]}}