{"id":824308,"date":"2025-09-03T16:34:00","date_gmt":"2025-09-03T12:34:00","guid":{"rendered":"https:\/\/arantv.az\/?p=824308"},"modified":"2025-09-03T16:34:00","modified_gmt":"2025-09-03T12:34:00","slug":"bu-burcl%c9%99rin-sentyabrda-varlanmaq-sansi-var","status":"publish","type":"post","link":"https:\/\/arantv.az\/?p=824308","title":{"rendered":"Bu B\u00dcRCL\u018fR\u0130N sentyabrda varlanmaq \u015fans\u0131 var"},"content":{"rendered":"<p><strong>Sentyabr \u00fcst\u00fc\u00f6rt\u00fcl\u00fc \u015f\u0259kild\u0259 d\u00f6n\u00fc\u015f n\u00f6qt\u0259si say\u0131lan ayd\u0131r. Yay h\u0259r k\u0259s \u00fc\u00e7\u00fcn istirah\u0259t d\u00f6vr\u00fcd\u00fcr, ondan sonra layih\u0259l\u0259r \u00fcz\u0259rind\u0259 i\u015fl\u0259m\u0259k v\u0259 t\u0259hsil almaqdan ibar\u0259t aktiv m\u0259rh\u0259l\u0259 g\u0259lir.<\/strong><\/p>\n<p>\u0130nsanlar h\u0259mi\u015f\u0259 pay\u0131z\u0131n \u0259vv\u0259lind\u0259 i\u015f\u0259 ba\u015flayacaqlar\u0131n\u0131 v\u0259 yax\u0131n g\u0259l\u0259c\u0259kd\u0259 s\u0259yl\u0259rinin n\u0259tic\u0259sini g\u00f6r\u0259 bil\u0259c\u0259kl\u0259rini g\u00f6zl\u0259yirl\u0259r. 2025-ci ild\u0259 bel\u0259 olacaq, lakin b\u00fct\u00fcn hallarda deyil. Yaln\u0131z b\u0259zi insanlar bu ilin sentyabr\u0131nda u\u011fur qazanacaq v\u0259 varlanmaq \u015fans\u0131 \u0259ld\u0259 ed\u0259c\u0259kl\u0259r.<\/p>\n<p><strong>Bu\u011fa<\/strong><\/p>\n<p>Onlar\u0131n xarakteri el\u0259dir ki, he\u00e7 vaxt yar\u0131da dayanm\u0131rlar. Bu\u011fa h\u0259m d\u0259 praktikliyi, resurslar\u0131n\u0131 rasional \u015f\u0259kild\u0259 b\u00f6l\u00fc\u015fd\u00fcrm\u0259 qabiliyy\u0259ti il\u0259 se\u00e7ilir.<\/p>\n<p>2025-ci ilin sentyabr ay\u0131n\u0131n \u0259vv\u0259lind\u0259 onlar m\u0259mnuniyy\u0259tl\u0259 onlara t\u0259klif olunan i\u015fi q\u0259bul ed\u0259c\u0259k, i\u015f \u00fc\u00e7\u00fcn dar\u0131xd\u0131qlar\u0131n\u0131 v\u0259 \u00f6zl\u0259rini tamamil\u0259 buna h\u0259sr etm\u0259y\u0259 haz\u0131r olduqlar\u0131n\u0131 qeyd ed\u0259c\u0259kl\u0259r.<\/p>\n<p>Bel\u0259 yana\u015fma, bu c\u00fcr f\u0259aliyy\u0259t onlara m\u0259qs\u0259dl\u0259rin\u0259 tez \u00e7atma\u011fa, ham\u0131n\u0131n onlardan g\u00f6zl\u0259diyini \u0259ld\u0259 etm\u0259y\u0259 k\u00f6m\u0259k ed\u0259c\u0259k. Bu\u011falar s\u0259yl\u0259rin\u0259 g\u00f6r\u0259 maddi m\u00fckafat alacaqlar, yeri g\u0259lmi\u015fk\u0259n, buna layiq olacaqlar.<\/p>\n<p><strong>Qo\u00e7<\/strong><\/p>\n<p>Bu b\u00fcrc\u00fcn insanlar\u0131 uzun m\u00fcdd\u0259t n\u0259 etdikl\u0259rini gizl\u0259dirl\u0259r. B\u00fct\u00fcn yay, Qo\u00e7 \u00f6z layih\u0259si \u00fcz\u0259rind\u0259 i\u015fl\u0259di, ona resurslar qoydu v\u0259 he\u00e7 kimi maraqland\u0131ra bil\u0259c\u0259yin\u0259 inanmad\u0131.<\/p>\n<p>Sentyabr ay\u0131nda onlar\u0131n inki\u015faf\u0131 t\u0259sad\u00fcf\u0259n r\u0259hb\u0259rliyin diqq\u0259tini \u00e7\u0259k\u0259c\u0259k v\u0259 bu, bu b\u00fcrc\u00fcn n\u00fcmay\u0259nd\u0259l\u0259rinin n\u0259 il\u0259 g\u0259ldiyini a\u00e7\u0131qlama\u011fa ba\u015flayacaq.\u00a0 (lent.az)<\/p>\n","protected":false},"excerpt":{"rendered":"<p>Sentyabr \u00fcst\u00fc\u00f6rt\u00fcl\u00fc \u015f\u0259kild\u0259 d\u00f6n\u00fc\u015f n\u00f6qt\u0259si say\u0131lan ayd\u0131r. Yay h\u0259r k\u0259s \u00fc\u00e7\u00fcn istirah\u0259t d\u00f6vr\u00fcd\u00fcr, ondan sonra layih\u0259l\u0259r \u00fcz\u0259rind\u0259 i\u015fl\u0259m\u0259k v\u0259 t\u0259hsil almaqdan ibar\u0259t aktiv m\u0259rh\u0259l\u0259 g\u0259lir. \u0130nsanlar h\u0259mi\u015f\u0259 pay\u0131z\u0131n \u0259vv\u0259lind\u0259 i\u015f\u0259 ba\u015flayacaqlar\u0131n\u0131 v\u0259 yax\u0131n g\u0259l\u0259c\u0259kd\u0259 s\u0259yl\u0259rinin n\u0259tic\u0259sini g\u00f6r\u0259 bil\u0259c\u0259kl\u0259rini g\u00f6zl\u0259yirl\u0259r. 2025-ci ild\u0259 bel\u0259 olacaq, lakin b\u00fct\u00fcn hallarda deyil. Yaln\u0131z b\u0259zi insanlar bu ilin sentyabr\u0131nda u\u011fur qazanacaq v\u0259 varlanmaq \u015fans\u0131 \u0259ld\u0259 ed\u0259c\u0259kl\u0259r. Bu\u011fa Onlar\u0131n xarakteri el\u0259dir ki, he\u00e7 vaxt yar\u0131da dayanm\u0131rlar. Bu\u011fa h\u0259m d\u0259 praktikliyi, resurslar\u0131n\u0131 rasional \u015f\u0259kild\u0259 b\u00f6l\u00fc\u015fd\u00fcrm\u0259 qabiliyy\u0259ti il\u0259 se\u00e7ilir. 2025-ci ilin sentyabr ay\u0131n\u0131n \u0259vv\u0259lind\u0259 onlar m\u0259mnuniyy\u0259tl\u0259 onlara t\u0259klif olunan&hellip;<\/p>\n","protected":false},"author":2,"featured_media":824309,"comment_status":"closed","ping_status":"closed","sticky":false,"template":"","format":"standard","meta":{"om_disable_all_campaigns":false,"_monsterinsights_skip_tracking":false,"_monsterinsights_sitenote_active":false,"_monsterinsights_sitenote_note":"","_monsterinsights_sitenote_category":0},"categories":[24],"tags":[],"aioseo_notices":[],"gutentor_comment":0,"rttpg_featured_image_url":{"full":["https:\/\/arantv.az\/wp-content\/uploads\/2025\/09\/a94a0f4f05fc4ea36e887878bdc373ea.jpg",740,493,false],"landscape":["https:\/\/arantv.az\/wp-content\/uploads\/2025\/09\/a94a0f4f05fc4ea36e887878bdc373ea.jpg",740,493,false],"portraits":["https:\/\/arantv.az\/wp-content\/uploads\/2025\/09\/a94a0f4f05fc4ea36e887878bdc373ea.jpg",740,493,false],"thumbnail":["https:\/\/arantv.az\/wp-content\/uploads\/2025\/09\/a94a0f4f05fc4ea36e887878bdc373ea-500x280.jpg",500,280,true],"medium":["https:\/\/arantv.az\/wp-content\/uploads\/2025\/09\/a94a0f4f05fc4ea36e887878bdc373ea-548x365.jpg",548,365,true],"large":["https:\/\/arantv.az\/wp-content\/uploads\/2025\/09\/a94a0f4f05fc4ea36e887878bdc373ea.jpg",640,426,false],"1536x1536":["https:\/\/arantv.az\/wp-content\/uploads\/2025\/09\/a94a0f4f05fc4ea36e887878bdc373ea.jpg",740,493,false],"2048x2048":["https:\/\/arantv.az\/wp-content\/uploads\/2025\/09\/a94a0f4f05fc4ea36e887878bdc373ea.jpg",740,493,false],"post-thumbnail":["https:\/\/arantv.az\/wp-content\/uploads\/2025\/09\/a94a0f4f05fc4ea36e887878bdc373ea-240x172.jpg",240,172,true],"advps-thumb-one":["https:\/\/arantv.az\/wp-content\/uploads\/2025\/09\/a94a0f4f05fc4ea36e887878bdc373ea.jpg",740,493,false]},"rttpg_author":{"display_name":"V\u00fcsal Rafiqo\u011flu","author_link":"https:\/\/arantv.az\/?author=2"},"rttpg_comment":0,"rttpg_category":"<a href=\"https:\/\/arantv.az\/?cat=24\" rel=\"category\">Maraql\u0131<\/a>","rttpg_excerpt":"Sentyabr \u00fcst\u00fc\u00f6rt\u00fcl\u00fc \u015f\u0259kild\u0259 d\u00f6n\u00fc\u015f n\u00f6qt\u0259si say\u0131lan ayd\u0131r. Yay h\u0259r k\u0259s \u00fc\u00e7\u00fcn istirah\u0259t d\u00f6vr\u00fcd\u00fcr, ondan sonra layih\u0259l\u0259r \u00fcz\u0259rind\u0259 i\u015fl\u0259m\u0259k v\u0259 t\u0259hsil almaqdan ibar\u0259t aktiv m\u0259rh\u0259l\u0259 g\u0259lir. \u0130nsanlar h\u0259mi\u015f\u0259 pay\u0131z\u0131n \u0259vv\u0259lind\u0259 i\u015f\u0259 ba\u015flayacaqlar\u0131n\u0131 v\u0259 yax\u0131n g\u0259l\u0259c\u0259kd\u0259 s\u0259yl\u0259rinin n\u0259tic\u0259sini g\u00f6r\u0259 bil\u0259c\u0259kl\u0259rini g\u00f6zl\u0259yirl\u0259r. 2025-ci ild\u0259 bel\u0259 olacaq, lakin b\u00fct\u00fcn hallarda deyil. Yaln\u0131z b\u0259zi insanlar bu ilin sentyabr\u0131nda u\u011fur qazanacaq&hellip;","_links":{"self":[{"href":"https:\/\/arantv.az\/index.php?rest_route=\/wp\/v2\/posts\/824308"}],"collection":[{"href":"https:\/\/arantv.az\/index.php?rest_route=\/wp\/v2\/posts"}],"about":[{"href":"https:\/\/arantv.az\/index.php?rest_route=\/wp\/v2\/types\/post"}],"author":[{"embeddable":true,"href":"https:\/\/arantv.az\/index.php?rest_route=\/wp\/v2\/users\/2"}],"replies":[{"embeddable":true,"href":"https:\/\/arantv.az\/index.php?rest_route=%2Fwp%2Fv2%2Fcomments&post=824308"}],"version-history":[{"count":1,"href":"https:\/\/arantv.az\/index.php?rest_route=\/wp\/v2\/posts\/824308\/revisions"}],"predecessor-version":[{"id":824310,"href":"https:\/\/arantv.az\/index.php?rest_route=\/wp\/v2\/posts\/824308\/revisions\/824310"}],"wp:featuredmedia":[{"embeddable":true,"href":"https:\/\/arantv.az\/index.php?rest_route=\/wp\/v2\/media\/824309"}],"wp:attachment":[{"href":"https:\/\/arantv.az\/index.php?rest_route=%2Fwp%2Fv2%2Fmedia&parent=824308"}],"wp:term":[{"taxonomy":"category","embeddable":true,"href":"https:\/\/arantv.az\/index.php?rest_route=%2Fwp%2Fv2%2Fcategories&post=824308"},{"taxonomy":"post_tag","embeddable":true,"href":"https:\/\/arantv.az\/index.php?rest_route=%2Fwp%2Fv2%2Ftags&post=824308"}],"curies":[{"name":"wp","href":"https:\/\/api.w.org\/{rel}","templated":true}]}}